{"id":62300,"date":"2026-03-13T23:08:34","date_gmt":"2026-03-14T02:08:34","guid":{"rendered":"https:\/\/ejornais.com.br\/index.php\/2026\/03\/13\/guaratingueta-estreia-na-liga-paulista-de-futsal-neste-sabado-prefeitura-estancia-turistica-guaratingueta\/"},"modified":"2026-03-13T23:08:34","modified_gmt":"2026-03-14T02:08:34","slug":"guaratingueta-estreia-na-liga-paulista-de-futsal-neste-sabado-prefeitura-estancia-turistica-guaratingueta","status":"publish","type":"post","link":"https:\/\/ejornais.com.br\/index.php\/2026\/03\/13\/guaratingueta-estreia-na-liga-paulista-de-futsal-neste-sabado-prefeitura-estancia-turistica-guaratingueta\/","title":{"rendered":"Guaratinguet\u00e1 estreia na Liga Paulista de Futsal neste s\u00e1bado \u2013 Prefeitura Est\u00e2ncia Tur\u00edstica Guaratinguet\u00e1"},"content":{"rendered":"<p><\/p>\n<div>\n<p>As equipes do Guar\u00e1 Futsal, com apoio da Prefeitura de Guaratinguet\u00e1 por meio da Secretaria de Esportes, estreiam neste s\u00e1bado (14) na Liga Paulista de Futsal.<\/p>\n<p>As partidas ser\u00e3o disputadas contra a equipe de Extrema (MG), nas categorias Sub-11, Sub-13, Sub-15 e Sub-17, reunindo jovens talentos do futsal em confrontos que marcam o in\u00edcio da competi\u00e7\u00e3o.<\/p>\n<p>\ud83d\uddd3\ufe0f Data: 14\/03 (s\u00e1bado)<br \/>\u23f0 In\u00edcio das partidas: 14h<br \/>\ud83d\udccd Local: Complexo Esportivo Parque do Sol<\/p>\n<p>A popula\u00e7\u00e3o est\u00e1 convidada a prestigiar e apoiar os jovens atletas de Guaratinguet\u00e1 nesta importante competi\u00e7\u00e3o.<\/p>\n<\/p><\/div>\n","protected":false},"excerpt":{"rendered":"<p>As equipes do Guar\u00e1 Futsal, com apoio da Prefeitura de Guaratinguet\u00e1 por meio da Secretaria de Esportes, estreiam neste s\u00e1bado<\/p>\n","protected":false},"author":2,"featured_media":0,"comment_status":"","ping_status":"","sticky":false,"template":"","format":"standard","meta":{"colormag_page_container_layout":"default_layout","colormag_page_sidebar_layout":"default_layout","footnotes":""},"categories":[1],"tags":[],"class_list":["post-62300","post","type-post","status-publish","format-standard","hentry","category-ejornais"],"aioseo_notices":[],"amp_enabled":true,"_links":{"self":[{"href":"https:\/\/ejornais.com.br\/index.php\/wp-json\/wp\/v2\/posts\/62300","targetHints":{"allow":["GET"]}}],"collection":[{"href":"https:\/\/ejornais.com.br\/index.php\/wp-json\/wp\/v2\/posts"}],"about":[{"href":"https:\/\/ejornais.com.br\/index.php\/wp-json\/wp\/v2\/types\/post"}],"author":[{"embeddable":true,"href":"https:\/\/ejornais.com.br\/index.php\/wp-json\/wp\/v2\/users\/2"}],"replies":[{"embeddable":true,"href":"https:\/\/ejornais.com.br\/index.php\/wp-json\/wp\/v2\/comments?post=62300"}],"version-history":[{"count":0,"href":"https:\/\/ejornais.com.br\/index.php\/wp-json\/wp\/v2\/posts\/62300\/revisions"}],"wp:attachment":[{"href":"https:\/\/ejornais.com.br\/index.php\/wp-json\/wp\/v2\/media?parent=62300"}],"wp:term":[{"taxonomy":"category","embeddable":true,"href":"https:\/\/ejornais.com.br\/index.php\/wp-json\/wp\/v2\/categories?post=62300"},{"taxonomy":"post_tag","embeddable":true,"href":"https:\/\/ejornais.com.br\/index.php\/wp-json\/wp\/v2\/tags?post=62300"}],"curies":[{"name":"wp","href":"https:\/\/api.w.org\/{rel}","templated":true}]}}