{"id":63254,"date":"2026-03-30T16:37:43","date_gmt":"2026-03-30T19:37:43","guid":{"rendered":"https:\/\/ejornais.com.br\/index.php\/2026\/03\/30\/entenda-doenca-que-preocupa-mato-grosso-do-sul\/"},"modified":"2026-03-30T16:37:43","modified_gmt":"2026-03-30T19:37:43","slug":"entenda-doenca-que-preocupa-mato-grosso-do-sul","status":"publish","type":"post","link":"https:\/\/ejornais.com.br\/index.php\/2026\/03\/30\/entenda-doenca-que-preocupa-mato-grosso-do-sul\/","title":{"rendered":"entenda doen\u00e7a que preocupa Mato Grosso do Sul"},"content":{"rendered":"<p> Por MRNews<br \/>\n<\/p>\n<div wp_automatic_readability=\"128.75323331609\">\n<p>O governo federal reconheceu situa\u00e7\u00e3o de emerg\u00eancia em sa\u00fade p\u00fablica no munic\u00edpio de Dourados (MS) em raz\u00e3o de doen\u00e7as infecciosas virais, incluindo diversos casos de infec\u00e7\u00e3o por <em>Chikungunya<\/em>. Na \u00faltima sexta-feira (27), a prefeitura j\u00e1 havia editado decreto declarando situa\u00e7\u00e3o de emerg\u00eancia em \u00e1reas do munic\u00edpio afetadas pela doen\u00e7a.<\/p>\n<p><strong>Dados do boletim epidemiol\u00f3gico divulgado pouco antes indicam 1.455 casos prov\u00e1veis, 785\u00a0confirmados, 900\u00a0em investiga\u00e7\u00e3o e 39 interna\u00e7\u00f5es na \u00e1rea urbana. Tamb\u00e9m h\u00e1 539 casos em investiga\u00e7\u00e3o, 629\u00a0confirmados e\u00a01.168\u00a0prov\u00e1veis, al\u00e9m de sete interna\u00e7\u00f5es, 428 casos com atendimento hospitalar e cinco \u00f3bitos confirmados na Reserva Ind\u00edgena de Dourados.<\/strong><\/p>\n<p>Em nota, a Secretaria de Sa\u00fade de Mato Grosso do Sul informou que o estado vai receber doses da vacina contra o Chikungunya como parte de uma estrat\u00e9gia piloto elaborada pelo Minist\u00e9rio da Sa\u00fade. A inclus\u00e3o do estado ocorre ap\u00f3s solicita\u00e7\u00e3o formal ao governo federal, motivada pelo cen\u00e1rio epidemiol\u00f3gico de arboviroses registrado em Dourados, sobretudo em territ\u00f3rios ind\u00edgenas.<\/p>\n<p><strong><a href=\"https:\/\/mrnews.com.br\/index.php\/2026\/03\/30\/ibge-atualiza-limites-territoriais-do-brasil-veja-o-que-mudou\/\">IBGE atualiza limites territoriais do Brasil; veja o que mudou<\/a><\/strong><\/p>\n<p><strong><a href=\"https:\/\/mrnews.com.br\/index.php\/2026\/03\/30\/bolsonaro-tem-24h-para-explicar-fala-de-eduardo-sobre-acesso-a-video\/\">Bolsonaro tem 24h para explicar fala de Eduardo sobre acesso a v\u00eddeo<\/a><\/strong><\/p>\n<p>&gt;&gt; Siga o canal da <strong>Ag\u00eancia Brasil <\/strong>no WhatsApp<\/p>\n<h2>A doen\u00e7a<\/h2>\n<p><strong>A chikungunya \u00e9 uma arbovirose cujo agente etiol\u00f3gico \u00e9 transmitido pela picada de f\u00eameas infectadas do g\u00eanero <em>Aedes<\/em>. De acordo com o minist\u00e9rio, no Brasil, at\u00e9 o momento, o vetor envolvido na transmiss\u00e3o \u00e9 o <em>Aedes aegypti<\/em><\/strong>. Introduzido no continente americano em 2013, o v\u00edrus\u00a0foi respons\u00e1vel por uma epidemia em diversos pa\u00edses da Am\u00e9rica Central e nas ilhas do Caribe.<\/p>\n<p>No segundo semestre de 2014, o Brasil confirmou, por m\u00e9todos laboratoriais, a presen\u00e7a da doen\u00e7a nos estados do Amap\u00e1 e da Bahia.<strong> Atualmente, todos os estados registram transmiss\u00e3o do arbov\u00edrus<\/strong>. Em 2023, o minist\u00e9rio cita uma importante dispers\u00e3o territorial do v\u00edrus no pa\u00eds, principalmente em estados da Regi\u00e3o Sudeste. Anteriormente, as maiores incid\u00eancias de chikungunya concentravam-se no Nordeste.<\/p>\n<p><strong>As principais caracter\u00edsticas cl\u00ednicas da infec\u00e7\u00e3o s\u00e3o edema e dor articular incapacitante, mas tamb\u00e9m podem ocorrer manifesta\u00e7\u00f5es extra-articulares. Casos graves podem demandar interna\u00e7\u00e3o hospitalar e evoluir para \u00f3bito. <\/strong>O v\u00edrus tamb\u00e9m pode causar doen\u00e7a neuroinvasiva, caracterizada por agravos neurol\u00f3gicos como encefalite, mielite, meningoencefalite, s\u00edndrome de Guillain-Barr\u00e9, s\u00edndrome cerebelar, paresias, paralisias e neuropatias.<\/p>\n<p><strong><a href=\"https:\/\/mrnews.com.br\/index.php\/2026\/03\/30\/forca-integrada-contra-o-crime-apreende-mais-de-1-tonelada-de-drogas\/\">For\u00e7a integrada contra o crime\u00a0apreende mais de 1 tonelada de drogas<\/a><\/strong><\/p>\n<p><strong><a href=\"https:\/\/mrnews.com.br\/index.php\/2026\/03\/30\/galipolo-ve-brasil-mais-protegido-da-volatilidade-que-outros-paises\/\">Gal\u00edpolo v\u00ea Brasil mais protegido da volatilidade que outros pa\u00edses<\/a><\/strong><\/p>\n<h2>Sintomas<\/h2>\n<p>Os principais sintomas da infec\u00e7\u00e3o pelo v\u00edrus Chikungunya, de acordo com o minist\u00e9rio, s\u00e3o:<\/p>\n<ul>\n<li>Febre;<\/li>\n<li>dores musculares;<\/li>\n<li>dor de cabe\u00e7a;<\/li>\n<li>dores intensas nas articula\u00e7\u00f5es;<\/li>\n<li>manchas vermelhas pelo corpo;<\/li>\n<li>dor atr\u00e1s dos olhos;<\/li>\n<li>dor nas costas;<\/li>\n<li>conjuntivite n\u00e3o purulenta;<\/li>\n<li>n\u00e1useas e v\u00f4mitos;<\/li>\n<li>edema nas articula\u00e7\u00f5es (geralmente as mesmas afetadas pela dor intensa);<\/li>\n<li>prurido (coceira) na pele, que pode ser generalizada, ou localizada apenas nas palmas das m\u00e3os e plantas dos p\u00e9s;<\/li>\n<li>diarreia e\/ou dor abdominal (manifesta\u00e7\u00f5es do trato gastrointestinal s\u00e3o mais presentes em crian\u00e7as);<\/li>\n<li>dor de garganta;<\/li>\n<li>calafrios.<\/li>\n<\/ul>\n<h2>Fases<\/h2>\n<p>Segundo a pasta, a doen\u00e7a pode evoluir em tr\u00eas fases:<\/p>\n<ul>\n<li>Febril ou aguda, com dura\u00e7\u00e3o de cinco\u00a0a 14 dias;<\/li>\n<li>p\u00f3s-aguda, com curso de 15 a 90 dias;<\/li>\n<li>cr\u00f4nica, caso os sintomas persistam por mais de 90 dias. Em mais de 50% dos casos, a artralgia (dor nas articula\u00e7\u00f5es) torna-se cr\u00f4nica, podendo persistir por anos.<\/li>\n<\/ul>\n<p>\u201c\u00c9 poss\u00edvel que se desenvolvam manifesta\u00e7\u00f5es extra-articulares, ou sist\u00eamicas: no sistema nervoso, cardiovascular, pele, rins e outros\u201d, destacou o minist\u00e9rio.<\/p>\n<h2>Diagn\u00f3stico<\/h2>\n<p><strong>O diagn\u00f3stico da chikungunya tem componentes cl\u00ednicos e laboratoriais e deve ser feito por um m\u00e9dico. Todos os exames laboratoriais para acompanhamento do quadro cl\u00ednico e os testes diagn\u00f3sticos (sorol\u00f3gicos e moleculares) est\u00e3o dispon\u00edveis no Sistema \u00danico de Sa\u00fade (SUS).<\/strong><\/p>\n<p>Em caso de suspeita da doen\u00e7a, a orienta\u00e7\u00e3o do minist\u00e9rio \u00e9 que a notifica\u00e7\u00e3o seja inserida no Sistema de Informa\u00e7\u00e3o de Agravos de Notifica\u00e7\u00e3o (Sinan Online) em at\u00e9 sete dias. J\u00e1 em caso de \u00f3bitos, a notifica\u00e7\u00e3o deve ser feita \u00e0 pr\u00f3pria pasta em at\u00e9 24 horas.<\/p>\n<p>Deve-se considerar como caso suspeito paciente\u00a0que apresente\u00a0febre de in\u00edcio s\u00fabito, acompanhada de artralgia ou artrite intensa (dor nas articula\u00e7\u00f5es) de in\u00edcio agudo, n\u00e3o explicado por outras condi\u00e7\u00f5es, residente\u00a0em (ou que tenha visitado) \u00e1reas com transmiss\u00e3o at\u00e9 duas semanas antes de come\u00e7ar os sintomas, ou que tenha\u00a0v\u00ednculo epidemiol\u00f3gico com caso confirmado.<\/p>\n<h2>Tratamento<\/h2>\n<p>O tratamento da infec\u00e7\u00e3o por Chikungunya \u00e9 feito de acordo com os sintomas, j\u00e1 que, at\u00e9 o momento, n\u00e3o h\u00e1 tratamento antiviral espec\u00edfico para a doen\u00e7a. A terapia utilizada \u00e9 analgesia e suporte.<\/p>\n<p>A orienta\u00e7\u00e3o do minist\u00e9rio aos profissionais de sa\u00fade \u00e9 estimular a hidrata\u00e7\u00e3o oral dos pacientes e que a escolha dos medicamentos seja realizada ap\u00f3s a avalia\u00e7\u00e3o do quadro cl\u00ednico, com aplica\u00e7\u00e3o de escalas de dor apropriadas para cada idade e fase da doen\u00e7a.<\/p>\n<p>Em casos de comprometimento musculoesquel\u00e9tico importante, e sob avalia\u00e7\u00e3o m\u00e9dica conforme cada caso, pode ser recomendada ainda fisioterapia.<\/p>\n<p>\u201cEm caso de suspeita, com o surgimento de qualquer sintoma, \u00e9 fundamental procurar um profissional de sa\u00fade para o correto diagn\u00f3stico e prescri\u00e7\u00e3o dos medicamentos, evitando sempre a automedica\u00e7\u00e3o\u201d, refor\u00e7ou a pasta, citando que a automedica\u00e7\u00e3o pode mascarar sintomas, dificultando o diagn\u00f3stico e agravando o quadro.<\/p>\n<\/div>\n","protected":false},"excerpt":{"rendered":"<p>Por MRNews O governo federal reconheceu situa\u00e7\u00e3o de emerg\u00eancia em sa\u00fade p\u00fablica no munic\u00edpio de Dourados (MS) em raz\u00e3o de<\/p>\n","protected":false},"author":2,"featured_media":0,"comment_status":"","ping_status":"","sticky":false,"template":"","format":"standard","meta":{"colormag_page_container_layout":"default_layout","colormag_page_sidebar_layout":"default_layout","footnotes":""},"categories":[1],"tags":[],"class_list":["post-63254","post","type-post","status-publish","format-standard","hentry","category-ejornais"],"aioseo_notices":[],"amp_enabled":true,"_links":{"self":[{"href":"https:\/\/ejornais.com.br\/index.php\/wp-json\/wp\/v2\/posts\/63254","targetHints":{"allow":["GET"]}}],"collection":[{"href":"https:\/\/ejornais.com.br\/index.php\/wp-json\/wp\/v2\/posts"}],"about":[{"href":"https:\/\/ejornais.com.br\/index.php\/wp-json\/wp\/v2\/types\/post"}],"author":[{"embeddable":true,"href":"https:\/\/ejornais.com.br\/index.php\/wp-json\/wp\/v2\/users\/2"}],"replies":[{"embeddable":true,"href":"https:\/\/ejornais.com.br\/index.php\/wp-json\/wp\/v2\/comments?post=63254"}],"version-history":[{"count":0,"href":"https:\/\/ejornais.com.br\/index.php\/wp-json\/wp\/v2\/posts\/63254\/revisions"}],"wp:attachment":[{"href":"https:\/\/ejornais.com.br\/index.php\/wp-json\/wp\/v2\/media?parent=63254"}],"wp:term":[{"taxonomy":"category","embeddable":true,"href":"https:\/\/ejornais.com.br\/index.php\/wp-json\/wp\/v2\/categories?post=63254"},{"taxonomy":"post_tag","embeddable":true,"href":"https:\/\/ejornais.com.br\/index.php\/wp-json\/wp\/v2\/tags?post=63254"}],"curies":[{"name":"wp","href":"https:\/\/api.w.org\/{rel}","templated":true}]}}