{"id":63493,"date":"2026-04-03T16:05:26","date_gmt":"2026-04-03T19:05:26","guid":{"rendered":"https:\/\/ejornais.com.br\/index.php\/2026\/04\/03\/motocicleta-furtada-e-localizada-pela-gcm-em-area-de-mata-na-regiao-do-granja-olga-agencia-de-noticias\/"},"modified":"2026-04-03T16:05:26","modified_gmt":"2026-04-03T19:05:26","slug":"motocicleta-furtada-e-localizada-pela-gcm-em-area-de-mata-na-regiao-do-granja-olga-agencia-de-noticias","status":"publish","type":"post","link":"https:\/\/ejornais.com.br\/index.php\/2026\/04\/03\/motocicleta-furtada-e-localizada-pela-gcm-em-area-de-mata-na-regiao-do-granja-olga-agencia-de-noticias\/","title":{"rendered":"Motocicleta furtada \u00e9 localizada pela GCM em \u00e1rea de mata na regi\u00e3o do Granja Olga \u2013 Ag\u00eancia de Not\u00edcias"},"content":{"rendered":"<p><\/p>\n<div wp_automatic_readability=\"31\">\n<div class=\"col\" wp_automatic_readability=\"7\">\n<p class=\"mt-0\">\n                        <strong><br \/>\n                            <span class=\"far fa-calendar mr-1 mt-2\"\/><br \/>\n                            3 de abril de 2026<br \/>\n                            <span class=\"far fa-clock ml-3 mt-2\"\/><br \/>\n                            13:37<br \/>\n                        <\/strong>\n                    <\/p>\n<p class=\"mb-0\">Por: <strong>Eduardo Santinon (esantinon@sorocaba.sp.gov.br)<\/strong><\/p>\n<\/p><\/div>\n<\/p><\/div>\n<div wp_automatic_readability=\"58\">\n<figure id=\"attachment_184673\" aria-describedby=\"caption-attachment-184673\" style=\"width: 1024px\" class=\"wp-caption aligncenter\"><figcaption id=\"caption-attachment-184673\" class=\"wp-caption-text\">Fotos: GCM<\/figcaption><\/figure>\n<p><span style=\"font-weight: 400;\">A Guarda Civil Municipal (GCM) de Sorocaba localizou, na manh\u00e3 de quinta-feira (2), uma motocicleta furtada que estava abandonada em \u00e1rea de mata no fim da Avenida S\u00e3o Paulo e nas proximidades da Rua Cl\u00e1udio Evaso, regi\u00e3o do Residencial Granja Olga, Zona Leste da cidade.<\/span><\/p>\n<p><span style=\"font-weight: 400;\">Os guardas foram acionados pela equipe do Centro de Controle Operacional Integrado (CCOI), para averiguar uma den\u00fancia. No local, em meio \u00e0 mata, por volta das 9h, encontraram a motocicleta Honda CB Twister, \u00e0 qual constava o registro de furto.<\/span><\/p>\n<p><span style=\"font-weight: 400;\">Durante buscas nos arredores, ainda foram encontrados dois chassis de motocicletas, sendo um de modelo Honda CG-160 e outro de modelo Honda XRE 300.\u00a0<\/span><\/p>\n<p><span style=\"font-weight: 400;\">A ocorr\u00eancia foi apresentada no Plant\u00e3o da Pol\u00edcia Civil, onde foram adotadas as medidas legais. O propriet\u00e1rio do ve\u00edculo foi identificado pela GCM e compareceu \u00e0 unidade policial, para os procedimentos de restitui\u00e7\u00e3o.<\/span><\/p>\n<p><!-- Root element of PhotoSwipe. Must have class pswp. --><\/p>\n<p>\u00a0<\/p>\n<\/p><\/div>\n","protected":false},"excerpt":{"rendered":"<p>3 de abril de 2026 13:37 Por: Eduardo Santinon (esantinon@sorocaba.sp.gov.br) Fotos: GCM A Guarda Civil Municipal (GCM) de Sorocaba localizou,<\/p>\n","protected":false},"author":2,"featured_media":0,"comment_status":"","ping_status":"","sticky":false,"template":"","format":"standard","meta":{"colormag_page_container_layout":"default_layout","colormag_page_sidebar_layout":"default_layout","footnotes":""},"categories":[1],"tags":[],"class_list":["post-63493","post","type-post","status-publish","format-standard","hentry","category-ejornais"],"aioseo_notices":[],"aioseo_head":"\n\t\t<!-- All in One SEO 5.0.1.1 - aioseo.com -->\n\t<meta name=\"description\" content=\"3 de abril de 2026 13:37 Por: Eduardo Santinon (esantinon@sorocaba.sp.gov.br) A Guarda Civil Municipal (GCM) de Sorocaba localizou, na manh\u00e3 de quinta-feira (2), uma motocicleta furtada que estava abandonada em \u00e1rea de mata no fim da Avenida S\u00e3o Paulo e nas proximidades da Rua Cl\u00e1udio Evaso, regi\u00e3o do Residencial Granja Olga, Zona Leste da cidade.\" \/>\n\t<meta name=\"robots\" content=\"max-image-preview:large\" \/>\n\t<meta name=\"author\" content=\"admin1\"\/>\n\t<link rel=\"canonical\" href=\"https:\/\/ejornais.com.br\/index.php\/2026\/04\/03\/motocicleta-furtada-e-localizada-pela-gcm-em-area-de-mata-na-regiao-do-granja-olga-agencia-de-noticias\/\" \/>\n\t<meta name=\"generator\" content=\"All in One SEO (AIOSEO) 5.0.1.1\" \/>\n\t\t<meta property=\"og:locale\" content=\"pt_BR\" \/>\n\t\t<meta property=\"og:site_name\" content=\"eJornais - Cat\u00e1logo de Jornais no mundo, Not\u00edcias, Blog e Esportes ao vivo\" \/>\n\t\t<meta property=\"og:type\" content=\"article\" \/>\n\t\t<meta property=\"og:title\" content=\"Motocicleta furtada \u00e9 localizada pela GCM em \u00e1rea de mata na regi\u00e3o do Granja Olga \u2013 Ag\u00eancia de Not\u00edcias - eJornais\" \/>\n\t\t<meta property=\"og:description\" content=\"3 de abril de 2026 13:37 Por: Eduardo Santinon (esantinon@sorocaba.sp.gov.br) A Guarda Civil Municipal (GCM) de Sorocaba localizou, na manh\u00e3 de quinta-feira (2), uma motocicleta furtada que estava abandonada em \u00e1rea de mata no fim da Avenida S\u00e3o Paulo e nas proximidades da Rua Cl\u00e1udio Evaso, regi\u00e3o do Residencial Granja Olga, Zona Leste da cidade.\" \/>\n\t\t<meta property=\"og:url\" content=\"https:\/\/ejornais.com.br\/index.php\/2026\/04\/03\/motocicleta-furtada-e-localizada-pela-gcm-em-area-de-mata-na-regiao-do-granja-olga-agencia-de-noticias\/\" \/>\n\t\t<meta property=\"article:published_time\" content=\"2026-04-03T19:05:26+00:00\" \/>\n\t\t<meta property=\"article:modified_time\" content=\"2026-04-03T19:05:26+00:00\" \/>\n\t\t<meta name=\"twitter:card\" content=\"summary_large_image\" \/>\n\t\t<meta name=\"twitter:title\" content=\"Motocicleta furtada \u00e9 localizada pela GCM em \u00e1rea de mata na regi\u00e3o do Granja Olga \u2013 Ag\u00eancia de Not\u00edcias - eJornais\" \/>\n\t\t<meta name=\"twitter:description\" content=\"3 de abril de 2026 13:37 Por: Eduardo Santinon (esantinon@sorocaba.sp.gov.br) A Guarda Civil Municipal (GCM) de Sorocaba localizou, na manh\u00e3 de quinta-feira (2), uma motocicleta furtada que estava abandonada em \u00e1rea de mata no fim da Avenida S\u00e3o Paulo e nas proximidades da Rua Cl\u00e1udio Evaso, regi\u00e3o do Residencial Granja Olga, Zona Leste da cidade.\" \/>\n\t\t<script type=\"application\/ld+json\" class=\"aioseo-schema\">\n\t\t\t{\"@context\":\"https:\\\/\\\/schema.org\",\"@graph\":[{\"@type\":\"BlogPosting\",\"@id\":\"https:\\\/\\\/ejornais.com.br\\\/index.php\\\/2026\\\/04\\\/03\\\/motocicleta-furtada-e-localizada-pela-gcm-em-area-de-mata-na-regiao-do-granja-olga-agencia-de-noticias\\\/#blogposting\",\"name\":\"Motocicleta furtada \\u00e9 localizada pela GCM em \\u00e1rea de mata na regi\\u00e3o do Granja Olga \\u2013 Ag\\u00eancia de Not\\u00edcias - eJornais\",\"headline\":\"Motocicleta furtada \\u00e9 localizada pela GCM em \\u00e1rea de mata na regi\\u00e3o do Granja Olga \\u2013 Ag\\u00eancia de Not\\u00edcias\",\"author\":{\"@id\":\"https:\\\/\\\/ejornais.com.br\\\/index.php\\\/author\\\/admin1\\\/#author\"},\"publisher\":{\"@id\":\"https:\\\/\\\/ejornais.com.br\\\/#organization\"},\"datePublished\":\"2026-04-03T16:05:26-03:00\",\"dateModified\":\"2026-04-03T16:05:26-03:00\",\"inLanguage\":\"pt-BR\",\"mainEntityOfPage\":{\"@id\":\"https:\\\/\\\/ejornais.com.br\\\/index.php\\\/2026\\\/04\\\/03\\\/motocicleta-furtada-e-localizada-pela-gcm-em-area-de-mata-na-regiao-do-granja-olga-agencia-de-noticias\\\/#webpage\"},\"isPartOf\":{\"@id\":\"https:\\\/\\\/ejornais.com.br\\\/index.php\\\/2026\\\/04\\\/03\\\/motocicleta-furtada-e-localizada-pela-gcm-em-area-de-mata-na-regiao-do-granja-olga-agencia-de-noticias\\\/#webpage\"},\"articleSection\":\"Cat\\u00e1logo de Jornais\"},{\"@type\":\"BreadcrumbList\",\"@id\":\"https:\\\/\\\/ejornais.com.br\\\/index.php\\\/2026\\\/04\\\/03\\\/motocicleta-furtada-e-localizada-pela-gcm-em-area-de-mata-na-regiao-do-granja-olga-agencia-de-noticias\\\/#breadcrumblist\",\"itemListElement\":[{\"@type\":\"ListItem\",\"@id\":\"https:\\\/\\\/ejornais.com.br#listItem\",\"position\":1,\"name\":\"In\\u00edcio\",\"item\":\"https:\\\/\\\/ejornais.com.br\",\"nextItem\":{\"@type\":\"ListItem\",\"@id\":\"https:\\\/\\\/ejornais.com.br\\\/index.php\\\/category\\\/ejornais\\\/#listItem\",\"name\":\"Cat\\u00e1logo de Jornais\"}},{\"@type\":\"ListItem\",\"@id\":\"https:\\\/\\\/ejornais.com.br\\\/index.php\\\/category\\\/ejornais\\\/#listItem\",\"position\":2,\"name\":\"Cat\\u00e1logo de Jornais\",\"item\":\"https:\\\/\\\/ejornais.com.br\\\/index.php\\\/category\\\/ejornais\\\/\",\"nextItem\":{\"@type\":\"ListItem\",\"@id\":\"https:\\\/\\\/ejornais.com.br\\\/index.php\\\/2026\\\/04\\\/03\\\/motocicleta-furtada-e-localizada-pela-gcm-em-area-de-mata-na-regiao-do-granja-olga-agencia-de-noticias\\\/#listItem\",\"name\":\"Motocicleta furtada \\u00e9 localizada pela GCM em \\u00e1rea de mata na regi\\u00e3o do Granja Olga \\u2013 Ag\\u00eancia de Not\\u00edcias\"},\"previousItem\":{\"@type\":\"ListItem\",\"@id\":\"https:\\\/\\\/ejornais.com.br#listItem\",\"name\":\"In\\u00edcio\"}},{\"@type\":\"ListItem\",\"@id\":\"https:\\\/\\\/ejornais.com.br\\\/index.php\\\/2026\\\/04\\\/03\\\/motocicleta-furtada-e-localizada-pela-gcm-em-area-de-mata-na-regiao-do-granja-olga-agencia-de-noticias\\\/#listItem\",\"position\":3,\"name\":\"Motocicleta furtada \\u00e9 localizada pela GCM em \\u00e1rea de mata na regi\\u00e3o do Granja Olga \\u2013 Ag\\u00eancia de Not\\u00edcias\",\"previousItem\":{\"@type\":\"ListItem\",\"@id\":\"https:\\\/\\\/ejornais.com.br\\\/index.php\\\/category\\\/ejornais\\\/#listItem\",\"name\":\"Cat\\u00e1logo de Jornais\"}}]},{\"@type\":\"Organization\",\"@id\":\"https:\\\/\\\/ejornais.com.br\\\/#organization\",\"name\":\"eJornais\",\"description\":\"Cat\\u00e1logo de Jornais no mundo, Not\\u00edcias, Blog e Esportes ao vivo\",\"url\":\"https:\\\/\\\/ejornais.com.br\\\/\"},{\"@type\":\"Person\",\"@id\":\"https:\\\/\\\/ejornais.com.br\\\/index.php\\\/author\\\/admin1\\\/#author\",\"url\":\"https:\\\/\\\/ejornais.com.br\\\/index.php\\\/author\\\/admin1\\\/\",\"name\":\"admin1\",\"image\":{\"@type\":\"ImageObject\",\"@id\":\"https:\\\/\\\/ejornais.com.br\\\/index.php\\\/2026\\\/04\\\/03\\\/motocicleta-furtada-e-localizada-pela-gcm-em-area-de-mata-na-regiao-do-granja-olga-agencia-de-noticias\\\/#authorImage\",\"url\":\"https:\\\/\\\/secure.gravatar.com\\\/avatar\\\/04084e6d73c042b8646e7c17b494073bf0ede3ea13c7105cfc45cbbbc28385a4?s=96&d=mm&r=g\",\"width\":96,\"height\":96,\"caption\":\"admin1\"}},{\"@type\":\"WebPage\",\"@id\":\"https:\\\/\\\/ejornais.com.br\\\/index.php\\\/2026\\\/04\\\/03\\\/motocicleta-furtada-e-localizada-pela-gcm-em-area-de-mata-na-regiao-do-granja-olga-agencia-de-noticias\\\/#webpage\",\"url\":\"https:\\\/\\\/ejornais.com.br\\\/index.php\\\/2026\\\/04\\\/03\\\/motocicleta-furtada-e-localizada-pela-gcm-em-area-de-mata-na-regiao-do-granja-olga-agencia-de-noticias\\\/\",\"name\":\"Motocicleta furtada \\u00e9 localizada pela GCM em \\u00e1rea de mata na regi\\u00e3o do Granja Olga \\u2013 Ag\\u00eancia de Not\\u00edcias - eJornais\",\"description\":\"3 de abril de 2026 13:37 Por: Eduardo Santinon (esantinon@sorocaba.sp.gov.br) A Guarda Civil Municipal (GCM) de Sorocaba localizou, na manh\\u00e3 de quinta-feira (2), uma motocicleta furtada que estava abandonada em \\u00e1rea de mata no fim da Avenida S\\u00e3o Paulo e nas proximidades da Rua Cl\\u00e1udio Evaso, regi\\u00e3o do Residencial Granja Olga, Zona Leste da cidade.\",\"inLanguage\":\"pt-BR\",\"isPartOf\":{\"@id\":\"https:\\\/\\\/ejornais.com.br\\\/#website\"},\"breadcrumb\":{\"@id\":\"https:\\\/\\\/ejornais.com.br\\\/index.php\\\/2026\\\/04\\\/03\\\/motocicleta-furtada-e-localizada-pela-gcm-em-area-de-mata-na-regiao-do-granja-olga-agencia-de-noticias\\\/#breadcrumblist\"},\"author\":{\"@id\":\"https:\\\/\\\/ejornais.com.br\\\/index.php\\\/author\\\/admin1\\\/#author\"},\"creator\":{\"@id\":\"https:\\\/\\\/ejornais.com.br\\\/index.php\\\/author\\\/admin1\\\/#author\"},\"datePublished\":\"2026-04-03T16:05:26-03:00\",\"dateModified\":\"2026-04-03T16:05:26-03:00\"},{\"@type\":\"WebSite\",\"@id\":\"https:\\\/\\\/ejornais.com.br\\\/#website\",\"url\":\"https:\\\/\\\/ejornais.com.br\\\/\",\"name\":\"eJornais\",\"description\":\"Cat\\u00e1logo de Jornais no mundo, Not\\u00edcias, Blog e Esportes ao vivo\",\"inLanguage\":\"pt-BR\",\"publisher\":{\"@id\":\"https:\\\/\\\/ejornais.com.br\\\/#organization\"}}]}\n\t\t<\/script>\n\t\t<!-- All in One SEO -->\n\n","aioseo_head_json":{"title":"Motocicleta furtada \u00e9 localizada pela GCM em \u00e1rea de mata na regi\u00e3o do Granja Olga \u2013 Ag\u00eancia de Not\u00edcias - eJornais","description":"3 de abril de 2026 13:37 Por: Eduardo Santinon (esantinon@sorocaba.sp.gov.br) A Guarda Civil Municipal (GCM) de Sorocaba localizou, na manh\u00e3 de quinta-feira (2), uma motocicleta furtada que estava abandonada em \u00e1rea de mata no fim da Avenida S\u00e3o Paulo e nas proximidades da Rua Cl\u00e1udio Evaso, regi\u00e3o do Residencial Granja Olga, Zona Leste da cidade.","canonical_url":"https:\/\/ejornais.com.br\/index.php\/2026\/04\/03\/motocicleta-furtada-e-localizada-pela-gcm-em-area-de-mata-na-regiao-do-granja-olga-agencia-de-noticias\/","robots":"max-image-preview:large","keywords":"","webmasterTools":{"miscellaneous":""},"schema":{"@context":"https:\/\/schema.org","@graph":[{"@type":"BlogPosting","@id":"https:\/\/ejornais.com.br\/index.php\/2026\/04\/03\/motocicleta-furtada-e-localizada-pela-gcm-em-area-de-mata-na-regiao-do-granja-olga-agencia-de-noticias\/#blogposting","name":"Motocicleta furtada \u00e9 localizada pela GCM em \u00e1rea de mata na regi\u00e3o do Granja Olga \u2013 Ag\u00eancia de Not\u00edcias - eJornais","headline":"Motocicleta furtada \u00e9 localizada pela GCM em \u00e1rea de mata na regi\u00e3o do Granja Olga \u2013 Ag\u00eancia de Not\u00edcias","author":{"@id":"https:\/\/ejornais.com.br\/index.php\/author\/admin1\/#author"},"publisher":{"@id":"https:\/\/ejornais.com.br\/#organization"},"datePublished":"2026-04-03T16:05:26-03:00","dateModified":"2026-04-03T16:05:26-03:00","inLanguage":"pt-BR","mainEntityOfPage":{"@id":"https:\/\/ejornais.com.br\/index.php\/2026\/04\/03\/motocicleta-furtada-e-localizada-pela-gcm-em-area-de-mata-na-regiao-do-granja-olga-agencia-de-noticias\/#webpage"},"isPartOf":{"@id":"https:\/\/ejornais.com.br\/index.php\/2026\/04\/03\/motocicleta-furtada-e-localizada-pela-gcm-em-area-de-mata-na-regiao-do-granja-olga-agencia-de-noticias\/#webpage"},"articleSection":"Cat\u00e1logo de Jornais"},{"@type":"BreadcrumbList","@id":"https:\/\/ejornais.com.br\/index.php\/2026\/04\/03\/motocicleta-furtada-e-localizada-pela-gcm-em-area-de-mata-na-regiao-do-granja-olga-agencia-de-noticias\/#breadcrumblist","itemListElement":[{"@type":"ListItem","@id":"https:\/\/ejornais.com.br#listItem","position":1,"name":"In\u00edcio","item":"https:\/\/ejornais.com.br","nextItem":{"@type":"ListItem","@id":"https:\/\/ejornais.com.br\/index.php\/category\/ejornais\/#listItem","name":"Cat\u00e1logo de Jornais"}},{"@type":"ListItem","@id":"https:\/\/ejornais.com.br\/index.php\/category\/ejornais\/#listItem","position":2,"name":"Cat\u00e1logo de Jornais","item":"https:\/\/ejornais.com.br\/index.php\/category\/ejornais\/","nextItem":{"@type":"ListItem","@id":"https:\/\/ejornais.com.br\/index.php\/2026\/04\/03\/motocicleta-furtada-e-localizada-pela-gcm-em-area-de-mata-na-regiao-do-granja-olga-agencia-de-noticias\/#listItem","name":"Motocicleta furtada \u00e9 localizada pela GCM em \u00e1rea de mata na regi\u00e3o do Granja Olga \u2013 Ag\u00eancia de Not\u00edcias"},"previousItem":{"@type":"ListItem","@id":"https:\/\/ejornais.com.br#listItem","name":"In\u00edcio"}},{"@type":"ListItem","@id":"https:\/\/ejornais.com.br\/index.php\/2026\/04\/03\/motocicleta-furtada-e-localizada-pela-gcm-em-area-de-mata-na-regiao-do-granja-olga-agencia-de-noticias\/#listItem","position":3,"name":"Motocicleta furtada \u00e9 localizada pela GCM em \u00e1rea de mata na regi\u00e3o do Granja Olga \u2013 Ag\u00eancia de Not\u00edcias","previousItem":{"@type":"ListItem","@id":"https:\/\/ejornais.com.br\/index.php\/category\/ejornais\/#listItem","name":"Cat\u00e1logo de Jornais"}}]},{"@type":"Organization","@id":"https:\/\/ejornais.com.br\/#organization","name":"eJornais","description":"Cat\u00e1logo de Jornais no mundo, Not\u00edcias, Blog e Esportes ao vivo","url":"https:\/\/ejornais.com.br\/"},{"@type":"Person","@id":"https:\/\/ejornais.com.br\/index.php\/author\/admin1\/#author","url":"https:\/\/ejornais.com.br\/index.php\/author\/admin1\/","name":"admin1","image":{"@type":"ImageObject","@id":"https:\/\/ejornais.com.br\/index.php\/2026\/04\/03\/motocicleta-furtada-e-localizada-pela-gcm-em-area-de-mata-na-regiao-do-granja-olga-agencia-de-noticias\/#authorImage","url":"https:\/\/secure.gravatar.com\/avatar\/04084e6d73c042b8646e7c17b494073bf0ede3ea13c7105cfc45cbbbc28385a4?s=96&d=mm&r=g","width":96,"height":96,"caption":"admin1"}},{"@type":"WebPage","@id":"https:\/\/ejornais.com.br\/index.php\/2026\/04\/03\/motocicleta-furtada-e-localizada-pela-gcm-em-area-de-mata-na-regiao-do-granja-olga-agencia-de-noticias\/#webpage","url":"https:\/\/ejornais.com.br\/index.php\/2026\/04\/03\/motocicleta-furtada-e-localizada-pela-gcm-em-area-de-mata-na-regiao-do-granja-olga-agencia-de-noticias\/","name":"Motocicleta furtada \u00e9 localizada pela GCM em \u00e1rea de mata na regi\u00e3o do Granja Olga \u2013 Ag\u00eancia de Not\u00edcias - eJornais","description":"3 de abril de 2026 13:37 Por: Eduardo Santinon (esantinon@sorocaba.sp.gov.br) A Guarda Civil Municipal (GCM) de Sorocaba localizou, na manh\u00e3 de quinta-feira (2), uma motocicleta furtada que estava abandonada em \u00e1rea de mata no fim da Avenida S\u00e3o Paulo e nas proximidades da Rua Cl\u00e1udio Evaso, regi\u00e3o do Residencial Granja Olga, Zona Leste da cidade.","inLanguage":"pt-BR","isPartOf":{"@id":"https:\/\/ejornais.com.br\/#website"},"breadcrumb":{"@id":"https:\/\/ejornais.com.br\/index.php\/2026\/04\/03\/motocicleta-furtada-e-localizada-pela-gcm-em-area-de-mata-na-regiao-do-granja-olga-agencia-de-noticias\/#breadcrumblist"},"author":{"@id":"https:\/\/ejornais.com.br\/index.php\/author\/admin1\/#author"},"creator":{"@id":"https:\/\/ejornais.com.br\/index.php\/author\/admin1\/#author"},"datePublished":"2026-04-03T16:05:26-03:00","dateModified":"2026-04-03T16:05:26-03:00"},{"@type":"WebSite","@id":"https:\/\/ejornais.com.br\/#website","url":"https:\/\/ejornais.com.br\/","name":"eJornais","description":"Cat\u00e1logo de Jornais no mundo, Not\u00edcias, Blog e Esportes ao vivo","inLanguage":"pt-BR","publisher":{"@id":"https:\/\/ejornais.com.br\/#organization"}}]},"og:locale":"pt_BR","og:site_name":"eJornais - Cat\u00e1logo de Jornais no mundo, Not\u00edcias, Blog e Esportes ao vivo","og:type":"article","og:title":"Motocicleta furtada \u00e9 localizada pela GCM em \u00e1rea de mata na regi\u00e3o do Granja Olga \u2013 Ag\u00eancia de Not\u00edcias - eJornais","og:description":"3 de abril de 2026 13:37 Por: Eduardo Santinon (esantinon@sorocaba.sp.gov.br) A Guarda Civil Municipal (GCM) de Sorocaba localizou, na manh\u00e3 de quinta-feira (2), uma motocicleta furtada que estava abandonada em \u00e1rea de mata no fim da Avenida S\u00e3o Paulo e nas proximidades da Rua Cl\u00e1udio Evaso, regi\u00e3o do Residencial Granja Olga, Zona Leste da cidade.","og:url":"https:\/\/ejornais.com.br\/index.php\/2026\/04\/03\/motocicleta-furtada-e-localizada-pela-gcm-em-area-de-mata-na-regiao-do-granja-olga-agencia-de-noticias\/","article:published_time":"2026-04-03T19:05:26+00:00","article:modified_time":"2026-04-03T19:05:26+00:00","twitter:card":"summary_large_image","twitter:title":"Motocicleta furtada \u00e9 localizada pela GCM em \u00e1rea de mata na regi\u00e3o do Granja Olga \u2013 Ag\u00eancia de Not\u00edcias - eJornais","twitter:description":"3 de abril de 2026 13:37 Por: Eduardo Santinon (esantinon@sorocaba.sp.gov.br) A Guarda Civil Municipal (GCM) de Sorocaba localizou, na manh\u00e3 de quinta-feira (2), uma motocicleta furtada que estava abandonada em \u00e1rea de mata no fim da Avenida S\u00e3o Paulo e nas proximidades da Rua Cl\u00e1udio Evaso, regi\u00e3o do Residencial Granja Olga, Zona Leste da cidade."},"aioseo_meta_data":{"post_id":"63493","title":null,"description":null,"keywords":null,"keyphrases":null,"primary_term":null,"canonical_url":null,"og_title":null,"og_description":null,"og_object_type":"default","og_image_type":"default","og_image_url":null,"og_image_width":null,"og_image_height":null,"og_image_custom_url":null,"og_image_custom_fields":null,"og_video":null,"og_custom_url":null,"og_article_section":null,"og_article_tags":null,"twitter_use_og":false,"twitter_card":"default","twitter_image_type":"default","twitter_image_url":null,"twitter_image_custom_url":null,"twitter_image_custom_fields":null,"twitter_title":null,"twitter_description":null,"schema":{"blockGraphs":[],"customGraphs":[],"default":{"data":{"Article":[],"Course":[],"Dataset":[],"FAQPage":[],"Movie":[],"Person":[],"Product":[],"ProductReview":[],"Car":[],"Recipe":[],"Service":[],"SoftwareApplication":[],"WebPage":[]},"graphName":"","isEnabled":true},"graphs":[]},"schema_type":"default","schema_type_options":null,"pillar_content":false,"robots_default":true,"robots_noindex":false,"robots_noarchive":false,"robots_nosnippet":false,"robots_nofollow":false,"robots_noimageindex":false,"robots_noodp":false,"robots_notranslate":false,"robots_max_snippet":null,"robots_max_videopreview":null,"robots_max_imagepreview":"large","priority":null,"frequency":null,"local_seo":null,"breadcrumb_settings":null,"limit_modified_date":false,"ai":null,"created":"2026-04-04 12:24:53","updated":"2026-04-04 12:24:53","seo_analyzer_scan_date":null,"focus_keyword":null,"additional_keywords":null,"truseo_locale":null},"aioseo_breadcrumb":"<div class=\"aioseo-breadcrumbs\"><span class=\"aioseo-breadcrumb\">\n\t\t\t<a href=\"https:\/\/ejornais.com.br\" title=\"In\u00edcio\">In\u00edcio<\/a>\n\t\t<\/span><span class=\"aioseo-breadcrumb-separator\">&raquo;<\/span><span class=\"aioseo-breadcrumb\">\n\t\t\t<a href=\"https:\/\/ejornais.com.br\/index.php\/category\/ejornais\/\" title=\"Cat\u00e1logo de Jornais\">Cat\u00e1logo de Jornais<\/a>\n\t\t<\/span><span class=\"aioseo-breadcrumb-separator\">&raquo;<\/span><span class=\"aioseo-breadcrumb\">\n\t\t\tMotocicleta furtada \u00e9 localizada pela GCM em \u00e1rea de mata na regi\u00e3o do Granja Olga \u2013 Ag\u00eancia de Not\u00edcias\n\t\t<\/span><\/div>","aioseo_breadcrumb_json":[{"label":"In\u00edcio","link":"https:\/\/ejornais.com.br"},{"label":"Cat\u00e1logo de Jornais","link":"https:\/\/ejornais.com.br\/index.php\/category\/ejornais\/"},{"label":"Motocicleta furtada \u00e9 localizada pela GCM em \u00e1rea de mata na regi\u00e3o do Granja Olga \u2013 Ag\u00eancia de Not\u00edcias","link":"https:\/\/ejornais.com.br\/index.php\/2026\/04\/03\/motocicleta-furtada-e-localizada-pela-gcm-em-area-de-mata-na-regiao-do-granja-olga-agencia-de-noticias\/"}],"amp_enabled":true,"_links":{"self":[{"href":"https:\/\/ejornais.com.br\/index.php\/wp-json\/wp\/v2\/posts\/63493","targetHints":{"allow":["GET"]}}],"collection":[{"href":"https:\/\/ejornais.com.br\/index.php\/wp-json\/wp\/v2\/posts"}],"about":[{"href":"https:\/\/ejornais.com.br\/index.php\/wp-json\/wp\/v2\/types\/post"}],"author":[{"embeddable":true,"href":"https:\/\/ejornais.com.br\/index.php\/wp-json\/wp\/v2\/users\/2"}],"replies":[{"embeddable":true,"href":"https:\/\/ejornais.com.br\/index.php\/wp-json\/wp\/v2\/comments?post=63493"}],"version-history":[{"count":0,"href":"https:\/\/ejornais.com.br\/index.php\/wp-json\/wp\/v2\/posts\/63493\/revisions"}],"wp:attachment":[{"href":"https:\/\/ejornais.com.br\/index.php\/wp-json\/wp\/v2\/media?parent=63493"}],"wp:term":[{"taxonomy":"category","embeddable":true,"href":"https:\/\/ejornais.com.br\/index.php\/wp-json\/wp\/v2\/categories?post=63493"},{"taxonomy":"post_tag","embeddable":true,"href":"https:\/\/ejornais.com.br\/index.php\/wp-json\/wp\/v2\/tags?post=63493"}],"curies":[{"name":"wp","href":"https:\/\/api.w.org\/{rel}","templated":true}]}}