{"id":63704,"date":"2026-04-08T03:30:33","date_gmt":"2026-04-08T06:30:33","guid":{"rendered":"https:\/\/ejornais.com.br\/index.php\/2026\/04\/08\/camara-aprova-medida-provisoria-com-novas-regras-para-seguro-defeso\/"},"modified":"2026-04-08T03:30:33","modified_gmt":"2026-04-08T06:30:33","slug":"camara-aprova-medida-provisoria-com-novas-regras-para-seguro-defeso","status":"publish","type":"post","link":"https:\/\/ejornais.com.br\/index.php\/2026\/04\/08\/camara-aprova-medida-provisoria-com-novas-regras-para-seguro-defeso\/","title":{"rendered":"C\u00e2mara aprova Medida Provis\u00f3ria com novas regras para seguro-defeso"},"content":{"rendered":"<p> Por MRNews<br \/>\n<\/p>\n<div wp_automatic_readability=\"60.670709298052\">\n<p><strong>A C\u00e2mara dos Deputados aprovou hoje (7) a Medida Provis\u00f3ria (MP) 1323\/25, que traz mais rigor para a concess\u00e3o do seguro-defeso.<\/strong> O <strong>objetivo \u00e9 evitar fraudes no pagamento do benef\u00edcio<\/strong>. Entre outros pontos, a medida traz novas condi\u00e7\u00f5es de cadastro e identifica\u00e7\u00e3o, al\u00e9m de autorizar a quita\u00e7\u00e3o das parcelas pendentes em 2026 se o benefici\u00e1rio atender aos requisitos exigidos em lei. A <strong>nova legisla\u00e7\u00e3o segue para an\u00e1lise do Senado.<\/strong><\/p>\n<p>O <strong>benef\u00edcio \u00e9 pago aos pescadores artesanais que n\u00e3o podem praticar a atividade devido \u00e0 piracema. <\/strong>O projeto determina que o interessado deve ter solicitado o benef\u00edcio dentro dos prazos legais para receber o seguro-defeso de anos anteriores dentro dos prazos legais.<\/p>\n<p>Al\u00e9m disso, o pagamento ocorrer\u00e1 em at\u00e9 60 dias depois da regularidade plena do pescador no programa. <strong>A MP estabelece ainda que as despesas ficar\u00e3o de fora do limite previsto na Lei 10.779\/03, que trata do seguro.<\/strong><\/p>\n<p><strong><a href=\"https:\/\/mrnews.com.br\/index.php\/2026\/04\/08\/memorial-da-pandemia-no-rio-de-janeiro-homenageia-vitimas-da-covid\/\">Memorial da Pandemia, no Rio de Janeiro, homenageia v\u00edtimas da Covid<\/a><\/strong><\/p>\n<p><strong><a href=\"https:\/\/mrnews.com.br\/index.php\/2026\/04\/08\/brumadinho-stj-autoriza-retomada-de-acao-contra-ex-presidente-da-vale\/\">Brumadinho: STJ autoriza retomada de a\u00e7\u00e3o contra ex-presidente da Vale<\/a><\/strong><\/p>\n<p>A legisla\u00e7\u00e3o diz que o seguro ter\u00e1 a dota\u00e7\u00e3o or\u00e7ament\u00e1ria do ano anterior mais a corre\u00e7\u00e3o permitida pelo arcabou\u00e7o fiscal (IPCA + at\u00e9 2,5% da varia\u00e7\u00e3o real da receita prim\u00e1ria).<\/p>\n<p><strong>Para 2026, o total do seguro-defeso previsto, exceto esses atrasados, \u00e9 R$ 7,9 bilh\u00f5es.<\/strong><\/p>\n<p>O <strong>texto prorroga at\u00e9 31 de dezembro de 2026, o prazo para os pescadores artesanais apresentarem o j\u00e1 exigido Relat\u00f3rio Anual de Exerc\u00edcio da Atividade Pesqueira (Reap) referente aos anos de 2021, 2022, 2023, 2024 e 2025.<\/strong><\/p>\n<p>O relat\u00f3rio deve ser apresentado anualmente para que o pescador continue habilitado a contar com o aux\u00edlio no ano seguinte. <strong>Quem estiver em atraso n\u00e3o recebe o valor pago para sustento da fam\u00edlia enquanto houver proibi\u00e7\u00e3o de pesca para preservar as esp\u00e9cies em sua \u00e9poca de reprodu\u00e7\u00e3o.<\/strong><\/p>\n<p><strong><a href=\"https:\/\/mrnews.com.br\/index.php\/2026\/04\/07\/amado-batista-e-byd-sao-incluidos-em-lista-de-trabalho-escravo-do-mte\/\">Amado Batista e BYD s\u00e3o inclu\u00eddos em lista de trabalho escravo do MTE<\/a><\/strong><\/p>\n<p><strong><a href=\"https:\/\/mrnews.com.br\/index.php\/2026\/04\/07\/mega-sena-acumula-e-premio-principal-vai-para-r-20-milhoes\/\">Mega-Sena acumula e pr\u00eamio principal vai para R$ 20 milh\u00f5es<\/a><\/strong><\/p>\n<p>No entanto, <strong>para receber os benef\u00edcios relativos a 2026 ser\u00e1 necess\u00e1rio apresentar o Reap apenas de 2025.<\/strong><\/p>\n<p><strong>O relator da proposta, deputado Beto Faro (PT-PA) disse que a medida visa resgatar a integridade e virtudes do seguro defeso ao pescador artesanal, dificultando a realiza\u00e7\u00e3o de fraudes que acabam prejudicando os \u201cseus benefici\u00e1rios leg\u00edtimos e da moralidade p\u00fablica.\u201d<\/strong><\/p>\n<blockquote wp_automatic_readability=\"10\">\n<p>\u201cA iniciativa do governo busca preservar o significado essencial do seguro defeso, ou seja, a garantia de uma renda b\u00e1sica ao pescador artesanal durante o per\u00edodo de impedimento do exerc\u00edcio da pesca para permitir a reprodu\u00e7\u00e3o das esp\u00e9cies pesqueiras\u201d, explicou.\u00a0<\/p>\n<\/blockquote>\n<p>\u00a0<\/p>\n<\/div>\n","protected":false},"excerpt":{"rendered":"<p>Por MRNews A C\u00e2mara dos Deputados aprovou hoje (7) a Medida Provis\u00f3ria (MP) 1323\/25, que traz mais rigor para a<\/p>\n","protected":false},"author":2,"featured_media":0,"comment_status":"","ping_status":"","sticky":false,"template":"","format":"standard","meta":{"colormag_page_container_layout":"default_layout","colormag_page_sidebar_layout":"default_layout","footnotes":""},"categories":[1],"tags":[],"class_list":["post-63704","post","type-post","status-publish","format-standard","hentry","category-ejornais"],"aioseo_notices":[],"amp_enabled":true,"_links":{"self":[{"href":"https:\/\/ejornais.com.br\/index.php\/wp-json\/wp\/v2\/posts\/63704","targetHints":{"allow":["GET"]}}],"collection":[{"href":"https:\/\/ejornais.com.br\/index.php\/wp-json\/wp\/v2\/posts"}],"about":[{"href":"https:\/\/ejornais.com.br\/index.php\/wp-json\/wp\/v2\/types\/post"}],"author":[{"embeddable":true,"href":"https:\/\/ejornais.com.br\/index.php\/wp-json\/wp\/v2\/users\/2"}],"replies":[{"embeddable":true,"href":"https:\/\/ejornais.com.br\/index.php\/wp-json\/wp\/v2\/comments?post=63704"}],"version-history":[{"count":0,"href":"https:\/\/ejornais.com.br\/index.php\/wp-json\/wp\/v2\/posts\/63704\/revisions"}],"wp:attachment":[{"href":"https:\/\/ejornais.com.br\/index.php\/wp-json\/wp\/v2\/media?parent=63704"}],"wp:term":[{"taxonomy":"category","embeddable":true,"href":"https:\/\/ejornais.com.br\/index.php\/wp-json\/wp\/v2\/categories?post=63704"},{"taxonomy":"post_tag","embeddable":true,"href":"https:\/\/ejornais.com.br\/index.php\/wp-json\/wp\/v2\/tags?post=63704"}],"curies":[{"name":"wp","href":"https:\/\/api.w.org\/{rel}","templated":true}]}}