{"id":63772,"date":"2026-04-09T05:30:27","date_gmt":"2026-04-09T08:30:27","guid":{"rendered":"https:\/\/ejornais.com.br\/index.php\/2026\/04\/09\/diretor-da-funjope-leva-experiencia-da-prefeitura-de-joao-pessoa-para-secretaria-de-cultura-de-aracaju\/"},"modified":"2026-04-09T05:30:27","modified_gmt":"2026-04-09T08:30:27","slug":"diretor-da-funjope-leva-experiencia-da-prefeitura-de-joao-pessoa-para-secretaria-de-cultura-de-aracaju","status":"publish","type":"post","link":"https:\/\/ejornais.com.br\/index.php\/2026\/04\/09\/diretor-da-funjope-leva-experiencia-da-prefeitura-de-joao-pessoa-para-secretaria-de-cultura-de-aracaju\/","title":{"rendered":"Diretor da Funjope leva experi\u00eancia da Prefeitura de Jo\u00e3o Pessoa para Secretaria de Cultura de Aracaju"},"content":{"rendered":"<p><\/p>\n<div>\n<p>O diretor executivo da Funda\u00e7\u00e3o Cultural de Jo\u00e3o Pessoa (Funjope) e presidente do F\u00f3rum Nacional de Secret\u00e1rios e Gestores de Cultura das Capitais e Munic\u00edpios Associados, Marcus Alves, est\u00e1 levando as boas pr\u00e1ticas da Prefeitura de Jo\u00e3o Pessoa para o munic\u00edpio de Aracaju (SE). A troca de experi\u00eancias aconteceu durante reuni\u00e3o nesta quarta-feira (8) a convite da Secretaria Municipal de Cultura da cidade e servir\u00e1 como base para a constru\u00e7\u00e3o de parcerias.<\/p>\n<figure class=\"wp-block-gallery has-nested-images columns-default is-cropped wp-block-gallery-1 is-layout-flex wp-block-gallery-is-layout-flex\">\n<figure class=\"wp-block-image size-large\"><\/figure>\n<figure class=\"wp-block-image size-large\"><\/figure>\n<figure class=\"wp-block-image size-large\"><\/figure>\n<\/figure>\n<p>\u201c\u00c9 um momento realmente muito especial que a cultura de Jo\u00e3o Pessoa vive a partir da pol\u00edtica de cultura desenvolvida pela Prefeitura, e eu pude mostrar aqui na cidade de Aracaju as nossas boas experi\u00eancias, as boas pr\u00e1ticas. Apresentei nosso Sistema Municipal de Cultura, os nossos festivais de quadrilhas juninas, Festival Forr\u00f3 Ver\u00e3o, a cria\u00e7\u00e3o da Companhia Municipal de Dan\u00e7a, o trabalho de inclus\u00e3o social com as crian\u00e7as autistas, de maneira que podemos compartilhar experi\u00eancias e fazer um processo de capacita\u00e7\u00e3o e forma\u00e7\u00e3o tamb\u00e9m da equipe da Secretaria de Cultura de Aracaju que foi criada recentemente\u201d, avaliou Marcus Alves.<\/p>\n<p>Na manh\u00e3 desta quarta-feira, ele esteve na Secretaria de Cultura do Estado de Sergipe, com o secret\u00e1rio Valadares Filho, a secret\u00e1ria de Economia Criativa do Minist\u00e9rio da Cultura Cl\u00e1udia Leit\u00e3o, secret\u00e1rio Paulo Correia e toda uma equipe que discutiu o desenvolvimento da pol\u00edtica de economia criativa e, principalmente, um planejamento para a realiza\u00e7\u00e3o do Encontro Nacional de Gestores de Cultura dos Estados e Encontro Nacional de Secret\u00e1rios e Secret\u00e1rias de Cultura que ser\u00e3o realizados em Sergipe no m\u00eas de novembro.<\/p>\n<p>\u201cN\u00f3s j\u00e1 come\u00e7amos a fazer esse planejamento junto com o F\u00f3rum Nacional de Secret\u00e1rios de Cultura das Capitais, que \u00e9 ligado \u00e0 Frente Nacional dos Prefeitos. Demos os primeiros passos hoje para a realiza\u00e7\u00e3o desses dois grandes eventos aqui em Aracaju\u201d, garantiu.<\/p>\n<figure class=\"wp-block-gallery has-nested-images columns-default is-cropped wp-block-gallery-2 is-layout-flex wp-block-gallery-is-layout-flex\">\n<figure class=\"wp-block-image size-large\"><\/figure>\n<figure class=\"wp-block-image size-large\"><\/figure>\n<figure class=\"wp-block-image size-large\"><\/figure>\n<\/figure>\n<figure class=\"wp-block-gallery has-nested-images columns-default is-cropped wp-block-gallery-3 is-layout-flex wp-block-gallery-is-layout-flex\">\n<figure class=\"wp-block-image size-large\"><\/figure>\n<\/figure>\n<p>O secret\u00e1rio de Cultura de Aracaju, Paulo Correia, comemorou a oportunidade. \u201cRecebemos hoje, com muita alegria, a visita de Marcus Alves, que est\u00e1 \u00e0 frente do F\u00f3rum Nacional de Secret\u00e1rios e Gestores de Cultura das Capitais e Munic\u00edpios Associados, e tamb\u00e9m \u00e0 frente da Funda\u00e7\u00e3o Cultural de Jo\u00e3o Pessoa, a Funjope. E foi uma tarde muito produtiva com a equipe da Secretaria de Cultura de Aracaju, onde Marcus Alves veio trazer muito da sua experi\u00eancia que ele vem executando nesses anos na cidade de Jo\u00e3o Pessoa\u201d, afirmou.<\/p>\n<p>Ele destacou que toda a equipe ficou bastante satisfeita de poder participar da reuni\u00e3o e conhecer um pouco da experi\u00eancia relatada por Marcus Alves. \u201cAgradecemos muito a disponibilidade de poder passar essa experi\u00eancia para a rec\u00e9m-criada Secretaria de Cultura, afinal de contas a Secretaria de Cultura de Aracaju est\u00e1 no seu oitavo m\u00eas de atividade\u201d, relatou Paulo Correia.<\/p>\n<figure class=\"wp-block-gallery has-nested-images columns-default is-cropped wp-block-gallery-4 is-layout-flex wp-block-gallery-is-layout-flex\">\n<figure class=\"wp-block-image size-large\"><\/figure>\n<figure class=\"wp-block-image size-large\"><\/figure>\n<\/figure>\n<p>Marcus Alves est\u00e1 em Aracaju, onde participou do F\u00f3rum Brasil Criativo-Regi\u00e3o Nordeste, nesta ter\u00e7a e quarta-feira. O evento, do Minist\u00e9rio da Cultura (MinC), contribui para a constru\u00e7\u00e3o do Plano Nacional de Economia Criativa.<\/p>\n<\/p><\/div>\n","protected":false},"excerpt":{"rendered":"<p>O diretor executivo da Funda\u00e7\u00e3o Cultural de Jo\u00e3o Pessoa (Funjope) e presidente do F\u00f3rum Nacional de Secret\u00e1rios e Gestores de<\/p>\n","protected":false},"author":2,"featured_media":0,"comment_status":"","ping_status":"","sticky":false,"template":"","format":"standard","meta":{"colormag_page_container_layout":"default_layout","colormag_page_sidebar_layout":"default_layout","footnotes":""},"categories":[1],"tags":[],"class_list":["post-63772","post","type-post","status-publish","format-standard","hentry","category-ejornais"],"aioseo_notices":[],"aioseo_head":"\n\t\t<!-- All in One SEO 5.0.1.1 - aioseo.com -->\n\t<meta name=\"description\" content=\"O diretor executivo da Funda\u00e7\u00e3o Cultural de Jo\u00e3o Pessoa (Funjope) e presidente do F\u00f3rum Nacional de Secret\u00e1rios e Gestores de Cultura das Capitais e Munic\u00edpios Associados, Marcus Alves, est\u00e1 levando as boas pr\u00e1ticas da Prefeitura de Jo\u00e3o Pessoa para o munic\u00edpio de Aracaju (SE). A troca de experi\u00eancias aconteceu durante reuni\u00e3o nesta quarta-feira (8) a\" \/>\n\t<meta name=\"robots\" content=\"max-image-preview:large\" \/>\n\t<meta name=\"author\" content=\"admin1\"\/>\n\t<link rel=\"canonical\" href=\"https:\/\/ejornais.com.br\/index.php\/2026\/04\/09\/diretor-da-funjope-leva-experiencia-da-prefeitura-de-joao-pessoa-para-secretaria-de-cultura-de-aracaju\/\" \/>\n\t<meta name=\"generator\" content=\"All in One SEO (AIOSEO) 5.0.1.1\" \/>\n\t\t<meta property=\"og:locale\" content=\"pt_BR\" \/>\n\t\t<meta property=\"og:site_name\" content=\"eJornais - Cat\u00e1logo de Jornais no mundo, Not\u00edcias, Blog e Esportes ao vivo\" \/>\n\t\t<meta property=\"og:type\" content=\"article\" \/>\n\t\t<meta property=\"og:title\" content=\"Diretor da Funjope leva experi\u00eancia da Prefeitura de Jo\u00e3o Pessoa para Secretaria de Cultura de Aracaju - eJornais\" \/>\n\t\t<meta property=\"og:description\" content=\"O diretor executivo da Funda\u00e7\u00e3o Cultural de Jo\u00e3o Pessoa (Funjope) e presidente do F\u00f3rum Nacional de Secret\u00e1rios e Gestores de Cultura das Capitais e Munic\u00edpios Associados, Marcus Alves, est\u00e1 levando as boas pr\u00e1ticas da Prefeitura de Jo\u00e3o Pessoa para o munic\u00edpio de Aracaju (SE). A troca de experi\u00eancias aconteceu durante reuni\u00e3o nesta quarta-feira (8) a\" \/>\n\t\t<meta property=\"og:url\" content=\"https:\/\/ejornais.com.br\/index.php\/2026\/04\/09\/diretor-da-funjope-leva-experiencia-da-prefeitura-de-joao-pessoa-para-secretaria-de-cultura-de-aracaju\/\" \/>\n\t\t<meta property=\"article:published_time\" content=\"2026-04-09T08:30:27+00:00\" \/>\n\t\t<meta property=\"article:modified_time\" content=\"2026-04-09T08:30:27+00:00\" \/>\n\t\t<meta name=\"twitter:card\" content=\"summary_large_image\" \/>\n\t\t<meta name=\"twitter:title\" content=\"Diretor da Funjope leva experi\u00eancia da Prefeitura de Jo\u00e3o Pessoa para Secretaria de Cultura de Aracaju - eJornais\" \/>\n\t\t<meta name=\"twitter:description\" content=\"O diretor executivo da Funda\u00e7\u00e3o Cultural de Jo\u00e3o Pessoa (Funjope) e presidente do F\u00f3rum Nacional de Secret\u00e1rios e Gestores de Cultura das Capitais e Munic\u00edpios Associados, Marcus Alves, est\u00e1 levando as boas pr\u00e1ticas da Prefeitura de Jo\u00e3o Pessoa para o munic\u00edpio de Aracaju (SE). A troca de experi\u00eancias aconteceu durante reuni\u00e3o nesta quarta-feira (8) a\" \/>\n\t\t<script type=\"application\/ld+json\" class=\"aioseo-schema\">\n\t\t\t{\"@context\":\"https:\\\/\\\/schema.org\",\"@graph\":[{\"@type\":\"BlogPosting\",\"@id\":\"https:\\\/\\\/ejornais.com.br\\\/index.php\\\/2026\\\/04\\\/09\\\/diretor-da-funjope-leva-experiencia-da-prefeitura-de-joao-pessoa-para-secretaria-de-cultura-de-aracaju\\\/#blogposting\",\"name\":\"Diretor da Funjope leva experi\\u00eancia da Prefeitura de Jo\\u00e3o Pessoa para Secretaria de Cultura de Aracaju - eJornais\",\"headline\":\"Diretor da Funjope leva experi\\u00eancia da Prefeitura de Jo\\u00e3o Pessoa para Secretaria de Cultura de Aracaju\",\"author\":{\"@id\":\"https:\\\/\\\/ejornais.com.br\\\/index.php\\\/author\\\/admin1\\\/#author\"},\"publisher\":{\"@id\":\"https:\\\/\\\/ejornais.com.br\\\/#organization\"},\"datePublished\":\"2026-04-09T05:30:27-03:00\",\"dateModified\":\"2026-04-09T05:30:27-03:00\",\"inLanguage\":\"pt-BR\",\"mainEntityOfPage\":{\"@id\":\"https:\\\/\\\/ejornais.com.br\\\/index.php\\\/2026\\\/04\\\/09\\\/diretor-da-funjope-leva-experiencia-da-prefeitura-de-joao-pessoa-para-secretaria-de-cultura-de-aracaju\\\/#webpage\"},\"isPartOf\":{\"@id\":\"https:\\\/\\\/ejornais.com.br\\\/index.php\\\/2026\\\/04\\\/09\\\/diretor-da-funjope-leva-experiencia-da-prefeitura-de-joao-pessoa-para-secretaria-de-cultura-de-aracaju\\\/#webpage\"},\"articleSection\":\"Cat\\u00e1logo de Jornais\"},{\"@type\":\"BreadcrumbList\",\"@id\":\"https:\\\/\\\/ejornais.com.br\\\/index.php\\\/2026\\\/04\\\/09\\\/diretor-da-funjope-leva-experiencia-da-prefeitura-de-joao-pessoa-para-secretaria-de-cultura-de-aracaju\\\/#breadcrumblist\",\"itemListElement\":[{\"@type\":\"ListItem\",\"@id\":\"https:\\\/\\\/ejornais.com.br#listItem\",\"position\":1,\"name\":\"In\\u00edcio\",\"item\":\"https:\\\/\\\/ejornais.com.br\",\"nextItem\":{\"@type\":\"ListItem\",\"@id\":\"https:\\\/\\\/ejornais.com.br\\\/index.php\\\/category\\\/ejornais\\\/#listItem\",\"name\":\"Cat\\u00e1logo de Jornais\"}},{\"@type\":\"ListItem\",\"@id\":\"https:\\\/\\\/ejornais.com.br\\\/index.php\\\/category\\\/ejornais\\\/#listItem\",\"position\":2,\"name\":\"Cat\\u00e1logo de Jornais\",\"item\":\"https:\\\/\\\/ejornais.com.br\\\/index.php\\\/category\\\/ejornais\\\/\",\"nextItem\":{\"@type\":\"ListItem\",\"@id\":\"https:\\\/\\\/ejornais.com.br\\\/index.php\\\/2026\\\/04\\\/09\\\/diretor-da-funjope-leva-experiencia-da-prefeitura-de-joao-pessoa-para-secretaria-de-cultura-de-aracaju\\\/#listItem\",\"name\":\"Diretor da Funjope leva experi\\u00eancia da Prefeitura de Jo\\u00e3o Pessoa para Secretaria de Cultura de Aracaju\"},\"previousItem\":{\"@type\":\"ListItem\",\"@id\":\"https:\\\/\\\/ejornais.com.br#listItem\",\"name\":\"In\\u00edcio\"}},{\"@type\":\"ListItem\",\"@id\":\"https:\\\/\\\/ejornais.com.br\\\/index.php\\\/2026\\\/04\\\/09\\\/diretor-da-funjope-leva-experiencia-da-prefeitura-de-joao-pessoa-para-secretaria-de-cultura-de-aracaju\\\/#listItem\",\"position\":3,\"name\":\"Diretor da Funjope leva experi\\u00eancia da Prefeitura de Jo\\u00e3o Pessoa para Secretaria de Cultura de Aracaju\",\"previousItem\":{\"@type\":\"ListItem\",\"@id\":\"https:\\\/\\\/ejornais.com.br\\\/index.php\\\/category\\\/ejornais\\\/#listItem\",\"name\":\"Cat\\u00e1logo de Jornais\"}}]},{\"@type\":\"Organization\",\"@id\":\"https:\\\/\\\/ejornais.com.br\\\/#organization\",\"name\":\"eJornais\",\"description\":\"Cat\\u00e1logo de Jornais no mundo, Not\\u00edcias, Blog e Esportes ao vivo\",\"url\":\"https:\\\/\\\/ejornais.com.br\\\/\"},{\"@type\":\"Person\",\"@id\":\"https:\\\/\\\/ejornais.com.br\\\/index.php\\\/author\\\/admin1\\\/#author\",\"url\":\"https:\\\/\\\/ejornais.com.br\\\/index.php\\\/author\\\/admin1\\\/\",\"name\":\"admin1\",\"image\":{\"@type\":\"ImageObject\",\"@id\":\"https:\\\/\\\/ejornais.com.br\\\/index.php\\\/2026\\\/04\\\/09\\\/diretor-da-funjope-leva-experiencia-da-prefeitura-de-joao-pessoa-para-secretaria-de-cultura-de-aracaju\\\/#authorImage\",\"url\":\"https:\\\/\\\/secure.gravatar.com\\\/avatar\\\/04084e6d73c042b8646e7c17b494073bf0ede3ea13c7105cfc45cbbbc28385a4?s=96&d=mm&r=g\",\"width\":96,\"height\":96,\"caption\":\"admin1\"}},{\"@type\":\"WebPage\",\"@id\":\"https:\\\/\\\/ejornais.com.br\\\/index.php\\\/2026\\\/04\\\/09\\\/diretor-da-funjope-leva-experiencia-da-prefeitura-de-joao-pessoa-para-secretaria-de-cultura-de-aracaju\\\/#webpage\",\"url\":\"https:\\\/\\\/ejornais.com.br\\\/index.php\\\/2026\\\/04\\\/09\\\/diretor-da-funjope-leva-experiencia-da-prefeitura-de-joao-pessoa-para-secretaria-de-cultura-de-aracaju\\\/\",\"name\":\"Diretor da Funjope leva experi\\u00eancia da Prefeitura de Jo\\u00e3o Pessoa para Secretaria de Cultura de Aracaju - eJornais\",\"description\":\"O diretor executivo da Funda\\u00e7\\u00e3o Cultural de Jo\\u00e3o Pessoa (Funjope) e presidente do F\\u00f3rum Nacional de Secret\\u00e1rios e Gestores de Cultura das Capitais e Munic\\u00edpios Associados, Marcus Alves, est\\u00e1 levando as boas pr\\u00e1ticas da Prefeitura de Jo\\u00e3o Pessoa para o munic\\u00edpio de Aracaju (SE). A troca de experi\\u00eancias aconteceu durante reuni\\u00e3o nesta quarta-feira (8) a\",\"inLanguage\":\"pt-BR\",\"isPartOf\":{\"@id\":\"https:\\\/\\\/ejornais.com.br\\\/#website\"},\"breadcrumb\":{\"@id\":\"https:\\\/\\\/ejornais.com.br\\\/index.php\\\/2026\\\/04\\\/09\\\/diretor-da-funjope-leva-experiencia-da-prefeitura-de-joao-pessoa-para-secretaria-de-cultura-de-aracaju\\\/#breadcrumblist\"},\"author\":{\"@id\":\"https:\\\/\\\/ejornais.com.br\\\/index.php\\\/author\\\/admin1\\\/#author\"},\"creator\":{\"@id\":\"https:\\\/\\\/ejornais.com.br\\\/index.php\\\/author\\\/admin1\\\/#author\"},\"datePublished\":\"2026-04-09T05:30:27-03:00\",\"dateModified\":\"2026-04-09T05:30:27-03:00\"},{\"@type\":\"WebSite\",\"@id\":\"https:\\\/\\\/ejornais.com.br\\\/#website\",\"url\":\"https:\\\/\\\/ejornais.com.br\\\/\",\"name\":\"eJornais\",\"description\":\"Cat\\u00e1logo de Jornais no mundo, Not\\u00edcias, Blog e Esportes ao vivo\",\"inLanguage\":\"pt-BR\",\"publisher\":{\"@id\":\"https:\\\/\\\/ejornais.com.br\\\/#organization\"}}]}\n\t\t<\/script>\n\t\t<!-- All in One SEO -->\n\n","aioseo_head_json":{"title":"Diretor da Funjope leva experi\u00eancia da Prefeitura de Jo\u00e3o Pessoa para Secretaria de Cultura de Aracaju - eJornais","description":"O diretor executivo da Funda\u00e7\u00e3o Cultural de Jo\u00e3o Pessoa (Funjope) e presidente do F\u00f3rum Nacional de Secret\u00e1rios e Gestores de Cultura das Capitais e Munic\u00edpios Associados, Marcus Alves, est\u00e1 levando as boas pr\u00e1ticas da Prefeitura de Jo\u00e3o Pessoa para o munic\u00edpio de Aracaju (SE). A troca de experi\u00eancias aconteceu durante reuni\u00e3o nesta quarta-feira (8) a","canonical_url":"https:\/\/ejornais.com.br\/index.php\/2026\/04\/09\/diretor-da-funjope-leva-experiencia-da-prefeitura-de-joao-pessoa-para-secretaria-de-cultura-de-aracaju\/","robots":"max-image-preview:large","keywords":"","webmasterTools":{"miscellaneous":""},"schema":{"@context":"https:\/\/schema.org","@graph":[{"@type":"BlogPosting","@id":"https:\/\/ejornais.com.br\/index.php\/2026\/04\/09\/diretor-da-funjope-leva-experiencia-da-prefeitura-de-joao-pessoa-para-secretaria-de-cultura-de-aracaju\/#blogposting","name":"Diretor da Funjope leva experi\u00eancia da Prefeitura de Jo\u00e3o Pessoa para Secretaria de Cultura de Aracaju - eJornais","headline":"Diretor da Funjope leva experi\u00eancia da Prefeitura de Jo\u00e3o Pessoa para Secretaria de Cultura de Aracaju","author":{"@id":"https:\/\/ejornais.com.br\/index.php\/author\/admin1\/#author"},"publisher":{"@id":"https:\/\/ejornais.com.br\/#organization"},"datePublished":"2026-04-09T05:30:27-03:00","dateModified":"2026-04-09T05:30:27-03:00","inLanguage":"pt-BR","mainEntityOfPage":{"@id":"https:\/\/ejornais.com.br\/index.php\/2026\/04\/09\/diretor-da-funjope-leva-experiencia-da-prefeitura-de-joao-pessoa-para-secretaria-de-cultura-de-aracaju\/#webpage"},"isPartOf":{"@id":"https:\/\/ejornais.com.br\/index.php\/2026\/04\/09\/diretor-da-funjope-leva-experiencia-da-prefeitura-de-joao-pessoa-para-secretaria-de-cultura-de-aracaju\/#webpage"},"articleSection":"Cat\u00e1logo de Jornais"},{"@type":"BreadcrumbList","@id":"https:\/\/ejornais.com.br\/index.php\/2026\/04\/09\/diretor-da-funjope-leva-experiencia-da-prefeitura-de-joao-pessoa-para-secretaria-de-cultura-de-aracaju\/#breadcrumblist","itemListElement":[{"@type":"ListItem","@id":"https:\/\/ejornais.com.br#listItem","position":1,"name":"In\u00edcio","item":"https:\/\/ejornais.com.br","nextItem":{"@type":"ListItem","@id":"https:\/\/ejornais.com.br\/index.php\/category\/ejornais\/#listItem","name":"Cat\u00e1logo de Jornais"}},{"@type":"ListItem","@id":"https:\/\/ejornais.com.br\/index.php\/category\/ejornais\/#listItem","position":2,"name":"Cat\u00e1logo de Jornais","item":"https:\/\/ejornais.com.br\/index.php\/category\/ejornais\/","nextItem":{"@type":"ListItem","@id":"https:\/\/ejornais.com.br\/index.php\/2026\/04\/09\/diretor-da-funjope-leva-experiencia-da-prefeitura-de-joao-pessoa-para-secretaria-de-cultura-de-aracaju\/#listItem","name":"Diretor da Funjope leva experi\u00eancia da Prefeitura de Jo\u00e3o Pessoa para Secretaria de Cultura de Aracaju"},"previousItem":{"@type":"ListItem","@id":"https:\/\/ejornais.com.br#listItem","name":"In\u00edcio"}},{"@type":"ListItem","@id":"https:\/\/ejornais.com.br\/index.php\/2026\/04\/09\/diretor-da-funjope-leva-experiencia-da-prefeitura-de-joao-pessoa-para-secretaria-de-cultura-de-aracaju\/#listItem","position":3,"name":"Diretor da Funjope leva experi\u00eancia da Prefeitura de Jo\u00e3o Pessoa para Secretaria de Cultura de Aracaju","previousItem":{"@type":"ListItem","@id":"https:\/\/ejornais.com.br\/index.php\/category\/ejornais\/#listItem","name":"Cat\u00e1logo de Jornais"}}]},{"@type":"Organization","@id":"https:\/\/ejornais.com.br\/#organization","name":"eJornais","description":"Cat\u00e1logo de Jornais no mundo, Not\u00edcias, Blog e Esportes ao vivo","url":"https:\/\/ejornais.com.br\/"},{"@type":"Person","@id":"https:\/\/ejornais.com.br\/index.php\/author\/admin1\/#author","url":"https:\/\/ejornais.com.br\/index.php\/author\/admin1\/","name":"admin1","image":{"@type":"ImageObject","@id":"https:\/\/ejornais.com.br\/index.php\/2026\/04\/09\/diretor-da-funjope-leva-experiencia-da-prefeitura-de-joao-pessoa-para-secretaria-de-cultura-de-aracaju\/#authorImage","url":"https:\/\/secure.gravatar.com\/avatar\/04084e6d73c042b8646e7c17b494073bf0ede3ea13c7105cfc45cbbbc28385a4?s=96&d=mm&r=g","width":96,"height":96,"caption":"admin1"}},{"@type":"WebPage","@id":"https:\/\/ejornais.com.br\/index.php\/2026\/04\/09\/diretor-da-funjope-leva-experiencia-da-prefeitura-de-joao-pessoa-para-secretaria-de-cultura-de-aracaju\/#webpage","url":"https:\/\/ejornais.com.br\/index.php\/2026\/04\/09\/diretor-da-funjope-leva-experiencia-da-prefeitura-de-joao-pessoa-para-secretaria-de-cultura-de-aracaju\/","name":"Diretor da Funjope leva experi\u00eancia da Prefeitura de Jo\u00e3o Pessoa para Secretaria de Cultura de Aracaju - eJornais","description":"O diretor executivo da Funda\u00e7\u00e3o Cultural de Jo\u00e3o Pessoa (Funjope) e presidente do F\u00f3rum Nacional de Secret\u00e1rios e Gestores de Cultura das Capitais e Munic\u00edpios Associados, Marcus Alves, est\u00e1 levando as boas pr\u00e1ticas da Prefeitura de Jo\u00e3o Pessoa para o munic\u00edpio de Aracaju (SE). A troca de experi\u00eancias aconteceu durante reuni\u00e3o nesta quarta-feira (8) a","inLanguage":"pt-BR","isPartOf":{"@id":"https:\/\/ejornais.com.br\/#website"},"breadcrumb":{"@id":"https:\/\/ejornais.com.br\/index.php\/2026\/04\/09\/diretor-da-funjope-leva-experiencia-da-prefeitura-de-joao-pessoa-para-secretaria-de-cultura-de-aracaju\/#breadcrumblist"},"author":{"@id":"https:\/\/ejornais.com.br\/index.php\/author\/admin1\/#author"},"creator":{"@id":"https:\/\/ejornais.com.br\/index.php\/author\/admin1\/#author"},"datePublished":"2026-04-09T05:30:27-03:00","dateModified":"2026-04-09T05:30:27-03:00"},{"@type":"WebSite","@id":"https:\/\/ejornais.com.br\/#website","url":"https:\/\/ejornais.com.br\/","name":"eJornais","description":"Cat\u00e1logo de Jornais no mundo, Not\u00edcias, Blog e Esportes ao vivo","inLanguage":"pt-BR","publisher":{"@id":"https:\/\/ejornais.com.br\/#organization"}}]},"og:locale":"pt_BR","og:site_name":"eJornais - Cat\u00e1logo de Jornais no mundo, Not\u00edcias, Blog e Esportes ao vivo","og:type":"article","og:title":"Diretor da Funjope leva experi\u00eancia da Prefeitura de Jo\u00e3o Pessoa para Secretaria de Cultura de Aracaju - eJornais","og:description":"O diretor executivo da Funda\u00e7\u00e3o Cultural de Jo\u00e3o Pessoa (Funjope) e presidente do F\u00f3rum Nacional de Secret\u00e1rios e Gestores de Cultura das Capitais e Munic\u00edpios Associados, Marcus Alves, est\u00e1 levando as boas pr\u00e1ticas da Prefeitura de Jo\u00e3o Pessoa para o munic\u00edpio de Aracaju (SE). A troca de experi\u00eancias aconteceu durante reuni\u00e3o nesta quarta-feira (8) a","og:url":"https:\/\/ejornais.com.br\/index.php\/2026\/04\/09\/diretor-da-funjope-leva-experiencia-da-prefeitura-de-joao-pessoa-para-secretaria-de-cultura-de-aracaju\/","article:published_time":"2026-04-09T08:30:27+00:00","article:modified_time":"2026-04-09T08:30:27+00:00","twitter:card":"summary_large_image","twitter:title":"Diretor da Funjope leva experi\u00eancia da Prefeitura de Jo\u00e3o Pessoa para Secretaria de Cultura de Aracaju - eJornais","twitter:description":"O diretor executivo da Funda\u00e7\u00e3o Cultural de Jo\u00e3o Pessoa (Funjope) e presidente do F\u00f3rum Nacional de Secret\u00e1rios e Gestores de Cultura das Capitais e Munic\u00edpios Associados, Marcus Alves, est\u00e1 levando as boas pr\u00e1ticas da Prefeitura de Jo\u00e3o Pessoa para o munic\u00edpio de Aracaju (SE). A troca de experi\u00eancias aconteceu durante reuni\u00e3o nesta quarta-feira (8) a"},"aioseo_meta_data":{"post_id":"63772","title":null,"description":null,"keywords":null,"keyphrases":null,"primary_term":null,"canonical_url":null,"og_title":null,"og_description":null,"og_object_type":"default","og_image_type":"default","og_image_url":null,"og_image_width":null,"og_image_height":null,"og_image_custom_url":null,"og_image_custom_fields":null,"og_video":null,"og_custom_url":null,"og_article_section":null,"og_article_tags":null,"twitter_use_og":false,"twitter_card":"default","twitter_image_type":"default","twitter_image_url":null,"twitter_image_custom_url":null,"twitter_image_custom_fields":null,"twitter_title":null,"twitter_description":null,"schema":{"blockGraphs":[],"customGraphs":[],"default":{"data":{"Article":[],"Course":[],"Dataset":[],"FAQPage":[],"Movie":[],"Person":[],"Product":[],"ProductReview":[],"Car":[],"Recipe":[],"Service":[],"SoftwareApplication":[],"WebPage":[]},"graphName":"","isEnabled":true},"graphs":[]},"schema_type":"default","schema_type_options":null,"pillar_content":false,"robots_default":true,"robots_noindex":false,"robots_noarchive":false,"robots_nosnippet":false,"robots_nofollow":false,"robots_noimageindex":false,"robots_noodp":false,"robots_notranslate":false,"robots_max_snippet":null,"robots_max_videopreview":null,"robots_max_imagepreview":"large","priority":null,"frequency":null,"local_seo":null,"breadcrumb_settings":null,"limit_modified_date":false,"ai":null,"created":"2026-04-11 02:00:50","updated":"2026-04-11 02:00:50","seo_analyzer_scan_date":null,"focus_keyword":null,"additional_keywords":null,"truseo_locale":null},"aioseo_breadcrumb":"<div class=\"aioseo-breadcrumbs\"><span class=\"aioseo-breadcrumb\">\n\t\t\t<a href=\"https:\/\/ejornais.com.br\" title=\"In\u00edcio\">In\u00edcio<\/a>\n\t\t<\/span><span class=\"aioseo-breadcrumb-separator\">&raquo;<\/span><span class=\"aioseo-breadcrumb\">\n\t\t\t<a href=\"https:\/\/ejornais.com.br\/index.php\/category\/ejornais\/\" title=\"Cat\u00e1logo de Jornais\">Cat\u00e1logo de Jornais<\/a>\n\t\t<\/span><span class=\"aioseo-breadcrumb-separator\">&raquo;<\/span><span class=\"aioseo-breadcrumb\">\n\t\t\tDiretor da Funjope leva experi\u00eancia da Prefeitura de Jo\u00e3o Pessoa para Secretaria de Cultura de Aracaju\n\t\t<\/span><\/div>","aioseo_breadcrumb_json":[{"label":"In\u00edcio","link":"https:\/\/ejornais.com.br"},{"label":"Cat\u00e1logo de Jornais","link":"https:\/\/ejornais.com.br\/index.php\/category\/ejornais\/"},{"label":"Diretor da Funjope leva experi\u00eancia da Prefeitura de Jo\u00e3o Pessoa para Secretaria de Cultura de Aracaju","link":"https:\/\/ejornais.com.br\/index.php\/2026\/04\/09\/diretor-da-funjope-leva-experiencia-da-prefeitura-de-joao-pessoa-para-secretaria-de-cultura-de-aracaju\/"}],"amp_enabled":true,"_links":{"self":[{"href":"https:\/\/ejornais.com.br\/index.php\/wp-json\/wp\/v2\/posts\/63772","targetHints":{"allow":["GET"]}}],"collection":[{"href":"https:\/\/ejornais.com.br\/index.php\/wp-json\/wp\/v2\/posts"}],"about":[{"href":"https:\/\/ejornais.com.br\/index.php\/wp-json\/wp\/v2\/types\/post"}],"author":[{"embeddable":true,"href":"https:\/\/ejornais.com.br\/index.php\/wp-json\/wp\/v2\/users\/2"}],"replies":[{"embeddable":true,"href":"https:\/\/ejornais.com.br\/index.php\/wp-json\/wp\/v2\/comments?post=63772"}],"version-history":[{"count":0,"href":"https:\/\/ejornais.com.br\/index.php\/wp-json\/wp\/v2\/posts\/63772\/revisions"}],"wp:attachment":[{"href":"https:\/\/ejornais.com.br\/index.php\/wp-json\/wp\/v2\/media?parent=63772"}],"wp:term":[{"taxonomy":"category","embeddable":true,"href":"https:\/\/ejornais.com.br\/index.php\/wp-json\/wp\/v2\/categories?post=63772"},{"taxonomy":"post_tag","embeddable":true,"href":"https:\/\/ejornais.com.br\/index.php\/wp-json\/wp\/v2\/tags?post=63772"}],"curies":[{"name":"wp","href":"https:\/\/api.w.org\/{rel}","templated":true}]}}