{"id":64016,"date":"2026-04-13T15:58:06","date_gmt":"2026-04-13T18:58:06","guid":{"rendered":"https:\/\/ejornais.com.br\/index.php\/2026\/04\/13\/painel-apresenta-startups-lideradas-por-mulheres-cgnoticias\/"},"modified":"2026-04-13T15:58:06","modified_gmt":"2026-04-13T18:58:06","slug":"painel-apresenta-startups-lideradas-por-mulheres-cgnoticias","status":"publish","type":"post","link":"https:\/\/ejornais.com.br\/index.php\/2026\/04\/13\/painel-apresenta-startups-lideradas-por-mulheres-cgnoticias\/","title":{"rendered":"Painel apresenta startups lideradas por mulheres \u2013 CGNot\u00edcias"},"content":{"rendered":"<p><\/p>\n<div>\n<p>A Expogrande 2026 recebe, no dia 15 de abril, \u00e0s 16h, no estande da Prefeitura de Campo Grande, o painel \u201cFinep Mulheres Inovadoras: premia\u00e7\u00e3o, acelera\u00e7\u00e3o e mentoria para startups inovadoras lideradas por mulheres\u201d.<\/p>\n<p>A atividade ser\u00e1 realizada pelo Parktec CG, em parceria com a Secretaria Municipal de Meio Ambiente, Gest\u00e3o Urbana e Desenvolvimento Econ\u00f4mico, Tur\u00edstico e Sustent\u00e1vel (Semades).<\/p>\n<p>O encontro apresentar\u00e1 ao p\u00fablico uma das principais iniciativas nacionais de est\u00edmulo ao empreendedorismo feminino inovador. O Programa Mulheres Inovadoras foi criada para apoiar startups lideradas por mulheres por meio de suporte estruturado ao desenvolvimento dos neg\u00f3cios. Entre os diferenciais est\u00e3o a acelera\u00e7\u00e3o com capacita\u00e7\u00e3o, e mentoria individualizada, a participa\u00e7\u00e3o em bancas com especialistas do mercado e a premia\u00e7\u00e3o prevista em edital.<\/p>\n<p>Os convidados do painel s\u00e3o Ricardo Nascimento e Daniel Fessler, analistas da Finep com atua\u00e7\u00e3o na \u00e1rea de inova\u00e7\u00e3o e empreendedorismo. A proposta do painel \u00e9 aproximar empreendedores, startups, institui\u00e7\u00f5es e agentes do ecossistema regional de uma oportunidade concreta de acesso a apoio nacional.<\/p>\n<p>A expectativa \u00e9 que o painel tamb\u00e9m estimule empreendedoras de Campo Grande e de Mato Grosso do Sul a identificarem com mais clareza os caminhos para estrutura\u00e7\u00e3o e crescimento de startups com apoio de instrumentos p\u00fablicos de fomento.<\/p>\n<p>O Programa Mulheres Inovadoras \u00e9 uma iniciativa da Financiadora de Estudos e Projetos (Finep) e do Minist\u00e9rio da Ci\u00eancia, Tecnologia e Inova\u00e7\u00e3o (MCTI), criada para apoiar startups lideradas por mulheres por meio de suporte estruturado ao desenvolvimento dos neg\u00f3cios.<\/p>\n<p><strong>Servi\u00e7o<\/strong><br \/><strong>Data<\/strong>: 15 de abril de 2026<br \/><strong>Hor\u00e1rio<\/strong>: 16h<br \/><strong>Local<\/strong>: Estande da Prefeitura de Campo Grande<br \/><strong>Realiza\u00e7\u00e3o<\/strong>: Parktec CG, em parceria com a Semades<br \/><strong>Abertura<\/strong>: Adriana Tozzetti, diretora do Parktec CG<br \/><strong>Endere\u00e7o<\/strong>: Parque de Exposi\u00e7\u00f5es Lauc\u00eddio Coelho \u2013 Rua Am\u00e9rico Carlos da Costa, 320, Vila Carvalho, Campo Grande (MS)<\/p>\n<\/div>\n<p><script async defer async defer src=\"https:\/\/connect.facebook.net\/en_US\/sdk.js?ver=1#xfbml=1&amp;version=v3.2\" id=\"prefeitura-campogrande-script-facebook-sdk-js\"><\/script><\/p>\n","protected":false},"excerpt":{"rendered":"<p>A Expogrande 2026 recebe, no dia 15 de abril, \u00e0s 16h, no estande da Prefeitura de Campo Grande, o painel<\/p>\n","protected":false},"author":2,"featured_media":0,"comment_status":"","ping_status":"","sticky":false,"template":"","format":"standard","meta":{"colormag_page_container_layout":"default_layout","colormag_page_sidebar_layout":"default_layout","footnotes":""},"categories":[1],"tags":[],"class_list":["post-64016","post","type-post","status-publish","format-standard","hentry","category-ejornais"],"aioseo_notices":[],"amp_enabled":true,"_links":{"self":[{"href":"https:\/\/ejornais.com.br\/index.php\/wp-json\/wp\/v2\/posts\/64016","targetHints":{"allow":["GET"]}}],"collection":[{"href":"https:\/\/ejornais.com.br\/index.php\/wp-json\/wp\/v2\/posts"}],"about":[{"href":"https:\/\/ejornais.com.br\/index.php\/wp-json\/wp\/v2\/types\/post"}],"author":[{"embeddable":true,"href":"https:\/\/ejornais.com.br\/index.php\/wp-json\/wp\/v2\/users\/2"}],"replies":[{"embeddable":true,"href":"https:\/\/ejornais.com.br\/index.php\/wp-json\/wp\/v2\/comments?post=64016"}],"version-history":[{"count":0,"href":"https:\/\/ejornais.com.br\/index.php\/wp-json\/wp\/v2\/posts\/64016\/revisions"}],"wp:attachment":[{"href":"https:\/\/ejornais.com.br\/index.php\/wp-json\/wp\/v2\/media?parent=64016"}],"wp:term":[{"taxonomy":"category","embeddable":true,"href":"https:\/\/ejornais.com.br\/index.php\/wp-json\/wp\/v2\/categories?post=64016"},{"taxonomy":"post_tag","embeddable":true,"href":"https:\/\/ejornais.com.br\/index.php\/wp-json\/wp\/v2\/tags?post=64016"}],"curies":[{"name":"wp","href":"https:\/\/api.w.org\/{rel}","templated":true}]}}