{"id":64023,"date":"2026-04-13T17:42:25","date_gmt":"2026-04-13T20:42:25","guid":{"rendered":"https:\/\/ejornais.com.br\/index.php\/2026\/04\/13\/plataforma-altissia-ifsp-oferta-cursos-de-idiomas-gratuitos-para-estudantes-e-servidores-ifsp\/"},"modified":"2026-04-13T17:42:25","modified_gmt":"2026-04-13T20:42:25","slug":"plataforma-altissia-ifsp-oferta-cursos-de-idiomas-gratuitos-para-estudantes-e-servidores-ifsp","status":"publish","type":"post","link":"https:\/\/ejornais.com.br\/index.php\/2026\/04\/13\/plataforma-altissia-ifsp-oferta-cursos-de-idiomas-gratuitos-para-estudantes-e-servidores-ifsp\/","title":{"rendered":"Plataforma Altissia: IFSP oferta cursos de idiomas gratuitos para estudantes e servidores &#8211; IFSP"},"content":{"rendered":"<p><\/p>\n<div>\n<div class=\"subtitle\">\n<p>Inscri\u00e7\u00f5es ficam abertas de 15 a 30 de abril<\/p>\n<\/div>\n<p><!-- fim .content-header-options-1 --><\/p>\n<p>O Instituto Federal de S\u00e3o Paulo (IFSP), por meio da Coordena\u00e7\u00e3o de Rela\u00e7\u00f5es Internacionais (PRX-Arinter), abre, em 15 de abril, as inscri\u00e7\u00f5es para o programa de ensino de idiomas estrangeiros na plataforma Altissia. S\u00e3o 600 vagas gratuitas, sendo 400 destinadas a alunos regularmente matriculados e 200 para servidores do instituto.\u00a0\u00a0<\/p>\n<p>A forma\u00e7\u00e3o \u00e9 totalmente autoinstrucional, permitindo que os participantes aprendam\u00a0Ingl\u00eas, Espanhol ou outros idiomas disponibilizados pela plataforma, sem a necessidade de encontros presenciais ou hor\u00e1rios fixos. A plataforma oferece mais de 3.000 horas de atividades para cada idioma e pode ser acessada de qualquer dispositivo m\u00f3vel, incluindo tablets e smartphones. Al\u00e9m disso, a Altissia est\u00e1 dispon\u00edvel em aplicativo para Android e iOS.\u00a0\u00a0<\/p>\n<p>Os cursos s\u00e3o personalizados conforme o n\u00edvel e as necessidades do aluno. Ap\u00f3s a inscri\u00e7\u00e3o, os selecionados realizam um teste de nivelamento (Placement Test) e uma an\u00e1lise de perfil, que definem um percurso formativo individualizado.\u00a0\u00a0<\/p>\n<p>Segundo o coordenador da PRX-Arinter, o professor Wagner Belo, &#8220;esta \u00e9 mais uma a\u00e7\u00e3o do setor de rela\u00e7\u00f5es internacionais que visa gerar alto impacto na estrutura educacional do IFSP.\u00a0Por meio desse projeto, conduzido em nossa institui\u00e7\u00e3o desde 2021, estamos conseguindo enfrentar o grande desafio de aumentar os conhecimentos lingu\u00edsticos em l\u00edngua estrangeira e criar condi\u00e7\u00f5es para incrementar, ainda mais, as a\u00e7\u00f5es de internacionaliza\u00e7\u00e3o no IFSP&#8221;, analisa.<\/p>\n<p>As inscri\u00e7\u00f5es s\u00e3o gratuitas e podem ser feitas at\u00e9 30 de abril de 2026\u00a0pelos links abaixo:\u00a0\u00a0<\/p>\n<p>\ud83d\udd39\u00a0Inscri\u00e7\u00e3o para alunos<\/p>\n<p>\ud83d\udd39\u00a0Inscri\u00e7\u00e3o para servidores\u00a0\u00a0<\/p>\n<p>Para participar, \u00e9 necess\u00e1rio acessar os editais, reunir a documenta\u00e7\u00e3o exigida e preencher o formul\u00e1rio correspondente. N\u00e3o h\u00e1 cobran\u00e7a de taxa de matr\u00edcula ou qualquer outro valor referente ao curso.\u00a0\u00a0<\/p>\n<p>Os selecionados ter\u00e3o acesso \u00e0 plataforma Altissia assim que forem matriculados e poder\u00e3o estudar onde e quando quiserem.\u00a0\u00a0<\/p>\n<p>Edital n\u00ba 66\/2026 &#8211; Estudantes de cursos t\u00e9cnicos e superiores<\/p>\n<p>Edital n\u00ba 67\/2026 &#8211; T\u00e9cnicos Administrativos e docentes\u00a0\u00a0<\/p>\n<\/div>\n","protected":false},"excerpt":{"rendered":"<p>Inscri\u00e7\u00f5es ficam abertas de 15 a 30 de abril O Instituto Federal de S\u00e3o Paulo (IFSP), por meio da Coordena\u00e7\u00e3o<\/p>\n","protected":false},"author":2,"featured_media":0,"comment_status":"","ping_status":"","sticky":false,"template":"","format":"standard","meta":{"colormag_page_container_layout":"default_layout","colormag_page_sidebar_layout":"default_layout","footnotes":""},"categories":[1],"tags":[],"class_list":["post-64023","post","type-post","status-publish","format-standard","hentry","category-ejornais"],"aioseo_notices":[],"amp_enabled":true,"_links":{"self":[{"href":"https:\/\/ejornais.com.br\/index.php\/wp-json\/wp\/v2\/posts\/64023","targetHints":{"allow":["GET"]}}],"collection":[{"href":"https:\/\/ejornais.com.br\/index.php\/wp-json\/wp\/v2\/posts"}],"about":[{"href":"https:\/\/ejornais.com.br\/index.php\/wp-json\/wp\/v2\/types\/post"}],"author":[{"embeddable":true,"href":"https:\/\/ejornais.com.br\/index.php\/wp-json\/wp\/v2\/users\/2"}],"replies":[{"embeddable":true,"href":"https:\/\/ejornais.com.br\/index.php\/wp-json\/wp\/v2\/comments?post=64023"}],"version-history":[{"count":0,"href":"https:\/\/ejornais.com.br\/index.php\/wp-json\/wp\/v2\/posts\/64023\/revisions"}],"wp:attachment":[{"href":"https:\/\/ejornais.com.br\/index.php\/wp-json\/wp\/v2\/media?parent=64023"}],"wp:term":[{"taxonomy":"category","embeddable":true,"href":"https:\/\/ejornais.com.br\/index.php\/wp-json\/wp\/v2\/categories?post=64023"},{"taxonomy":"post_tag","embeddable":true,"href":"https:\/\/ejornais.com.br\/index.php\/wp-json\/wp\/v2\/tags?post=64023"}],"curies":[{"name":"wp","href":"https:\/\/api.w.org\/{rel}","templated":true}]}}