{"id":64335,"date":"2026-04-18T17:44:47","date_gmt":"2026-04-18T20:44:47","guid":{"rendered":"https:\/\/ejornais.com.br\/index.php\/2026\/04\/18\/pm-monta-esquema-de-seguranca-para-feriados-de-tiradentes-e-sao-jorge\/"},"modified":"2026-04-18T17:44:47","modified_gmt":"2026-04-18T20:44:47","slug":"pm-monta-esquema-de-seguranca-para-feriados-de-tiradentes-e-sao-jorge","status":"publish","type":"post","link":"https:\/\/ejornais.com.br\/index.php\/2026\/04\/18\/pm-monta-esquema-de-seguranca-para-feriados-de-tiradentes-e-sao-jorge\/","title":{"rendered":"PM monta esquema de seguran\u00e7a para feriados de Tiradentes e S\u00e3o Jorge"},"content":{"rendered":"<p> Por MRNews<br \/>\n<\/p>\n<div wp_automatic_readability=\"78.154738878143\">\n<p>A Pol\u00edcia Militar (PM) planejou amplo esquema de seguran\u00e7a para os feriados de Tiradentes, no dia 21, e o\u00a0estadual de S\u00e3o Jorge (23). Com dois feriados seguidos, o governo do estado e a prefeitura do Rio decretaram ponto facultativo no dia 22. Ao todo, 4.482 policiais militares j\u00e1 est\u00e3o em a\u00e7\u00e3o nas estradas estaduais, vias expressas, pontos tur\u00edsticos, partidas de futebol e praias com maior circula\u00e7\u00e3o de banhistas.<\/p>\n<p><strong>Nas estradas, o esquema conta com 780 policiais mobilizados pelo Comando de Policiamento de Tr\u00e2nsito (CPTran), al\u00e9m de equipes dos batalh\u00f5es operacionais de \u00e1rea, que dar\u00e3o apoio em\u00a0rodovias estaduais e algumas federais, como a BR-101, no trecho entre Niter\u00f3i e Manilha, em Itabora\u00ed.<\/strong><\/p>\n<p>Nas vias expressas, o Batalh\u00e3o de Policiamento em Vias Expressas (BPVE) estar\u00e1 com efetivo refor\u00e7ado de policiais e viaturas, visando \u00e0\u00a0amplia\u00e7\u00e3o de suas a\u00e7\u00f5es ostensivas.<\/p>\n<p><strong><a href=\"https:\/\/mrnews.com.br\/index.php\/2026\/04\/18\/priority-pass-em-confins-todos-os-acessos-premium-no-terminal-1-e-2-que-voce-pode-usar\/\">Priority Pass e Loungekey em Confins; todos os acessos premium no Terminal 1 e 2 que voc\u00ea pode usar<\/a><\/strong><\/p>\n<p><strong><a href=\"https:\/\/mrnews.com.br\/index.php\/2026\/04\/18\/rodoviaria-ou-aeroporto-brt-lounges-inaugura-sala-vip-inedita-no-terminal-rodoviario-do-tiete\/\">Rodovi\u00e1ria ou Aeroporto? BRT Lounges inaugura sala VIP in\u00e9dita no Terminal Rodovi\u00e1rio do Tiet\u00ea<\/a><\/strong><\/p>\n<p><strong>Na Rodovi\u00e1ria do Rio, equipes do Batalh\u00e3o de Pol\u00edcia de Turismo (BPTur) e do Batalh\u00e3o de A\u00e7\u00f5es com C\u00e3es (BAC) est\u00e3o intensificando as abordagens e revistas aos \u00f4nibus e passageiros.<\/strong> O BPTur estar\u00e1 ainda com esquema diferenciado nos principais pontos tur\u00edsticos da capital, como o Cristo Redentor, P\u00e3o de A\u00e7\u00facar, Porto Maravilha, como tamb\u00e9m no interior do estado.<\/p>\n<p><strong>No final de semana ser\u00e3o realizadas tr\u00eas jogos pelo Campeonato Brasileiro de Futebol, durante o feriado prolongado<\/strong>. Neste s\u00e1bado (18), o Vasco recebe o S\u00e3o Paulo em S\u00e3o Janu\u00e1rio; Flamengo enfrenta o Bahia no domingo (19), no Maracan\u00e3; e Botafogo e Chapecoense jogam na ter\u00e7a-feira (21),no Est\u00e1dio do Engenh\u00e3o.<\/p>\n<p>As partidas ser\u00e3o acompanhadas pelo Batalh\u00e3o Especializado em Policiamento em Est\u00e1dios (Bepe), que contar\u00e1 com o apoio especializado do Batalh\u00e3o de A\u00e7\u00f5es com C\u00e3es (BAC), do Regimento de Pol\u00edcia Montada (RPMont) e do Grupamento de Policiamento Ferrovi\u00e1rio (GPFer), al\u00e9m das unidades das \u00e1reas onde ser\u00e3o realizados os eventos esportivos.<\/p>\n<p><strong>A corpora\u00e7\u00e3o tamb\u00e9m seguir\u00e1 com o refor\u00e7o de efetivo direcionado \u00e0 Opera\u00e7\u00e3o Praia, com concentra\u00e7\u00e3o de equipes nas orlas das zonas sul e oeste da capital, de Niter\u00f3i, da Regi\u00e3o dos Lagos e Costa Verde.<\/strong> Somente na orla, entre as praias da zona sul e o Recreio dos Bandeirantes, no outro extremo da cidade, ser\u00e3o empregados extraordinariamente perto de 1.100 policiais militares. \u00a0<\/p>\n<p><strong><a href=\"https:\/\/mrnews.com.br\/index.php\/2026\/04\/18\/papa-estou-na-africa-para-encorajar-catolicos-nao-debater-com-trump\/\">Papa: estou na \u00c1frica para encorajar cat\u00f3licos, n\u00e3o debater com Trump<\/a><\/strong><\/p>\n<p><strong><a href=\"https:\/\/mrnews.com.br\/index.php\/2026\/04\/18\/lula-fala-para-milhares-na-espanha-e-pede-coerencia-dos-progressistas\/\">Lula fala para milhares na Espanha e pede coer\u00eancia dos progressistas<\/a><\/strong><\/p>\n<p>O Grupamento Aerom\u00f3vel (GAM) far\u00e1 o monitoramento a\u00e9reo de estradas, vias expressas e da orla, mantendo contato direto com o Centro Integrado de Comando e Controle (CICC), que tamb\u00e9m acompanhar\u00e1 continuamente\u00a0as\u00a0imagens dos drones da corpora\u00e7\u00e3o e de milhares de c\u00e2meras distribu\u00eddas pelo espa\u00e7o urbano, sobretudo nas \u00e1reas de maior concentra\u00e7\u00e3o de pessoas.<\/p>\n<\/div>\n","protected":false},"excerpt":{"rendered":"<p>Por MRNews A Pol\u00edcia Militar (PM) planejou amplo esquema de seguran\u00e7a para os feriados de Tiradentes, no dia 21, e<\/p>\n","protected":false},"author":2,"featured_media":0,"comment_status":"","ping_status":"","sticky":false,"template":"","format":"standard","meta":{"colormag_page_container_layout":"default_layout","colormag_page_sidebar_layout":"default_layout","footnotes":""},"categories":[1],"tags":[],"class_list":["post-64335","post","type-post","status-publish","format-standard","hentry","category-ejornais"],"aioseo_notices":[],"amp_enabled":true,"_links":{"self":[{"href":"https:\/\/ejornais.com.br\/index.php\/wp-json\/wp\/v2\/posts\/64335","targetHints":{"allow":["GET"]}}],"collection":[{"href":"https:\/\/ejornais.com.br\/index.php\/wp-json\/wp\/v2\/posts"}],"about":[{"href":"https:\/\/ejornais.com.br\/index.php\/wp-json\/wp\/v2\/types\/post"}],"author":[{"embeddable":true,"href":"https:\/\/ejornais.com.br\/index.php\/wp-json\/wp\/v2\/users\/2"}],"replies":[{"embeddable":true,"href":"https:\/\/ejornais.com.br\/index.php\/wp-json\/wp\/v2\/comments?post=64335"}],"version-history":[{"count":0,"href":"https:\/\/ejornais.com.br\/index.php\/wp-json\/wp\/v2\/posts\/64335\/revisions"}],"wp:attachment":[{"href":"https:\/\/ejornais.com.br\/index.php\/wp-json\/wp\/v2\/media?parent=64335"}],"wp:term":[{"taxonomy":"category","embeddable":true,"href":"https:\/\/ejornais.com.br\/index.php\/wp-json\/wp\/v2\/categories?post=64335"},{"taxonomy":"post_tag","embeddable":true,"href":"https:\/\/ejornais.com.br\/index.php\/wp-json\/wp\/v2\/tags?post=64335"}],"curies":[{"name":"wp","href":"https:\/\/api.w.org\/{rel}","templated":true}]}}