{"id":64440,"date":"2026-04-21T04:25:31","date_gmt":"2026-04-21T07:25:31","guid":{"rendered":"https:\/\/ejornais.com.br\/index.php\/2026\/04\/21\/defesa-civil-intensifica-limpeza-e-desassoreamento-de-rios-para-o-periodo-de-chuvas-e-prevenir-inundacoes\/"},"modified":"2026-04-21T04:25:31","modified_gmt":"2026-04-21T07:25:31","slug":"defesa-civil-intensifica-limpeza-e-desassoreamento-de-rios-para-o-periodo-de-chuvas-e-prevenir-inundacoes","status":"publish","type":"post","link":"https:\/\/ejornais.com.br\/index.php\/2026\/04\/21\/defesa-civil-intensifica-limpeza-e-desassoreamento-de-rios-para-o-periodo-de-chuvas-e-prevenir-inundacoes\/","title":{"rendered":"Defesa Civil intensifica limpeza e desassoreamento de rios para o per\u00edodo de chuvas e prevenir inunda\u00e7\u00f5es"},"content":{"rendered":"<p><\/p>\n<div>\n<p>Em uma a\u00e7\u00e3o cont\u00ednua para redu\u00e7\u00e3o dos impactos causados pelas chuvas nas \u00e1reas ribeirinhas, a Coordenadoria Municipal de Prote\u00e7\u00e3o e Defesa Civil (Compdec-JP), intensifica o trabalho preventivo de limpeza e desassoreamento dos rios que cortam Jo\u00e3o Pessoa, beneficiando diversas comunidades da Capital.<\/p>\n<figure class=\"wp-block-gallery has-nested-images columns-default is-cropped wp-block-gallery-1 is-layout-flex wp-block-gallery-is-layout-flex\">\n<figure class=\"wp-block-image\"><\/figure>\n<figure class=\"wp-block-image\"><\/figure>\n<\/figure>\n<p>A iniciativa integra o conjunto de a\u00e7\u00f5es permanentes da Defesa Civil voltadas \u00e0 preven\u00e7\u00e3o de desastres e \u00e0 prote\u00e7\u00e3o de moradores que vivem em \u00e1reas de risco. Somente neste primeiro trimestre as m\u00e1quinas da Compdec-JP executaram a limpeza em 9.841,51 metros de rios da Capital, removendo 1.156,38 toneladas de res\u00edduos s\u00f3lidos.<\/p>\n<p>Segundo o coordenador da Defesa Civil, Kelson Chaves, a preven\u00e7\u00e3o \u00e9 fundamental para minimizar riscos, principalmente no per\u00edodo chuvoso, quando h\u00e1 um aumento consider\u00e1vel no volume de \u00e1gua dos rios, o que pode causar transbordamentos e agravar problemas em comunidades ribeirinhas.<\/p>\n<p>\u201cN\u00f3s atuamos nos rios durante todo o ano, realizando a limpeza e o desassoreamento para garantir o escoamento das \u00e1guas e evitar transtornos para as fam\u00edlias que residem nessas \u00e1reas e geralmente enfrentam dificuldades no per\u00edodo chuvoso. E gra\u00e7as a Deus temos obtido \u00eaxito com essas a\u00e7\u00f5es\u201d, disse Kelson Chaves.<\/p>\n<p><strong>Descarte irregular de lixo \u2013 <\/strong>O coordenador ressaltou ainda que al\u00e9m dos sedimentos que se acumulam no leito dos rios, as m\u00e1quinas tamb\u00e9m retiram garrafas pet, sacolas pl\u00e1sticas, colch\u00f5es, pneus, carca\u00e7as de geladeiras e fog\u00f5es, entre outros materiais que, descartados de forma inadequada, s\u00e3o levados pelas chuvas para as galerias pluviais e de l\u00e1 chegam aos rios.<\/p>\n<figure class=\"wp-block-gallery has-nested-images columns-default is-cropped wp-block-gallery-2 is-layout-flex wp-block-gallery-is-layout-flex\">\n<figure class=\"wp-block-image size-large\"><\/figure>\n<\/figure>\n<p>\u201cMuito material \u00e9 descartado nas margens dos rios e levado para o leito. Da mesma forma acontece com o lixo colocado nas cal\u00e7adas e vias, pois quando chove \u00e9 carreado aos rios, prejudicando o fluxo normal das \u00e1guas. O ideal \u00e9 que a popula\u00e7\u00e3o adote a lixeira suspensa para evitar esse problema, que causa transtornos para as comunidades ribeirinhas\u201d, pontuou o coordenador.<\/p>\n<p>O planejamento dos servi\u00e7os \u00e9 baseado no mapeamento de \u00e1reas consideradas cr\u00edticas e no hist\u00f3rico de ocorr\u00eancias registradas em anos anteriores. No entanto, as m\u00e1quinas podem ser deslocadas para outros trechos que necessitam de urg\u00eancia na execu\u00e7\u00e3o do servi\u00e7o para garantir a seguran\u00e7a da popula\u00e7\u00e3o.<\/p>\n<p><strong>Como acionar \u2013 <\/strong>A Defesa Civil funciona 24 horas, inclusive aos s\u00e1bados, domingos e feriados e, em caso de necessidade, deve ser acionada pelo n\u00famero 98831-6885 (WhatsApp), pelo telefone 199, ou pelo aplicativo \u2018Jo\u00e3o Pessoa na Palma da M\u00e3o\u2019, que pode ser baixado gratuitamente nas plataformas Play Store e AppStore.<\/p>\n<p><strong>Alertas \u2013 <\/strong>O morador de Jo\u00e3o Pessoa pode receber alertas no celular sobre chuvas fortes, alagamentos e deslizamentos de terras ou outros eventos naturais. Para isto, basta enviar uma mensagem de texto (SMS), contendo o CEP da rua onde mora para o n\u00famero 40199. Assim ser\u00e1 informado todas as vezes que alguma mudan\u00e7a mais severa no clima da Capital.<\/p>\n<\/p><\/div>\n","protected":false},"excerpt":{"rendered":"<p>Em uma a\u00e7\u00e3o cont\u00ednua para redu\u00e7\u00e3o dos impactos causados pelas chuvas nas \u00e1reas ribeirinhas, a Coordenadoria Municipal de Prote\u00e7\u00e3o e<\/p>\n","protected":false},"author":2,"featured_media":0,"comment_status":"","ping_status":"","sticky":false,"template":"","format":"standard","meta":{"colormag_page_container_layout":"default_layout","colormag_page_sidebar_layout":"default_layout","footnotes":""},"categories":[1],"tags":[],"class_list":["post-64440","post","type-post","status-publish","format-standard","hentry","category-ejornais"],"aioseo_notices":[],"amp_enabled":true,"_links":{"self":[{"href":"https:\/\/ejornais.com.br\/index.php\/wp-json\/wp\/v2\/posts\/64440","targetHints":{"allow":["GET"]}}],"collection":[{"href":"https:\/\/ejornais.com.br\/index.php\/wp-json\/wp\/v2\/posts"}],"about":[{"href":"https:\/\/ejornais.com.br\/index.php\/wp-json\/wp\/v2\/types\/post"}],"author":[{"embeddable":true,"href":"https:\/\/ejornais.com.br\/index.php\/wp-json\/wp\/v2\/users\/2"}],"replies":[{"embeddable":true,"href":"https:\/\/ejornais.com.br\/index.php\/wp-json\/wp\/v2\/comments?post=64440"}],"version-history":[{"count":0,"href":"https:\/\/ejornais.com.br\/index.php\/wp-json\/wp\/v2\/posts\/64440\/revisions"}],"wp:attachment":[{"href":"https:\/\/ejornais.com.br\/index.php\/wp-json\/wp\/v2\/media?parent=64440"}],"wp:term":[{"taxonomy":"category","embeddable":true,"href":"https:\/\/ejornais.com.br\/index.php\/wp-json\/wp\/v2\/categories?post=64440"},{"taxonomy":"post_tag","embeddable":true,"href":"https:\/\/ejornais.com.br\/index.php\/wp-json\/wp\/v2\/tags?post=64440"}],"curies":[{"name":"wp","href":"https:\/\/api.w.org\/{rel}","templated":true}]}}