{"id":64481,"date":"2026-04-22T02:53:30","date_gmt":"2026-04-22T05:53:30","guid":{"rendered":"https:\/\/ejornais.com.br\/index.php\/2026\/04\/22\/pdt-aciona-stf-para-anular-eleicao-de-douglas-ruas-na-alerj\/"},"modified":"2026-04-22T02:53:30","modified_gmt":"2026-04-22T05:53:30","slug":"pdt-aciona-stf-para-anular-eleicao-de-douglas-ruas-na-alerj","status":"publish","type":"post","link":"https:\/\/ejornais.com.br\/index.php\/2026\/04\/22\/pdt-aciona-stf-para-anular-eleicao-de-douglas-ruas-na-alerj\/","title":{"rendered":"PDT aciona STF para anular elei\u00e7\u00e3o de Douglas Ruas na Alerj"},"content":{"rendered":"<p> Por MRNews<br \/>\n<\/p>\n<div wp_automatic_readability=\"74.381454162276\">\n<p><strong>O partido PDT ingressou entrou com um pedido de liminar\u00a0no Supremo Tribunal Federal (STF) para anular a elei\u00e7\u00e3o da presid\u00eancia da Assembleia Legislativa do Estado do Rio de Janeiro (Alerj), que foi realizada na \u00faltima sexta-feira (17). <\/strong>Assinada pelo presidente nacional do partido, Carlos Lupi, a\u00a0Argui\u00e7\u00e3o de Descumprimento de Preceito Fundamental (ADPF)\u00a0foi protocolada nesta segunda-feira (20).<\/p>\n<p>O deputado estadual Douglas Ruas (PL) foi eleito presidente Alerj, em meio a uma sess\u00e3o com tentativas de obstru\u00e7\u00e3o. No plen\u00e1rio, dos 45 parlamentares presentes, 44 votaram a favor e houve uma absten\u00e7\u00e3o.\u00a0<\/p>\n<p><strong>Na a\u00e7\u00e3o, o PDT defende que a realiza\u00e7\u00e3o de novo pleito seja feito por voto secreto e n\u00e3o aberto, como ocorreu. <\/strong><\/p>\n<p><strong><a href=\"https:\/\/mrnews.com.br\/index.php\/2026\/04\/21\/inter-lanca-meu-credito-e-mostra-passo-a-passo-para-aumentar-limite-direto-no-app\/\">Inter lan\u00e7a \u201cMeu Cr\u00e9dito\u201d e mostra passo a passo para aumentar limite direto no app<\/a><\/strong><\/p>\n<p><strong><a href=\"https:\/\/mrnews.com.br\/index.php\/2026\/04\/21\/bella-campos-comenta-rumores-com-paolla-oliveira-e-reage-queria\/\">Bella Campos comenta rumores com Paolla Oliveira e reage; \u201cQueria \u2026<\/a><\/strong><\/p>\n<p>Al\u00e9m disso, o partido solicitou que seja declarada a \u201cinconstitucionalidade definitiva da pr\u00e1tica de voto nominal\u00a0aberto para a elei\u00e7\u00e3o, bem como de qualquer ato normativo ou administrativo que a fundamente, por viola\u00e7\u00e3o aos preceitos fundamentais da Constitui\u00e7\u00e3o Federal, em especial os princ\u00edpios republicanos, da separa\u00e7\u00e3o de poderes, da moralidade, e da simetria federativa\u201d.\u00a0<\/p>\n<p>\u201cA condu\u00e7\u00e3o ilegal do procedimento, em contexto de evidente instabilidade institucional, impediu que as delibera\u00e7\u00f5es se desenvolvessem em ambiente compat\u00edvel com os postulados republicanos, especialmente aqueles\u00a0relacionados \u00e0 responsabilidade, \u00e0 moralidade e \u00e0 preval\u00eancia do interesse p\u00fablico sobre arranjos circunstanciais de poder\u201d, acrescentou a peti\u00e7\u00e3o.<\/p>\n<h2>Entenda<\/h2>\n<p>Ap\u00f3s a ren\u00fancia do ex-governador Cl\u00e1udio Castro, em mar\u00e7o, criou-se um v\u00e1cuo na linha sucess\u00f3ria ao governo do Rio. Isso porque, o\u00a0vice-governador, Thiago Pampolha, assumiu um cargo no Tribunal de Contas do Estado (TCE-RJ) em 2025. Al\u00e9m disso, o presidente da Alerj, Rodrigo Bacellar, est\u00e1 licenciado do cargo.<\/p>\n<p><strong>O Supremo analisa\u00a0uma a\u00e7\u00e3o na qual o PSD defende a realiza\u00e7\u00e3o de elei\u00e7\u00f5es diretas para o comando interino do estado. O plen\u00e1rio formou maioria em favor das elei\u00e7\u00f5es indiretas\u00a0 para o mandato-tamp\u00e3o de governador fluminense. Neste caso,\u00a0Ruas pode ser conduzido ao cargo de governador at\u00e9 31 de dezembro deste ano.<\/strong><\/p>\n<p><strong><a href=\"https:\/\/mrnews.com.br\/index.php\/2026\/04\/21\/brasilia-sedia-campeonato-brasileiro-de-saltos-ornamentais\/\">Bras\u00edlia sedia Campeonato Brasileiro de Saltos Ornamentais<\/a><\/strong><\/p>\n<p><strong><a href=\"https:\/\/mrnews.com.br\/index.php\/2026\/04\/21\/botafogo-bate-chape-em-jogo-de-abertura-da-5a-fase-da-copa-do-brasil\/\">Botafogo bate Chape em jogo de abertura da 5\u00aa fase da Copa do Brasil<\/a><\/strong><\/p>\n<p>Apesar do entendimento parcial formado, o julgamento foi suspenso\u00a0por um pedido de vista feito pelo ministro Fl\u00e1vio Dino. N\u00e3o h\u00e1 data para retomada da an\u00e1lise do caso.<\/p>\n<p>Com a suspens\u00e3o, o presidente do Tribunal de Justi\u00e7a do Rio de Janeiro (TJRJ), Ricardo Couto de Castro, continuar\u00e1 exercendo interinamente o cargo de governador do estado.<\/p>\n<p>\u00a0<\/p>\n<\/div>\n","protected":false},"excerpt":{"rendered":"<p>Por MRNews O partido PDT ingressou entrou com um pedido de liminar\u00a0no Supremo Tribunal Federal (STF) para anular a elei\u00e7\u00e3o<\/p>\n","protected":false},"author":2,"featured_media":0,"comment_status":"","ping_status":"","sticky":false,"template":"","format":"standard","meta":{"colormag_page_container_layout":"default_layout","colormag_page_sidebar_layout":"default_layout","footnotes":""},"categories":[1],"tags":[],"class_list":["post-64481","post","type-post","status-publish","format-standard","hentry","category-ejornais"],"aioseo_notices":[],"amp_enabled":true,"_links":{"self":[{"href":"https:\/\/ejornais.com.br\/index.php\/wp-json\/wp\/v2\/posts\/64481","targetHints":{"allow":["GET"]}}],"collection":[{"href":"https:\/\/ejornais.com.br\/index.php\/wp-json\/wp\/v2\/posts"}],"about":[{"href":"https:\/\/ejornais.com.br\/index.php\/wp-json\/wp\/v2\/types\/post"}],"author":[{"embeddable":true,"href":"https:\/\/ejornais.com.br\/index.php\/wp-json\/wp\/v2\/users\/2"}],"replies":[{"embeddable":true,"href":"https:\/\/ejornais.com.br\/index.php\/wp-json\/wp\/v2\/comments?post=64481"}],"version-history":[{"count":0,"href":"https:\/\/ejornais.com.br\/index.php\/wp-json\/wp\/v2\/posts\/64481\/revisions"}],"wp:attachment":[{"href":"https:\/\/ejornais.com.br\/index.php\/wp-json\/wp\/v2\/media?parent=64481"}],"wp:term":[{"taxonomy":"category","embeddable":true,"href":"https:\/\/ejornais.com.br\/index.php\/wp-json\/wp\/v2\/categories?post=64481"},{"taxonomy":"post_tag","embeddable":true,"href":"https:\/\/ejornais.com.br\/index.php\/wp-json\/wp\/v2\/tags?post=64481"}],"curies":[{"name":"wp","href":"https:\/\/api.w.org\/{rel}","templated":true}]}}