{"id":64584,"date":"2026-04-23T17:51:34","date_gmt":"2026-04-23T20:51:34","guid":{"rendered":"https:\/\/ejornais.com.br\/index.php\/2026\/04\/23\/casa-da-cultura-destaca-narrativas-de-mulheres-negras-nesta-sexta-24-cgnoticias\/"},"modified":"2026-04-23T17:51:34","modified_gmt":"2026-04-23T20:51:34","slug":"casa-da-cultura-destaca-narrativas-de-mulheres-negras-nesta-sexta-24-cgnoticias","status":"publish","type":"post","link":"https:\/\/ejornais.com.br\/index.php\/2026\/04\/23\/casa-da-cultura-destaca-narrativas-de-mulheres-negras-nesta-sexta-24-cgnoticias\/","title":{"rendered":"Casa da Cultura destaca narrativas de mulheres negras nesta sexta (24) \u2013 CGNot\u00edcias"},"content":{"rendered":"<p><\/p>\n<div>\n<p>A Casa da Cultura recebe, nesta sexta-feira (24), uma programa\u00e7\u00e3o que re\u00fane cinema, reflex\u00e3o e m\u00fasica, com foco nas experi\u00eancias de mulheres negras em Mato Grosso do Sul.<\/p>\n<p>O destaque da noite \u00e9 a exibi\u00e7\u00e3o do curta-metragem documental <em>\u201cN\u00e3o Lugar: narrativas de mulheres negras em territ\u00f3rios pantaneiros\u201d<\/em>, dirigido por Gabriela Dias. Com uma abordagem sens\u00edvel e po\u00e9tica, o filme explora temas como pertencimento, identidade e deslocamento, conectando corpo, mem\u00f3ria e territ\u00f3rio.<\/p>\n<p>Ap\u00f3s a sess\u00e3o, o p\u00fablico participa da roda de conversa <em>\u201cDi\u00e1logos confluentes: escreviv\u00eancias em fluxo como ato de reexist\u00eancia\u201d<\/em>, com a diretora e convidadas, ampliando o debate sobre os processos criativos e as quest\u00f5es que atravessam a obra.<\/p>\n<p>A programa\u00e7\u00e3o se encerra com m\u00fasica e integra\u00e7\u00e3o por meio do projeto Umoja, celebrando a coletividade e os encontros.<br \/><strong><br \/><\/strong>A diretora do curta \u00e9 a pesquisadora, cineasta e documentarista Gabriela Dias, natural de Campo Grande. Seu trabalho aborda mem\u00f3ria, identidade e quest\u00f5es sociais no audiovisual, com uma trajet\u00f3ria marcada por produ\u00e7\u00f5es como <em>\u201cP\u00e1ssaro Azul\u201d<\/em> (2018) e <em>\u201cNoites em Claro: Palavras do Bando do Velho Jack\u201d<\/em> (2024), al\u00e9m de atua\u00e7\u00e3o em curadoria e experimenta\u00e7\u00e3o po\u00e9tica.<\/p>\n<p><strong>Servi\u00e7o<\/strong><strong><br \/><\/strong> Casa da Cultura \u2013 Av. Afonso Pena, 2270 \u2013 Centro, Campo Grande (MS)<br \/>24 de abril<br \/>A partir das 18h30<br \/>Exibi\u00e7\u00e3o de document\u00e1rio + roda de conversa + apresenta\u00e7\u00e3o musical<br \/>Entrada gratuita<\/p>\n<\/div>\n<p><script async defer async defer src=\"https:\/\/connect.facebook.net\/en_US\/sdk.js?ver=1#xfbml=1&amp;version=v3.2\" id=\"prefeitura-campogrande-script-facebook-sdk-js\"><\/script><\/p>\n","protected":false},"excerpt":{"rendered":"<p>A Casa da Cultura recebe, nesta sexta-feira (24), uma programa\u00e7\u00e3o que re\u00fane cinema, reflex\u00e3o e m\u00fasica, com foco nas experi\u00eancias<\/p>\n","protected":false},"author":2,"featured_media":0,"comment_status":"","ping_status":"","sticky":false,"template":"","format":"standard","meta":{"colormag_page_container_layout":"default_layout","colormag_page_sidebar_layout":"default_layout","footnotes":""},"categories":[1],"tags":[],"class_list":["post-64584","post","type-post","status-publish","format-standard","hentry","category-ejornais"],"aioseo_notices":[],"amp_enabled":true,"_links":{"self":[{"href":"https:\/\/ejornais.com.br\/index.php\/wp-json\/wp\/v2\/posts\/64584","targetHints":{"allow":["GET"]}}],"collection":[{"href":"https:\/\/ejornais.com.br\/index.php\/wp-json\/wp\/v2\/posts"}],"about":[{"href":"https:\/\/ejornais.com.br\/index.php\/wp-json\/wp\/v2\/types\/post"}],"author":[{"embeddable":true,"href":"https:\/\/ejornais.com.br\/index.php\/wp-json\/wp\/v2\/users\/2"}],"replies":[{"embeddable":true,"href":"https:\/\/ejornais.com.br\/index.php\/wp-json\/wp\/v2\/comments?post=64584"}],"version-history":[{"count":0,"href":"https:\/\/ejornais.com.br\/index.php\/wp-json\/wp\/v2\/posts\/64584\/revisions"}],"wp:attachment":[{"href":"https:\/\/ejornais.com.br\/index.php\/wp-json\/wp\/v2\/media?parent=64584"}],"wp:term":[{"taxonomy":"category","embeddable":true,"href":"https:\/\/ejornais.com.br\/index.php\/wp-json\/wp\/v2\/categories?post=64584"},{"taxonomy":"post_tag","embeddable":true,"href":"https:\/\/ejornais.com.br\/index.php\/wp-json\/wp\/v2\/tags?post=64584"}],"curies":[{"name":"wp","href":"https:\/\/api.w.org\/{rel}","templated":true}]}}