{"id":64622,"date":"2026-04-24T10:16:36","date_gmt":"2026-04-24T13:16:36","guid":{"rendered":"https:\/\/ejornais.com.br\/index.php\/2026\/04\/24\/pesquisadores-defendem-caminhos-para-gestao-publica-antirracista\/"},"modified":"2026-04-24T10:16:36","modified_gmt":"2026-04-24T13:16:36","slug":"pesquisadores-defendem-caminhos-para-gestao-publica-antirracista","status":"publish","type":"post","link":"https:\/\/ejornais.com.br\/index.php\/2026\/04\/24\/pesquisadores-defendem-caminhos-para-gestao-publica-antirracista\/","title":{"rendered":"Pesquisadores defendem caminhos para gest\u00e3o p\u00fablica antirracista"},"content":{"rendered":"<p> Por MRNews<br \/>\n<\/p>\n<div wp_automatic_readability=\"63.871445266848\">\n<p>Um\u00a0grupo de sete pesquisadores lan\u00e7a\u00a0nesta sexta-feira (24), em S\u00e3o Paulo, o livro \u201c<em>Guia da Gest\u00e3o P\u00fablica Antirracista<\/em>\u201d, que traz fundamentos, an\u00e1lises e um roteiro de a\u00e7\u00f5es para o fortalecimento de a\u00e7\u00f5es para o enfrentamento do racismo institucional e das desigualdades raciais.\u00a0<\/p>\n<p><strong>Segundo a pesquisadora Clara Marinho, uma das autoras do livro, o trabalho nasceu da percep\u00e7\u00e3o de que n\u00e3o havia um material de natureza pr\u00e1tica que informasse quais as pol\u00edticas\u00a0que existem\u00a0sobre a\u00e7\u00f5es antirracistas no setor\u00a0p\u00fablico, quais s\u00e3o\u00a0os principais desafios enfrentados e no que \u00e9 poss\u00edvel avan\u00e7ar.<\/strong><\/p>\n<p>Ela destaca que, al\u00e9m da legisla\u00e7\u00e3o, as pol\u00edticas p\u00fablicas podem contar com dados raciais levantados pelo Instituto Brasileiro de Geografia e Estat\u00edstica (IBGE). Clara Marinho\u00a0lembra\u00a0que materiais s\u00e3o necess\u00e1rios para ajudar servidores a atuarem em problemas complexos, como o racismo.<\/p>\n<p><strong><a href=\"https:\/\/mrnews.com.br\/index.php\/2026\/04\/24\/caixa-vai-turbinar-pontuacao-do-elo-diners-club-e-reacende-interesse-no-cartao-premium\/\">CAIXA vai turbinar pontua\u00e7\u00e3o do Elo Diners Club e reacende interesse no cart\u00e3o premium<\/a><\/strong><\/p>\n<p><strong><a href=\"https:\/\/mrnews.com.br\/index.php\/2026\/04\/24\/cmn-libera-linha-de-capital-de-giro-a-cooperativas-de-leite-no-pronaf\/\">CMN libera linha de capital de giro a cooperativas de leite no Pronaf<\/a><\/strong><\/p>\n<p>A pesquisadora ressalta que a publica\u00e7\u00e3o vai\u00a0colaborar na identifica\u00e7\u00e3o dos repert\u00f3rios de enfrentamento que podem ser acionados.<\/p>\n<blockquote wp_automatic_readability=\"6\">\n<p>\u201c\u00c9 como se fosse uma introdu\u00e7\u00e3o sobre a pol\u00edtica p\u00fablica antirracista\u201d, afirma.\u00a0<\/p>\n<\/blockquote>\n<p><strong>A autora cosidera\u00a0que, apesar de a administra\u00e7\u00e3o p\u00fablica contratar as pessoas por um instrumento aparentemente neutro, que \u00e9 o concurso p\u00fablico, as pessoas negras ficam concentradas em postos que exigem menor qualifica\u00e7\u00e3o.<\/strong><\/p>\n<blockquote wp_automatic_readability=\"3.9903846153846\">\n<p>\u201cQue s\u00e3o mais distantes das chamadas \u00e1reas estrat\u00e9gicas de governo\u201d, afirma.<\/p>\n<p><strong><a href=\"https:\/\/mrnews.com.br\/index.php\/2026\/04\/24\/caixa-paga-bolsa-familia-a-beneficiarios-com-nis-de-final-6-8\/\">Caixa paga Bolsa Fam\u00edlia a benefici\u00e1rios com NIS de final 6<\/a><\/strong><\/p>\n<p><strong><a href=\"https:\/\/mrnews.com.br\/index.php\/2026\/04\/24\/nubank-da-r-6-000-para-novos-investimentos-entenda-a-campanha\/\">Nubank d\u00e1 R$ 6.000 para novos investimentos; entenda a campanha<\/a><\/strong><\/p>\n<\/blockquote>\n<h2>Romper com desigualdades<\/h2>\n<p>Al\u00e9m de Clara Marinho, o livro tem autoria\u00a0de Michael Fran\u00e7a, Giovani Rocha, Ellen da Silva, Jo\u00e3o Pedro Caleiro, Lia Pessoa e Karoline Belo.\u00a0<\/p>\n<p><strong>O trabalho\u00a0ser\u00e1\u00a0lan\u00e7ado \u00e0s 19h no Instituto de Ensino e Pesquisa (Insper), onde haver\u00e1 uma conversa com os autores sobre o tema da publica\u00e7\u00e3o. Na segunda (25), o trabalho ser\u00e1 apresentado em Bras\u00edlia, \u00e0s 9h, na sede do Instituto de Pesquisa Econ\u00f4mica Aplicada (Ipea), e \u00e0s 19h, na Livraria Circulares.\u00a0<\/strong><\/p>\n<p>De acordo com os autores, a publica\u00e7\u00e3o \u00e9 voltada a gestores e lideran\u00e7as p\u00fablicas a fim de romper com as desigualdades raciais. Para Clara Marinho, \u00e9 papel do Estado a promo\u00e7\u00e3o da igualdade\u00a0racial e a valida\u00e7\u00e3o das demandas sociais. \u201cO livro \u00e9 feito como uma conversa\u201d, diz.<\/p>\n<\/div>\n","protected":false},"excerpt":{"rendered":"<p>Por MRNews Um\u00a0grupo de sete pesquisadores lan\u00e7a\u00a0nesta sexta-feira (24), em S\u00e3o Paulo, o livro \u201cGuia da Gest\u00e3o P\u00fablica Antirracista\u201d, que<\/p>\n","protected":false},"author":2,"featured_media":0,"comment_status":"","ping_status":"","sticky":false,"template":"","format":"standard","meta":{"colormag_page_container_layout":"default_layout","colormag_page_sidebar_layout":"default_layout","footnotes":""},"categories":[1],"tags":[],"class_list":["post-64622","post","type-post","status-publish","format-standard","hentry","category-ejornais"],"aioseo_notices":[],"amp_enabled":true,"_links":{"self":[{"href":"https:\/\/ejornais.com.br\/index.php\/wp-json\/wp\/v2\/posts\/64622","targetHints":{"allow":["GET"]}}],"collection":[{"href":"https:\/\/ejornais.com.br\/index.php\/wp-json\/wp\/v2\/posts"}],"about":[{"href":"https:\/\/ejornais.com.br\/index.php\/wp-json\/wp\/v2\/types\/post"}],"author":[{"embeddable":true,"href":"https:\/\/ejornais.com.br\/index.php\/wp-json\/wp\/v2\/users\/2"}],"replies":[{"embeddable":true,"href":"https:\/\/ejornais.com.br\/index.php\/wp-json\/wp\/v2\/comments?post=64622"}],"version-history":[{"count":0,"href":"https:\/\/ejornais.com.br\/index.php\/wp-json\/wp\/v2\/posts\/64622\/revisions"}],"wp:attachment":[{"href":"https:\/\/ejornais.com.br\/index.php\/wp-json\/wp\/v2\/media?parent=64622"}],"wp:term":[{"taxonomy":"category","embeddable":true,"href":"https:\/\/ejornais.com.br\/index.php\/wp-json\/wp\/v2\/categories?post=64622"},{"taxonomy":"post_tag","embeddable":true,"href":"https:\/\/ejornais.com.br\/index.php\/wp-json\/wp\/v2\/tags?post=64622"}],"curies":[{"name":"wp","href":"https:\/\/api.w.org\/{rel}","templated":true}]}}