{"id":64634,"date":"2026-04-24T14:27:29","date_gmt":"2026-04-24T17:27:29","guid":{"rendered":"https:\/\/ejornais.com.br\/index.php\/2026\/04\/24\/ifsp-abre-selecao-para-especializacao-em-ensino-da-matematica-em-braganca-paulista-ifsp\/"},"modified":"2026-04-24T14:27:29","modified_gmt":"2026-04-24T17:27:29","slug":"ifsp-abre-selecao-para-especializacao-em-ensino-da-matematica-em-braganca-paulista-ifsp","status":"publish","type":"post","link":"https:\/\/ejornais.com.br\/index.php\/2026\/04\/24\/ifsp-abre-selecao-para-especializacao-em-ensino-da-matematica-em-braganca-paulista-ifsp\/","title":{"rendered":"IFSP abre sele\u00e7\u00e3o para especializa\u00e7\u00e3o em Ensino da Matem\u00e1tica em Bragan\u00e7a Paulista &#8211; IFSP"},"content":{"rendered":"<p><\/p>\n<div>\n<div class=\"subtitle\">\n<p data-start=\"12\" data-end=\"178\">Curso gratuito oferece 25 vagas para ingresso no segundo semestre de 2026; inscri\u00e7\u00f5es abertas at\u00e9 25 de maio<\/p>\n<\/div>\n<p><!-- fim .content-header-options-1 --><\/p>\n<p data-start=\"180\" data-end=\"600\">O Instituto Federal de Educa\u00e7\u00e3o, Ci\u00eancia e Tecnologia de S\u00e3o Paulo (IFSP), por meio do Campus Bragan\u00e7a Paulista, est\u00e1 com inscri\u00e7\u00f5es abertas para o processo seletivo do curso de p\u00f3s-gradua\u00e7\u00e3o lato sensu em Ensino da Matem\u00e1tica dos Anos Iniciais do Ensino Fundamental. As inscri\u00e7\u00f5es devem ser realizadas entre os dias 13 de abril e 25 de maio de 2026, exclusivamente pela internet.<\/p>\n<p data-start=\"602\" data-end=\"894\">Voltado principalmente a profissionais com forma\u00e7\u00e3o em Pedagogia ou Matem\u00e1tica, o curso tem como objetivo promover o desenvolvimento profissional de professores, articulando teoria e pr\u00e1tica no ensino da matem\u00e1tica nos anos iniciais da educa\u00e7\u00e3o b\u00e1sica.<\/p>\n<p data-start=\"896\" data-end=\"1243\">Ao todo, s\u00e3o ofertadas 25 vagas, distribu\u00eddas entre ampla concorr\u00eancia e a\u00e7\u00f5es afirmativas, contemplando candidatos autodeclarados negros, ind\u00edgenas, quilombolas e pessoas com defici\u00eancia. O curso \u00e9 gratuito, sem cobran\u00e7a de mensalidade, taxa de inscri\u00e7\u00e3o ou matr\u00edcula.<\/p>\n<p data-start=\"1245\" data-end=\"1578\">As aulas ser\u00e3o presenciais, no per\u00edodo noturno, \u00e0s ter\u00e7as e quintas-feiras, no campus localizado em Bragan\u00e7a Paulista. A carga hor\u00e1ria total \u00e9 de 430 horas, incluindo disciplinas, atividades complementares e Trabalho de Conclus\u00e3o de Curso (TCC), com prazo m\u00e1ximo de integraliza\u00e7\u00e3o de 30 meses.<\/p>\n<p data-start=\"1580\" data-end=\"1881\">O processo seletivo ser\u00e1 realizado em etapa \u00fanica, baseada na an\u00e1lise da documenta\u00e7\u00e3o apresentada pelos candidatos. A pontua\u00e7\u00e3o considera a forma\u00e7\u00e3o acad\u00eamica e a experi\u00eancia docente, especialmente na educa\u00e7\u00e3o infantil e nos anos iniciais do ensino fundamental.<\/p>\n<p data-start=\"1883\" data-end=\"2036\">O resultado final est\u00e1 previsto para o dia 19 de junho de 2026, com in\u00edcio das aulas em 4 de agosto do mesmo ano.<\/p>\n<p data-start=\"2038\" data-end=\"2109\" data-is-last-node=\"\" data-is-only-node=\"\">Mais informa\u00e7\u00f5es e o edital completo est\u00e3o dispon\u00edveis no site do Campus Bragan\u00e7a Paulista.<\/p>\n<\/div>\n","protected":false},"excerpt":{"rendered":"<p>Curso gratuito oferece 25 vagas para ingresso no segundo semestre de 2026; inscri\u00e7\u00f5es abertas at\u00e9 25 de maio O Instituto<\/p>\n","protected":false},"author":2,"featured_media":0,"comment_status":"","ping_status":"","sticky":false,"template":"","format":"standard","meta":{"colormag_page_container_layout":"default_layout","colormag_page_sidebar_layout":"default_layout","footnotes":""},"categories":[1],"tags":[],"class_list":["post-64634","post","type-post","status-publish","format-standard","hentry","category-ejornais"],"aioseo_notices":[],"amp_enabled":true,"_links":{"self":[{"href":"https:\/\/ejornais.com.br\/index.php\/wp-json\/wp\/v2\/posts\/64634","targetHints":{"allow":["GET"]}}],"collection":[{"href":"https:\/\/ejornais.com.br\/index.php\/wp-json\/wp\/v2\/posts"}],"about":[{"href":"https:\/\/ejornais.com.br\/index.php\/wp-json\/wp\/v2\/types\/post"}],"author":[{"embeddable":true,"href":"https:\/\/ejornais.com.br\/index.php\/wp-json\/wp\/v2\/users\/2"}],"replies":[{"embeddable":true,"href":"https:\/\/ejornais.com.br\/index.php\/wp-json\/wp\/v2\/comments?post=64634"}],"version-history":[{"count":0,"href":"https:\/\/ejornais.com.br\/index.php\/wp-json\/wp\/v2\/posts\/64634\/revisions"}],"wp:attachment":[{"href":"https:\/\/ejornais.com.br\/index.php\/wp-json\/wp\/v2\/media?parent=64634"}],"wp:term":[{"taxonomy":"category","embeddable":true,"href":"https:\/\/ejornais.com.br\/index.php\/wp-json\/wp\/v2\/categories?post=64634"},{"taxonomy":"post_tag","embeddable":true,"href":"https:\/\/ejornais.com.br\/index.php\/wp-json\/wp\/v2\/tags?post=64634"}],"curies":[{"name":"wp","href":"https:\/\/api.w.org\/{rel}","templated":true}]}}