{"id":64722,"date":"2026-04-26T06:57:15","date_gmt":"2026-04-26T09:57:15","guid":{"rendered":"https:\/\/ejornais.com.br\/index.php\/2026\/04\/26\/campanha-em-escolas-do-df-alerta-para-prevencao-de-desastre-climatico\/"},"modified":"2026-04-26T06:57:15","modified_gmt":"2026-04-26T09:57:15","slug":"campanha-em-escolas-do-df-alerta-para-prevencao-de-desastre-climatico","status":"publish","type":"post","link":"https:\/\/ejornais.com.br\/index.php\/2026\/04\/26\/campanha-em-escolas-do-df-alerta-para-prevencao-de-desastre-climatico\/","title":{"rendered":"Campanha em escolas do DF alerta para preven\u00e7\u00e3o de desastre clim\u00e1tico"},"content":{"rendered":"<p> Por MRNews<br \/>\n<\/p>\n<div wp_automatic_readability=\"54.050759219089\">\n<p><strong>Alunos, educadores, comunidades e iniciativas populares da capital federal participaram, ao longo dos \u00faltimos dois dias, da 9\u00aa Campanha Nacional #AprenderParaPrevenir: Cidades sem Risco.<\/strong><\/p>\n<p>A proposta, encabe\u00e7ada pelo Minist\u00e9rio das Cidades, inclui atividades formativas em comunidades vulner\u00e1veis com foco na educa\u00e7\u00e3o para reconhecer riscos, prevenir e agir em meio a emerg\u00eancias clim\u00e1ticas.<\/p>\n<p>Em nota, a pasta informou que a campanha tem como objetivo fortalecer a atua\u00e7\u00e3o integrada entre comunidades, institui\u00e7\u00f5es p\u00fablicas e espa\u00e7os educativos em comunidades marcadas por desafios socioambientais e eventos extremos.<\/p>\n<p><strong><a href=\"https:\/\/mrnews.com.br\/index.php\/2026\/04\/26\/palestinos-vao-as-urnas-em-eleicoes-municipais\/\">Palestinos v\u00e3o \u00e0s urnas em elei\u00e7\u00f5es municipais<\/a><\/strong><\/p>\n<p><strong><a href=\"https:\/\/mrnews.com.br\/index.php\/2026\/04\/26\/homem-atira-durante-jantar-de-trump-com-correspondentes-em-washington\/\">Homem atira durante jantar de Trump com correspondentes em Washington<\/a><\/strong><\/p>\n<blockquote wp_automatic_readability=\"8\">\n<p>\u201cA iniciativa estimula o desenvolvimento de campanhas locais de redu\u00e7\u00e3o de riscos de desastres no territ\u00f3rio onde vivem, ampliando a capacidade de preven\u00e7\u00e3o e resposta antes que emerg\u00eancias ocorram.\u201d<\/p>\n<\/blockquote>\n<p>Ainda segundo o comunicado, <strong>a campanha refor\u00e7a que a preven\u00e7\u00e3o a desastres come\u00e7a no cotidiano das comunidades, por meio da informa\u00e7\u00e3o, da educa\u00e7\u00e3o e da mobiliza\u00e7\u00e3o coletiva.<\/strong><\/p>\n<p>Durante os dois dias, a programa\u00e7\u00e3o incluiu di\u00e1logos, encontros formativos e oficinas de campanha, onde os participantes trabalharam na elabora\u00e7\u00e3o de propostas pr\u00e1ticas de mobiliza\u00e7\u00e3o de preven\u00e7\u00e3o.<\/p>\n<blockquote wp_automatic_readability=\"8.3093525179856\">\n<p>\u201cO objetivo \u00e9 fortalecer redes locais, qualificar os habitantes dos territ\u00f3rios e transformar conhecimento em a\u00e7\u00e3o concreta, contribuindo para cidades mais preparadas diante dos riscos clim\u00e1ticos\u201d, completou o minist\u00e9rio.<\/p>\n<p><strong><a href=\"https:\/\/mrnews.com.br\/index.php\/2026\/04\/25\/estacionamento-premium-brb-no-aeroporto-de-brasilia-como-funciona-vagas-e-quem-pode-usar\/\">Estacionamento Premium BRB no Aeroporto de Bras\u00edlia; como funciona, vagas e quem pode usar<\/a><\/strong><\/p>\n<p><strong><a href=\"https:\/\/mrnews.com.br\/index.php\/2026\/04\/25\/459860\/\">Salas VIP no Aeroporto de Bras\u00edlia: guia completo para aproveitar lounges e benef\u00edcios em BSB<\/a><\/strong><\/p>\n<\/blockquote>\n<h2>Sobre a campanha<\/h2>\n<p><strong>Em 2026, a campanha atua prioritariamente em 23 munic\u00edpios brasileiros e impacta diretamente cerca de 30 mil estudantes. Os encontros formativos j\u00e1 foram realizados nos seguintes estados: Pernambuco, Rio Grande do Norte, S\u00e3o Paulo, Rio de Janeiro e Rio Grande do Sul.<\/strong><\/p>\n<p>A iniciativa integra pol\u00edticas p\u00fablicas de educa\u00e7\u00e3o, ci\u00eancia e desenvolvimento urbano, fortalecendo a preven\u00e7\u00e3o como eixo estruturante da justi\u00e7a clim\u00e1tica em territ\u00f3rios mais vulner\u00e1veis.<\/p>\n<p>\u00a0<\/p>\n<\/div>\n","protected":false},"excerpt":{"rendered":"<p>Por MRNews Alunos, educadores, comunidades e iniciativas populares da capital federal participaram, ao longo dos \u00faltimos dois dias, da 9\u00aa<\/p>\n","protected":false},"author":2,"featured_media":0,"comment_status":"","ping_status":"","sticky":false,"template":"","format":"standard","meta":{"colormag_page_container_layout":"default_layout","colormag_page_sidebar_layout":"default_layout","footnotes":""},"categories":[1],"tags":[],"class_list":["post-64722","post","type-post","status-publish","format-standard","hentry","category-ejornais"],"aioseo_notices":[],"amp_enabled":true,"_links":{"self":[{"href":"https:\/\/ejornais.com.br\/index.php\/wp-json\/wp\/v2\/posts\/64722","targetHints":{"allow":["GET"]}}],"collection":[{"href":"https:\/\/ejornais.com.br\/index.php\/wp-json\/wp\/v2\/posts"}],"about":[{"href":"https:\/\/ejornais.com.br\/index.php\/wp-json\/wp\/v2\/types\/post"}],"author":[{"embeddable":true,"href":"https:\/\/ejornais.com.br\/index.php\/wp-json\/wp\/v2\/users\/2"}],"replies":[{"embeddable":true,"href":"https:\/\/ejornais.com.br\/index.php\/wp-json\/wp\/v2\/comments?post=64722"}],"version-history":[{"count":0,"href":"https:\/\/ejornais.com.br\/index.php\/wp-json\/wp\/v2\/posts\/64722\/revisions"}],"wp:attachment":[{"href":"https:\/\/ejornais.com.br\/index.php\/wp-json\/wp\/v2\/media?parent=64722"}],"wp:term":[{"taxonomy":"category","embeddable":true,"href":"https:\/\/ejornais.com.br\/index.php\/wp-json\/wp\/v2\/categories?post=64722"},{"taxonomy":"post_tag","embeddable":true,"href":"https:\/\/ejornais.com.br\/index.php\/wp-json\/wp\/v2\/tags?post=64722"}],"curies":[{"name":"wp","href":"https:\/\/api.w.org\/{rel}","templated":true}]}}