{"id":64773,"date":"2026-04-27T09:40:30","date_gmt":"2026-04-27T12:40:30","guid":{"rendered":"https:\/\/ejornais.com.br\/index.php\/2026\/04\/27\/vigilancia-ambiental-realiza-acao-contra-a-dengue-e-leptospirose-nos-mercados-publicos-de-joao-pessoa\/"},"modified":"2026-04-27T09:40:30","modified_gmt":"2026-04-27T12:40:30","slug":"vigilancia-ambiental-realiza-acao-contra-a-dengue-e-leptospirose-nos-mercados-publicos-de-joao-pessoa","status":"publish","type":"post","link":"https:\/\/ejornais.com.br\/index.php\/2026\/04\/27\/vigilancia-ambiental-realiza-acao-contra-a-dengue-e-leptospirose-nos-mercados-publicos-de-joao-pessoa\/","title":{"rendered":"Vigil\u00e2ncia Ambiental realiza a\u00e7\u00e3o contra a dengue e leptospirose nos mercados p\u00fablicos de Jo\u00e3o Pessoa"},"content":{"rendered":"<p><\/p>\n<div>\n<p>A Secretaria Municipal de Sa\u00fade de Jo\u00e3o Pessoa (SMS-JP), por meio da Ger\u00eancia de Vigil\u00e2ncia Ambiental (GVAM), dar\u00e1 in\u00edcio, a partir desta ter\u00e7a-feira (28), a uma grande a\u00e7\u00e3o de car\u00e1ter preventivo e educativo contra a dengue e a leptospirose nos mercados p\u00fablicos de Jo\u00e3o Pessoa.<\/p>\n<figure class=\"wp-block-gallery has-nested-images columns-default is-cropped wp-block-gallery-1 is-layout-flex wp-block-gallery-is-layout-flex\">\n<figure class=\"wp-block-image size-large\"><\/figure>\n<figure class=\"wp-block-image size-large\"><\/figure>\n<\/figure>\n<p>Nesta primeira etapa, realizada na \u00faltima semana do m\u00eas de abril, o Mercado Central ser\u00e1 visitado nesta ter\u00e7a-feira pelos agentes da GVAM e de combate \u00e0s endemias. Na sequ\u00eancia, os profissionais dever\u00e3o realizar as atividades educativas na quarta-feira (29), no Mercado de Oitizeiro, e no dia 30 as equipes estar\u00e3o no Mercado de Cruz das Armas.<\/p>\n<p>O trabalho nos mercados p\u00fablicos ser\u00e1 feito atrav\u00e9s de di\u00e1logo, conscientiza\u00e7\u00e3o e entrega de panfletos informativos e educativos sobre dengue e leptospirose. \u201cContaremos com a participa\u00e7\u00e3o de 10 educadores em sa\u00fade ambiental do setor de Educa\u00e7\u00e3o em Sa\u00fade da Ger\u00eancia de Vigil\u00e2ncia Ambiental da SMS-JP, al\u00e9m de agentes de combate \u00e0s endemias do territ\u00f3rio\u201d, relatou Juliana Trigo, gerente da GVAM.<\/p>\n<p><strong>Conscientiza\u00e7\u00e3o \u2013 <\/strong>A atividade dever\u00e1 conscientizar a popula\u00e7\u00e3o que visita os mercados p\u00fablicos, sejam moradores do territ\u00f3rio, turistas e visitantes, para os cuidados de preven\u00e7\u00e3o da dengue e da leptospirose, mostrando o correto descarte dos lixos, com vistas \u00e0 redu\u00e7\u00e3o de casos dessas doen\u00e7as entre a popula\u00e7\u00e3o, pois um dos fatores mais importantes que a popula\u00e7\u00e3o deve observar \u00e9 o descarte correto dos res\u00edduos.<\/p>\n<p>\u201cCaso esse descarte estiver sendo feito de forma errada, pode estimular a prolifera\u00e7\u00e3o dos animais sinantr\u00f3picos e pe\u00e7onhentos, impactando na pr\u00f3pria sa\u00fade dos feirantes e da popula\u00e7\u00e3o em geral\u201d, complementou a gerente da GVAM.<\/p>\n<p><strong>Dengue \u2013 <\/strong>A dengue \u00e9 uma doen\u00e7a viral infecciosa febril aguda, transmitida pela picada da f\u00eamea do mosquito <em>Aedes aegypti<\/em>. Seus sintomas duram de tr\u00eas a sete dias e caracterizam-se por febre alta (39\u00b0C a 40\u00b0C), dores no corpo, articula\u00e7\u00f5es e atr\u00e1s dos olhos, podendo evoluir para formas graves com sangramentos e, raramente, \u00f3bito. O tratamento \u00e9 baseado em hidrata\u00e7\u00e3o intensa, e a preven\u00e7\u00e3o foca no combate ao mosquito.<\/p>\n<p><strong>Leptospirose<\/strong> \u2013 \u00c9 uma doen\u00e7a infecciosa febril aguda, causada pela bact\u00e9ria Leptospira. A transmiss\u00e3o se d\u00e1 pelo contato com \u00e1gua, lama ou solo contaminados pela urina de ratos (principalmente) e outros animais. A bact\u00e9ria penetra por feridas na pele, mucosas ou pele \u00edntegra imersa por muito tempo na \u00e1gua. Os sintomas incluem febre, dor de cabe\u00e7a e dores no corpo, especialmente na panturrilha. O diagn\u00f3stico precoce \u00e9 essencial, e o tratamento \u00e9 feito com antibi\u00f3ticos.<\/p>\n<\/p><\/div>\n","protected":false},"excerpt":{"rendered":"<p>A Secretaria Municipal de Sa\u00fade de Jo\u00e3o Pessoa (SMS-JP), por meio da Ger\u00eancia de Vigil\u00e2ncia Ambiental (GVAM), dar\u00e1 in\u00edcio, a<\/p>\n","protected":false},"author":2,"featured_media":0,"comment_status":"","ping_status":"","sticky":false,"template":"","format":"standard","meta":{"colormag_page_container_layout":"default_layout","colormag_page_sidebar_layout":"default_layout","footnotes":""},"categories":[1],"tags":[],"class_list":["post-64773","post","type-post","status-publish","format-standard","hentry","category-ejornais"],"aioseo_notices":[],"amp_enabled":true,"_links":{"self":[{"href":"https:\/\/ejornais.com.br\/index.php\/wp-json\/wp\/v2\/posts\/64773","targetHints":{"allow":["GET"]}}],"collection":[{"href":"https:\/\/ejornais.com.br\/index.php\/wp-json\/wp\/v2\/posts"}],"about":[{"href":"https:\/\/ejornais.com.br\/index.php\/wp-json\/wp\/v2\/types\/post"}],"author":[{"embeddable":true,"href":"https:\/\/ejornais.com.br\/index.php\/wp-json\/wp\/v2\/users\/2"}],"replies":[{"embeddable":true,"href":"https:\/\/ejornais.com.br\/index.php\/wp-json\/wp\/v2\/comments?post=64773"}],"version-history":[{"count":0,"href":"https:\/\/ejornais.com.br\/index.php\/wp-json\/wp\/v2\/posts\/64773\/revisions"}],"wp:attachment":[{"href":"https:\/\/ejornais.com.br\/index.php\/wp-json\/wp\/v2\/media?parent=64773"}],"wp:term":[{"taxonomy":"category","embeddable":true,"href":"https:\/\/ejornais.com.br\/index.php\/wp-json\/wp\/v2\/categories?post=64773"},{"taxonomy":"post_tag","embeddable":true,"href":"https:\/\/ejornais.com.br\/index.php\/wp-json\/wp\/v2\/tags?post=64773"}],"curies":[{"name":"wp","href":"https:\/\/api.w.org\/{rel}","templated":true}]}}