{"id":64774,"date":"2026-04-27T09:58:29","date_gmt":"2026-04-27T12:58:29","guid":{"rendered":"https:\/\/ejornais.com.br\/index.php\/2026\/04\/27\/pf-apreende-mais-de-duas-toneladas-de-maconha-prensada-no-parana\/"},"modified":"2026-04-27T09:58:29","modified_gmt":"2026-04-27T12:58:29","slug":"pf-apreende-mais-de-duas-toneladas-de-maconha-prensada-no-parana","status":"publish","type":"post","link":"https:\/\/ejornais.com.br\/index.php\/2026\/04\/27\/pf-apreende-mais-de-duas-toneladas-de-maconha-prensada-no-parana\/","title":{"rendered":"PF apreende mais de duas toneladas de maconha prensada no Paran\u00e1"},"content":{"rendered":"<p> Por MRNews<br \/>\n<\/p>\n<div wp_automatic_readability=\"31.718431372549\">\n<p><strong>Ao abordar um caminh\u00e3o que trafegava pela BR-277, nas proximidades de Guarapuava, no Paran\u00e1, a For\u00e7a Integrada de Combate ao Crime Organizado no Paran\u00e1 (Ficco\/PR), formada pela Pol\u00edcia Federal (PF), o Batalh\u00e3o de Pol\u00edcia de Fronteira da Pol\u00edcia Militar e a Pol\u00edcia Rodovi\u00e1ria Federal, encontrou aproximadamente 2.223 quilos (kg) de maconha prensada. Junto com a maconha, os agentes tamb\u00e9m acharam 357 kg de subst\u00e2ncia an\u00e1loga \u00e0 maconha.<\/strong><\/p>\n<p>No decorrer da vistoria, tamb\u00e9m foram encontrados dois pares de placas que seriam as originais do ve\u00edculo abordado.<\/p>\n<p>Al\u00e9m da droga, foram apreendidos o caminh\u00e3o e a carga transportada.A maconha estava escondida sob uma carga de 25 toneladas de alho tipo exporta\u00e7\u00e3o. O motorista foi preso.<\/p>\n<p><strong><a href=\"https:\/\/mrnews.com.br\/index.php\/2026\/04\/27\/canetas-emagrecedoras-sao-tema-do-caminhos-da-reportagem-desta-segunda\/\">Canetas emagrecedoras s\u00e3o tema do Caminhos da Reportagem desta segunda<\/a><\/strong><\/p>\n<p><strong><a href=\"https:\/\/mrnews.com.br\/index.php\/2026\/04\/27\/cartao-azul-itau-oferece-ate-100-mil-pontos-bonus-para-novos-clientes\/\">Cart\u00e3o Azul Ita\u00fa oferece at\u00e9 100 mil pontos b\u00f4nus para novos clientes<\/a><\/strong><\/p>\n<p>De acordo com a PF, a a\u00e7\u00e3o da Ficco\/PR foi resultado do trabalho de integra\u00e7\u00e3o e compartilhamento de informa\u00e7\u00f5es entre as for\u00e7as de seguran\u00e7a e ocorreu neste domingo (26).<\/p>\n<p>O preso e todo o material apreendido foram encaminhados \u00e0 Delegacia da PF em Guarapuava, onde foram adotados os procedimentos cab\u00edveis de pol\u00edcia judici\u00e1ria.<\/p>\n<\/div>\n","protected":false},"excerpt":{"rendered":"<p>Por MRNews Ao abordar um caminh\u00e3o que trafegava pela BR-277, nas proximidades de Guarapuava, no Paran\u00e1, a For\u00e7a Integrada de<\/p>\n","protected":false},"author":2,"featured_media":0,"comment_status":"","ping_status":"","sticky":false,"template":"","format":"standard","meta":{"colormag_page_container_layout":"default_layout","colormag_page_sidebar_layout":"default_layout","footnotes":""},"categories":[1],"tags":[],"class_list":["post-64774","post","type-post","status-publish","format-standard","hentry","category-ejornais"],"aioseo_notices":[],"amp_enabled":true,"_links":{"self":[{"href":"https:\/\/ejornais.com.br\/index.php\/wp-json\/wp\/v2\/posts\/64774","targetHints":{"allow":["GET"]}}],"collection":[{"href":"https:\/\/ejornais.com.br\/index.php\/wp-json\/wp\/v2\/posts"}],"about":[{"href":"https:\/\/ejornais.com.br\/index.php\/wp-json\/wp\/v2\/types\/post"}],"author":[{"embeddable":true,"href":"https:\/\/ejornais.com.br\/index.php\/wp-json\/wp\/v2\/users\/2"}],"replies":[{"embeddable":true,"href":"https:\/\/ejornais.com.br\/index.php\/wp-json\/wp\/v2\/comments?post=64774"}],"version-history":[{"count":0,"href":"https:\/\/ejornais.com.br\/index.php\/wp-json\/wp\/v2\/posts\/64774\/revisions"}],"wp:attachment":[{"href":"https:\/\/ejornais.com.br\/index.php\/wp-json\/wp\/v2\/media?parent=64774"}],"wp:term":[{"taxonomy":"category","embeddable":true,"href":"https:\/\/ejornais.com.br\/index.php\/wp-json\/wp\/v2\/categories?post=64774"},{"taxonomy":"post_tag","embeddable":true,"href":"https:\/\/ejornais.com.br\/index.php\/wp-json\/wp\/v2\/tags?post=64774"}],"curies":[{"name":"wp","href":"https:\/\/api.w.org\/{rel}","templated":true}]}}