{"id":64786,"date":"2026-04-27T14:01:28","date_gmt":"2026-04-27T17:01:28","guid":{"rendered":"https:\/\/ejornais.com.br\/index.php\/2026\/04\/27\/juros-elevados-mantem-pressao-sobre-endividamento-das-familias\/"},"modified":"2026-04-27T14:01:28","modified_gmt":"2026-04-27T17:01:28","slug":"juros-elevados-mantem-pressao-sobre-endividamento-das-familias","status":"publish","type":"post","link":"https:\/\/ejornais.com.br\/index.php\/2026\/04\/27\/juros-elevados-mantem-pressao-sobre-endividamento-das-familias\/","title":{"rendered":"Juros elevados mant\u00eam press\u00e3o sobre endividamento das fam\u00edlias"},"content":{"rendered":"<p> Por MRNews<br \/>\n<\/p>\n<div wp_automatic_readability=\"101.68310911809\">\n<p>As Estat\u00edsticas Monet\u00e1rias e de Cr\u00e9dito, divulgadas nesta segunda-feira (27) pelo Banco Central (BC), indicam que as fam\u00edlias seguem pressionadas por cr\u00e9dito caro e recorrem ao uso de modalidades de curto prazo, como o cart\u00e3o de cr\u00e9dito.<\/p>\n<p><strong>Em mar\u00e7o, a taxa m\u00e9dia de juros do cr\u00e9dito livre \u00e0s pessoas f\u00edsicas permaneceu elevada, em 61,5% ao ano, apesar do recuo mensal de 0,4 ponto percentual (p.p).<\/strong><\/p>\n<p>Com o brasileiro pagando juros t\u00e3o altos, a inadimpl\u00eancia do cr\u00e9dito total do Sistema Financeiro Nacional (SFN) ficou em 4,3% da carteira em mar\u00e7o, com queda de 0,1 p.p. no m\u00eas, mas aumento de 1,0 p.p. em 12 meses.<\/p>\n<p><strong><a href=\"https:\/\/mrnews.com.br\/index.php\/2026\/04\/27\/anvisa-suspende-venda-de-xaropes-com-clobutinol\/\">Anvisa suspende venda de xaropes com clobutinol<\/a><\/strong><\/p>\n<p><strong><a href=\"https:\/\/mrnews.com.br\/index.php\/2026\/04\/27\/assassinatos-e-casos-de-trabalho-escravo-no-campo-aumentam-no-pais\/\">Assassinatos e casos de trabalho escravo no campo aumentam no pa\u00eds<\/a><\/strong><\/p>\n<p><strong>Entre as fam\u00edlias, a taxa chegou a 5,3%, com avan\u00e7o de 1,4 p.p. em um ano.<\/strong><\/p>\n<p>De acordo com as Estat\u00edsticas Monet\u00e1rias e de Cr\u00e9dito do BC, o endividamento das fam\u00edlias brasileiras atingiu 49,9% em fevereiro (aumento de 0,1 p.p. no m\u00eas, e de 1,3 p.p. em 12 meses), enquanto o comprometimento da renda com d\u00edvidas alcan\u00e7ou 29,7% (alta de 0,2 p.p. no m\u00eas e de 1,9 p.p. na compara\u00e7\u00e3o anual).<\/p>\n<h2>Cr\u00e9dito \u00e0s fam\u00edlias segue em expans\u00e3o<\/h2>\n<p>O saldo das opera\u00e7\u00f5es de cr\u00e9dito do Sistema Financeiro Nacional (SFN) somou R$ 7,2 trilh\u00f5es em mar\u00e7o, com crescimento de 0,9% no m\u00eas.<\/p>\n<p><strong>O cr\u00e9dito \u00e0s fam\u00edlias alcan\u00e7ou R$ 4,5 trilh\u00f5es, com alta mensal de 0,8% e expans\u00e3o de 10,9% em 12 meses.<\/strong><\/p>\n<p><strong><a href=\"https:\/\/mrnews.com.br\/index.php\/2026\/04\/27\/boletim-focus-mercado-preve-inflacao-de-486-em-2026\/\">Boletim Focus: mercado prev\u00ea infla\u00e7\u00e3o de 4,86% em 2026<\/a><\/strong><\/p>\n<p><strong><a href=\"https:\/\/mrnews.com.br\/index.php\/2026\/04\/27\/plataforma-cruza-dados-para-rastrear-cadeias-de-commodities\/\">Plataforma cruza dados para rastrear cadeias de commodities<\/a><\/strong><\/p>\n<p>No cr\u00e9dito livre destinado \u00e0s pessoas f\u00edsicas, o saldo chegou a R$ 2,5 trilh\u00f5es, avan\u00e7ando 1,1% no m\u00eas e 12,3% em rela\u00e7\u00e3o a mar\u00e7o de 2025. <strong>O BC destacou o aumento das opera\u00e7\u00f5es com cart\u00e3o de cr\u00e9dito \u00e0 vista, cr\u00e9dito consignado para trabalhadores do setor privado e financiamentos de ve\u00edculos.<\/strong><\/p>\n<p>J\u00e1 o cr\u00e9dito direcionado \u00e0s fam\u00edlias \u2014 que inclui linhas com recursos e condi\u00e7\u00f5es definidas por regras espec\u00edficas \u2014 totalizou R$ 2,0 trilh\u00f5es, com crescimento de 0,5% no m\u00eas e 9,3% em 12 meses.<\/p>\n<h2>Cr\u00e9dito ampliado alcan\u00e7a R$ 21 trilh\u00f5es<\/h2>\n<p>O cr\u00e9dito ampliado ao setor n\u00e3o financeiro totalizou R$ 21,0 trilh\u00f5es em mar\u00e7o, o equivalente a 162,3% do Produto Interno Bruto (PIB \u2013 soma de todos os bens e servi\u00e7os finais produzidos por um pa\u00eds, estado ou cidade, geralmente em um ano), com leve retra\u00e7\u00e3o de 0,3% no m\u00eas. <strong>Em 12 meses, houve crescimento de 11,2%.<\/strong><\/p>\n<p>O cr\u00e9dito ampliado \u00e0s empresas atingiu R$ 7,1 trilh\u00f5es, com expans\u00e3o mensal de 1,5%, impulsionada principalmente pelos t\u00edtulos privados de d\u00edvida, empr\u00e9stimos externos e opera\u00e7\u00f5es do SFN.<\/p>\n<\/div>\n","protected":false},"excerpt":{"rendered":"<p>Por MRNews As Estat\u00edsticas Monet\u00e1rias e de Cr\u00e9dito, divulgadas nesta segunda-feira (27) pelo Banco Central (BC), indicam que as fam\u00edlias<\/p>\n","protected":false},"author":2,"featured_media":0,"comment_status":"","ping_status":"","sticky":false,"template":"","format":"standard","meta":{"colormag_page_container_layout":"default_layout","colormag_page_sidebar_layout":"default_layout","footnotes":""},"categories":[1],"tags":[],"class_list":["post-64786","post","type-post","status-publish","format-standard","hentry","category-ejornais"],"aioseo_notices":[],"amp_enabled":true,"_links":{"self":[{"href":"https:\/\/ejornais.com.br\/index.php\/wp-json\/wp\/v2\/posts\/64786","targetHints":{"allow":["GET"]}}],"collection":[{"href":"https:\/\/ejornais.com.br\/index.php\/wp-json\/wp\/v2\/posts"}],"about":[{"href":"https:\/\/ejornais.com.br\/index.php\/wp-json\/wp\/v2\/types\/post"}],"author":[{"embeddable":true,"href":"https:\/\/ejornais.com.br\/index.php\/wp-json\/wp\/v2\/users\/2"}],"replies":[{"embeddable":true,"href":"https:\/\/ejornais.com.br\/index.php\/wp-json\/wp\/v2\/comments?post=64786"}],"version-history":[{"count":0,"href":"https:\/\/ejornais.com.br\/index.php\/wp-json\/wp\/v2\/posts\/64786\/revisions"}],"wp:attachment":[{"href":"https:\/\/ejornais.com.br\/index.php\/wp-json\/wp\/v2\/media?parent=64786"}],"wp:term":[{"taxonomy":"category","embeddable":true,"href":"https:\/\/ejornais.com.br\/index.php\/wp-json\/wp\/v2\/categories?post=64786"},{"taxonomy":"post_tag","embeddable":true,"href":"https:\/\/ejornais.com.br\/index.php\/wp-json\/wp\/v2\/tags?post=64786"}],"curies":[{"name":"wp","href":"https:\/\/api.w.org\/{rel}","templated":true}]}}