{"id":64794,"date":"2026-04-27T16:26:33","date_gmt":"2026-04-27T19:26:33","guid":{"rendered":"https:\/\/ejornais.com.br\/index.php\/2026\/04\/27\/submissao-de-trabalhos-cientificos-esta-aberta-ate-10-de-maio-agencia-de-noticias-do-governo-de-mato-grosso-do-sul\/"},"modified":"2026-04-27T16:26:33","modified_gmt":"2026-04-27T19:26:33","slug":"submissao-de-trabalhos-cientificos-esta-aberta-ate-10-de-maio-agencia-de-noticias-do-governo-de-mato-grosso-do-sul","status":"publish","type":"post","link":"https:\/\/ejornais.com.br\/index.php\/2026\/04\/27\/submissao-de-trabalhos-cientificos-esta-aberta-ate-10-de-maio-agencia-de-noticias-do-governo-de-mato-grosso-do-sul\/","title":{"rendered":"submiss\u00e3o de trabalhos cient\u00edficos est\u00e1 aberta at\u00e9 10 de maio \u2013 Ag\u00eancia de Noticias do Governo de Mato Grosso do Sul"},"content":{"rendered":"<p><\/p>\n<div>\n<p>O prazo para a submiss\u00e3o de trabalhos cient\u00edficos da Semana da Enfermagem do HRMS (Hospital Regional de Mato Grosso do Sul) j\u00e1 est\u00e1 aberto. Os trabalhos podem ser enviados at\u00e9 o dia 10 de maio.<\/p>\n<p>A Semana da Enfermagem acontece entre os dias 25 e 29 de maio e, neste ano, tem como tema \u201cPromo\u00e7\u00e3o da Sa\u00fade em todos os ciclos da vida\u201d. A programa\u00e7\u00e3o inclui desde minicursos e palestras at\u00e9 mesas-redondas e apresenta\u00e7\u00e3o oral dos trabalhos cient\u00edficos. O evento tamb\u00e9m disponibiliza momentos para as PICS (Pr\u00e1ticas Integrativas e Complementares em Sa\u00fade), tamb\u00e9m conhecidas como terapias complementares.<\/p>\n<p>\u201cO HRMS \u00e9 o maior hospital p\u00fablico de Mato Grosso do Sul e a Semana da Enfermagem vem para celebrar o Dia do Enfermeiro e dos T\u00e9cnicos de Enfermagem e tamb\u00e9m para disseminar conhecimento. \u00c9 um espa\u00e7o para a troca de viv\u00eancias, aprendizado e atualiza\u00e7\u00e3o, al\u00e9m de incentivo \u00e0 produ\u00e7\u00e3o cient\u00edfica\u201d, explica a coordenadora da Semana da Enfermagem do HRMS, Juliana Leite Liberalli.<\/p>\n<p>Juliana Liberalli explica, ainda, que a programa\u00e7\u00e3o proposta tem a ideia de aproximar institui\u00e7\u00f5es, profissionais, estudantes, residentes e pesquisadores, criando uma rede que fortale\u00e7a a promo\u00e7\u00e3o de sa\u00fade em todos os ciclos da vida. As inscri\u00e7\u00f5es para o evento ser\u00e3o abertas em breve.<\/p>\n<p><strong>Submiss\u00e3o de trabalhos<\/strong><\/p>\n<p>Ser\u00e3o aceitos trabalhos que se enquadrem em uma das categorias a seguir: Inova\u00e7\u00e3o; Relato de experi\u00eancia; ou Estudo de caso. Para ser submetido, \u00e9 necess\u00e1rio que seja um resumo simples de, no m\u00ednimo, 250 palavras, e, no m\u00e1ximo, 500. O modelo do resumo para submiss\u00e3o est\u00e1 dispon\u00edvel\u00a0<span style=\"color: #0000ff;\"><strong>aqui<\/strong><\/span>. O resumo deve ser enviado para o e-mail semana.da.enfermagem.hrms@gmail.com.<\/p>\n<p>Cada trabalho pode ter at\u00e9 oito autores e deve ser indicado, em negrito, o autor respons\u00e1vel pela apresenta\u00e7\u00e3o oral no dia 28 de maio, \u00e0s 9h.<\/p>\n<p>Cada modelo deve conter as seguintes informa\u00e7\u00f5es:<\/p>\n<ul class=\"wp-block-list\">\n<li><strong>Inova\u00e7\u00f5es:<\/strong>\u00a0introdu\u00e7\u00e3o, objetivo, metodologia, resultados esperados\/alcan\u00e7ados, aplicabilidade;<\/li>\n<li><strong>Relato de experi\u00eancia:<\/strong>\u00a0introdu\u00e7\u00e3o, atividades realizadas, considera\u00e7\u00f5es finais;<\/li>\n<li><strong>Estudo de caso:\u00a0<\/strong>introdu\u00e7\u00e3o, objetivo, metodologia, resultados, considera\u00e7\u00f5es finais.<\/li>\n<\/ul>\n<p>O autor respons\u00e1vel pela submiss\u00e3o ser\u00e1 comunicado, por e-mail, sobre o aceite do trabalho, al\u00e9m do hor\u00e1rio e dia da apresenta\u00e7\u00e3o, al\u00e9m do formato do\u00a0<em>template<\/em>.<\/p>\n<p><em>Patr\u00edcia Belarmino, Comunica\u00e7\u00e3o HRMS<\/em><\/p>\n<\/div>\n","protected":false},"excerpt":{"rendered":"<p>O prazo para a submiss\u00e3o de trabalhos cient\u00edficos da Semana da Enfermagem do HRMS (Hospital Regional de Mato Grosso do<\/p>\n","protected":false},"author":2,"featured_media":0,"comment_status":"","ping_status":"","sticky":false,"template":"","format":"standard","meta":{"colormag_page_container_layout":"default_layout","colormag_page_sidebar_layout":"default_layout","footnotes":""},"categories":[1],"tags":[],"class_list":["post-64794","post","type-post","status-publish","format-standard","hentry","category-ejornais"],"aioseo_notices":[],"amp_enabled":true,"_links":{"self":[{"href":"https:\/\/ejornais.com.br\/index.php\/wp-json\/wp\/v2\/posts\/64794","targetHints":{"allow":["GET"]}}],"collection":[{"href":"https:\/\/ejornais.com.br\/index.php\/wp-json\/wp\/v2\/posts"}],"about":[{"href":"https:\/\/ejornais.com.br\/index.php\/wp-json\/wp\/v2\/types\/post"}],"author":[{"embeddable":true,"href":"https:\/\/ejornais.com.br\/index.php\/wp-json\/wp\/v2\/users\/2"}],"replies":[{"embeddable":true,"href":"https:\/\/ejornais.com.br\/index.php\/wp-json\/wp\/v2\/comments?post=64794"}],"version-history":[{"count":0,"href":"https:\/\/ejornais.com.br\/index.php\/wp-json\/wp\/v2\/posts\/64794\/revisions"}],"wp:attachment":[{"href":"https:\/\/ejornais.com.br\/index.php\/wp-json\/wp\/v2\/media?parent=64794"}],"wp:term":[{"taxonomy":"category","embeddable":true,"href":"https:\/\/ejornais.com.br\/index.php\/wp-json\/wp\/v2\/categories?post=64794"},{"taxonomy":"post_tag","embeddable":true,"href":"https:\/\/ejornais.com.br\/index.php\/wp-json\/wp\/v2\/tags?post=64794"}],"curies":[{"name":"wp","href":"https:\/\/api.w.org\/{rel}","templated":true}]}}