{"id":64844,"date":"2026-04-28T11:38:05","date_gmt":"2026-04-28T14:38:05","guid":{"rendered":"https:\/\/ejornais.com.br\/index.php\/2026\/04\/28\/agencia-minas-gerais-cemig-e-incluida-pela-26a-vez-no-indice-dow-jones-best-in-class-dj-bic\/"},"modified":"2026-04-28T11:38:05","modified_gmt":"2026-04-28T14:38:05","slug":"agencia-minas-gerais-cemig-e-incluida-pela-26a-vez-no-indice-dow-jones-best-in-class-dj-bic","status":"publish","type":"post","link":"https:\/\/ejornais.com.br\/index.php\/2026\/04\/28\/agencia-minas-gerais-cemig-e-incluida-pela-26a-vez-no-indice-dow-jones-best-in-class-dj-bic\/","title":{"rendered":"Ag\u00eancia Minas Gerais | Cemig \u00e9 inclu\u00edda pela 26\u00aa vez no \u00cdndice Dow Jones Best in Class (DJ BIC)"},"content":{"rendered":"<p><\/p>\n<div>\n<p>A Cemig foi inclu\u00edda na edi\u00e7\u00e3o 2025 do \u00cdndice Dow Jones Best in Class (DJ BIC), um dos mais importantes do mundo, juntamente com outras nove empresas do setor el\u00e9trico mundial.<\/p>\n<p>Com base na an\u00e1lise de desempenho dos pilares de sustentabilidade, o DJ BIC lista as empresas que se destacam por suas pr\u00e1ticas de gest\u00e3o social, ambiental e econ\u00f4mica.<\/p>\n<p>S\u00e3o 26 anos consecutivos que marcam a perman\u00eancia da companhia como a \u00fanica empresa do setor el\u00e9trico fora da Europa a fazer parte do \u00edndice desde a sua cria\u00e7\u00e3o, em 1999.<\/p>\n<p>A nova composi\u00e7\u00e3o do Dow Jones Best-in-Class World Index re\u00fane apenas as empresas com melhor desempenho em sustentabilidade no mundo. Para isso, mais de 2,5 mil companhias de diferentes setores e pa\u00edses s\u00e3o avaliadas, e somente as 10% mais bem classificadas em seus respectivos segmentos s\u00e3o selecionadas para integrar o \u00edndice.<\/p>\n<p>Estar entre essas 10% significa que a empresa est\u00e1 no grupo de excel\u00eancia global, com pr\u00e1ticas de gest\u00e3o social, ambiental e econ\u00f4mica consideradas refer\u00eancia internacional.<\/p>\n<p>Anualmente, a composi\u00e7\u00e3o do \u00edndice \u00e9 renovada, sendo uma refer\u00eancia mundial para investidores e ag\u00eancias financeiras internacionais que se baseiam nesse \u00edndice para tomada de decis\u00e3o em investimentos socialmente respons\u00e1veis.<\/p>\n<p>As empresas foram avaliadas por meio de um question\u00e1rio e informa\u00e7\u00f5es p\u00fablicas. A sele\u00e7\u00e3o foi conduzida pela S&amp;P Dow Jones Indices (S&amp;P Global), institui\u00e7\u00e3o especializada em gest\u00e3o de ativos e na oferta de produtos e servi\u00e7os relacionados a investimentos sustent\u00e1veis, sendo todo o processo auditado pela Deloitte.<\/p>\n<p>De acordo com o presidente da Cemig, Reynaldo Passanezi Filho, a Cemig comemora a confirma\u00e7\u00e3o da perman\u00eancia no \u00edndice por 26 anos consecutivos e acredita que o reconhecimento se deu devido \u00e0s boas pr\u00e1ticas adotadas pela empresa h\u00e1 quase tr\u00eas d\u00e9cadas.<\/p>\n<p>&#8220;Este resultado vem de uma estrat\u00e9gia criteriosa da companhia, que dialoga diretamente com a agenda ESG, pensando sempre no impulsionamento da transi\u00e7\u00e3o energ\u00e9tica no Brasil e servindo como modelo para o mercado. Assim, seguimos com pr\u00e1ticas sustent\u00e1veis no relacionamento com empregados, fornecedores e clientes, criando valor para os seus acionistas e contribuindo para o bem-estar da sociedade&#8221;, afirma o CEO da energ\u00e9tica mineira.<\/p>\n<p>Para ele, a Cemig, sendo uma das precursoras na agenda de ESG no Brasil e com a presen\u00e7a no \u00cdndice Dow Jones de Sustentabilidade h\u00e1 tanto tempo, refor\u00e7a a import\u00e2ncia que sempre deu ao tema, mesmo quando ele ainda n\u00e3o era t\u00e3o presente nas discuss\u00f5es na sociedade e nas empresas.<\/p>\n<p>Mais detalhes sobre as pr\u00e1ticas socioambientais adotadas pela Cemig podem ser obtidos nos relat\u00f3rios de sustentabilidade dispon\u00edveis no site da companhia.<\/p>\n<p><strong>Sele\u00e7\u00e3o e reconhecimento <\/strong><\/p>\n<p>O conjunto de \u00edndices, incluindo Dow Jones Best-in-Class World Index (DJ BIC World), foi originalmente lan\u00e7ado em 1999 como a s\u00e9rie pioneira de benchmarks de sustentabilidade \u201cglobal best-in-class\u201d dispon\u00edveis no mercado.<\/p>\n<p>A sele\u00e7\u00e3o \u00e9 composta por empresas do mundo que, em seus diferentes setores econ\u00f4micos, se destacam pelo seu desempenho em sustentabilidade e a sua adapta\u00e7\u00e3o \u00e0s tend\u00eancias de mercado, sendo capazes de criar valor para os acionistas no m\u00e9dio e longo prazo.<\/p>\n<\/p><\/div>\n","protected":false},"excerpt":{"rendered":"<p>A Cemig foi inclu\u00edda na edi\u00e7\u00e3o 2025 do \u00cdndice Dow Jones Best in Class (DJ BIC), um dos mais importantes<\/p>\n","protected":false},"author":2,"featured_media":0,"comment_status":"","ping_status":"","sticky":false,"template":"","format":"standard","meta":{"colormag_page_container_layout":"default_layout","colormag_page_sidebar_layout":"default_layout","footnotes":""},"categories":[1],"tags":[],"class_list":["post-64844","post","type-post","status-publish","format-standard","hentry","category-ejornais"],"aioseo_notices":[],"amp_enabled":true,"_links":{"self":[{"href":"https:\/\/ejornais.com.br\/index.php\/wp-json\/wp\/v2\/posts\/64844","targetHints":{"allow":["GET"]}}],"collection":[{"href":"https:\/\/ejornais.com.br\/index.php\/wp-json\/wp\/v2\/posts"}],"about":[{"href":"https:\/\/ejornais.com.br\/index.php\/wp-json\/wp\/v2\/types\/post"}],"author":[{"embeddable":true,"href":"https:\/\/ejornais.com.br\/index.php\/wp-json\/wp\/v2\/users\/2"}],"replies":[{"embeddable":true,"href":"https:\/\/ejornais.com.br\/index.php\/wp-json\/wp\/v2\/comments?post=64844"}],"version-history":[{"count":0,"href":"https:\/\/ejornais.com.br\/index.php\/wp-json\/wp\/v2\/posts\/64844\/revisions"}],"wp:attachment":[{"href":"https:\/\/ejornais.com.br\/index.php\/wp-json\/wp\/v2\/media?parent=64844"}],"wp:term":[{"taxonomy":"category","embeddable":true,"href":"https:\/\/ejornais.com.br\/index.php\/wp-json\/wp\/v2\/categories?post=64844"},{"taxonomy":"post_tag","embeddable":true,"href":"https:\/\/ejornais.com.br\/index.php\/wp-json\/wp\/v2\/tags?post=64844"}],"curies":[{"name":"wp","href":"https:\/\/api.w.org\/{rel}","templated":true}]}}