{"id":64848,"date":"2026-04-28T12:59:26","date_gmt":"2026-04-28T15:59:26","guid":{"rendered":"https:\/\/ejornais.com.br\/index.php\/2026\/04\/28\/pf-e-receita-combatem-fraude-de-r-86-bilhoes-no-porto-do-rio\/"},"modified":"2026-04-28T12:59:26","modified_gmt":"2026-04-28T15:59:26","slug":"pf-e-receita-combatem-fraude-de-r-86-bilhoes-no-porto-do-rio","status":"publish","type":"post","link":"https:\/\/ejornais.com.br\/index.php\/2026\/04\/28\/pf-e-receita-combatem-fraude-de-r-86-bilhoes-no-porto-do-rio\/","title":{"rendered":"PF e Receita combatem fraude de R$ 86 bilh\u00f5es no Porto do Rio"},"content":{"rendered":"<p> Por MRNews<br \/>\n<\/p>\n<div wp_automatic_readability=\"47.762773722628\">\n<p>A Pol\u00edcia Federal, a Receita Federal e Minist\u00e9rio P\u00fablico Federal deflagraram, nesta ter\u00e7a-feira (28), a <strong>Opera\u00e7\u00e3o Mare Liberum\u00a0<\/strong>para combater a corrup\u00e7\u00e3o na alf\u00e2ndega do Porto do Rio.<\/p>\n<p>Segundo a Receita, o esquema envolveu a <strong>movimenta\u00e7\u00e3o de R$ 86,6 bilh\u00f5es em mercadorias<\/strong>, de julho de 2021 a mar\u00e7o de 2026, com pagamento de dezenas de milh\u00f5es em propinas.<\/p>\n<p>A associa\u00e7\u00e3o criminosa investigada envolve importadores, despachantes e servidores p\u00fablicos\u00a0que atuam na facilita\u00e7\u00e3o de contrabando e descaminho.<\/p>\n<p><strong><a href=\"https:\/\/mrnews.com.br\/index.php\/2026\/04\/28\/gasolina-e-alimentos-pressionam-e-previa-da-inflacao-sobe-para-089\/\">Gasolina e alimentos pressionam, e pr\u00e9via da infla\u00e7\u00e3o sobe para 0,89%<\/a><\/strong><\/p>\n<p><strong><a href=\"https:\/\/mrnews.com.br\/index.php\/2026\/04\/28\/iniciativa-seleciona-jovens-para-tratamento-odontologico-gratuito\/\">Iniciativa seleciona jovens para tratamento odontol\u00f3gico gratuito<\/a><\/strong><\/p>\n<p>Est\u00e3o sendo cumpridos <strong>45 mandados de busca e apreens\u00e3o no Rio de Janeiro e em Vit\u00f3ria, no Esp\u00edrito Santo<\/strong>, al\u00e9m do <strong>afastamento dos cargos de 17 auditores fiscais e oito analistas tribut\u00e1rios<\/strong>, medidas de bloqueio de bens e restri\u00e7\u00f5es a atividades profissionais.<\/p>\n<p>As investiga\u00e7\u00f5es apontam a atua\u00e7\u00e3o de grupo estruturado na libera\u00e7\u00e3o irregular de mercadorias, com diverg\u00eancias entre produtos importados e declarados, sem o pagamento de tributos.<\/p>\n<p>\u00c9 a maior opera\u00e7\u00e3o da hist\u00f3ria da Corregedoria da Receita Federal.\u00a0 A investiga\u00e7\u00e3o foi iniciada em 2022 a partir de controles internos da corregedoria e den\u00fancias. <strong>Mais de 100 servidores da Receita e 200 policiais federais participam das dilig\u00eancias de hoje.<\/strong><\/p>\n<blockquote wp_automatic_readability=\"8.039603960396\">\n<p>\u201cA Receita Federal est\u00e1 estruturando imediatamente a\u00e7\u00f5es de apoio ao Porto do Rio de Janeiro para manter a fluidez do com\u00e9rcio, al\u00e9m se revisar as opera\u00e7\u00f5es irregulares realizadas no per\u00edodo investigado\u201d, diz o fisco. \u00a0<\/p>\n<p><strong><a href=\"https:\/\/mrnews.com.br\/index.php\/2026\/04\/28\/mauricio-mattar-fala-sobre-diagnostico-de-transtorno-e-revela-como-lida-com-a-condicao-aos-61-anos\/\">Mauricio Mattar fala sobre diagn\u00f3stico de transtorno e revela como lida com a condi\u00e7\u00e3o aos 61 anos<\/a><\/strong><\/p>\n<p><strong><a href=\"https:\/\/mrnews.com.br\/index.php\/2026\/04\/28\/fim-da-escala-6x1-estudos-divergem-sobre-impactos-no-pib-e-inflacao\/\">Fim da escala 6\u00d71: estudos divergem sobre impactos no PIB e infla\u00e7\u00e3o<\/a><\/strong><\/p>\n<\/blockquote>\n<p>Novas medidas ocorrer\u00e3o para responsabiliza\u00e7\u00e3o de quem pagou a propina.Os investigados poder\u00e3o responder por crimes como <strong>corrup\u00e7\u00e3o, associa\u00e7\u00e3o criminosa, contrabando, descaminho e lavagem de dinheiro<\/strong>, entre outros.<\/p>\n<\/div>\n","protected":false},"excerpt":{"rendered":"<p>Por MRNews A Pol\u00edcia Federal, a Receita Federal e Minist\u00e9rio P\u00fablico Federal deflagraram, nesta ter\u00e7a-feira (28), a Opera\u00e7\u00e3o Mare Liberum\u00a0para<\/p>\n","protected":false},"author":2,"featured_media":0,"comment_status":"","ping_status":"","sticky":false,"template":"","format":"standard","meta":{"colormag_page_container_layout":"default_layout","colormag_page_sidebar_layout":"default_layout","footnotes":""},"categories":[1],"tags":[],"class_list":["post-64848","post","type-post","status-publish","format-standard","hentry","category-ejornais"],"aioseo_notices":[],"amp_enabled":true,"_links":{"self":[{"href":"https:\/\/ejornais.com.br\/index.php\/wp-json\/wp\/v2\/posts\/64848","targetHints":{"allow":["GET"]}}],"collection":[{"href":"https:\/\/ejornais.com.br\/index.php\/wp-json\/wp\/v2\/posts"}],"about":[{"href":"https:\/\/ejornais.com.br\/index.php\/wp-json\/wp\/v2\/types\/post"}],"author":[{"embeddable":true,"href":"https:\/\/ejornais.com.br\/index.php\/wp-json\/wp\/v2\/users\/2"}],"replies":[{"embeddable":true,"href":"https:\/\/ejornais.com.br\/index.php\/wp-json\/wp\/v2\/comments?post=64848"}],"version-history":[{"count":0,"href":"https:\/\/ejornais.com.br\/index.php\/wp-json\/wp\/v2\/posts\/64848\/revisions"}],"wp:attachment":[{"href":"https:\/\/ejornais.com.br\/index.php\/wp-json\/wp\/v2\/media?parent=64848"}],"wp:term":[{"taxonomy":"category","embeddable":true,"href":"https:\/\/ejornais.com.br\/index.php\/wp-json\/wp\/v2\/categories?post=64848"},{"taxonomy":"post_tag","embeddable":true,"href":"https:\/\/ejornais.com.br\/index.php\/wp-json\/wp\/v2\/tags?post=64848"}],"curies":[{"name":"wp","href":"https:\/\/api.w.org\/{rel}","templated":true}]}}