{"id":64858,"date":"2026-04-28T17:02:30","date_gmt":"2026-04-28T20:02:30","guid":{"rendered":"https:\/\/ejornais.com.br\/index.php\/2026\/04\/28\/deputado-gustavo-gayer-vira-reu-no-stf-por-injuria-contra-lula\/"},"modified":"2026-04-28T17:02:30","modified_gmt":"2026-04-28T20:02:30","slug":"deputado-gustavo-gayer-vira-reu-no-stf-por-injuria-contra-lula","status":"publish","type":"post","link":"https:\/\/ejornais.com.br\/index.php\/2026\/04\/28\/deputado-gustavo-gayer-vira-reu-no-stf-por-injuria-contra-lula\/","title":{"rendered":"Deputado Gustavo Gayer vira r\u00e9u no STF por inj\u00faria contra Lula"},"content":{"rendered":"<p> Por MRNews<br \/>\n<\/p>\n<div wp_automatic_readability=\"48.725914477074\">\n<p>A Primeira Turma do Supremo Tribunal Federal (STF) decidiu nesta ter\u00e7a-feira (28) tornar o deputado federal Gustavo Gayer (PL-GO) r\u00e9u pelo crime de inj\u00faria contra o presidente Luiz In\u00e1cio Lula da Silva.<\/p>\n<p><strong>Por unanimidade, o colegiado aceitou den\u00fancia apresentada pela Procuradoria-Geral da Rep\u00fablica (PGR) contra o parlamentar pela postagem de uma imagem falsa para associar o presidente ao grupo terrorista Hamas e ao nazismo.<\/strong><\/p>\n<p>Em 2024, o deputado manipulou uma foto de Lula e colocou o presidente com vestimentas militares e uma bra\u00e7adeira com s\u00edmbolo da su\u00e1stica nazista. A imagem falsa foi produzida por intelig\u00eancia artificial.<\/p>\n<p><strong><a href=\"https:\/\/mrnews.com.br\/index.php\/2026\/04\/28\/estudo-de-longo-prazo-na-amazonia-descarta-teoria-de-savanizacao\/\">Estudo de longo prazo na Amaz\u00f4nia descarta teoria de savaniza\u00e7\u00e3o<\/a><\/strong><\/p>\n<p><strong><a href=\"https:\/\/mrnews.com.br\/index.php\/2026\/04\/28\/elo-mira-mercado-ultra-premium-e-aumenta-disputa-com-visa-e-mastercard-no-brasil\/\">Elo mira mercado ultra premium e aumenta disputa com Visa e Mastercard no Brasil<\/a><\/strong><\/p>\n<p><strong>Ap\u00f3s a publica\u00e7\u00e3o, a Advocacia-Geral da Uni\u00e3o (AGU) solicitou ao deputado a remo\u00e7\u00e3o da postagem e acionou o Minist\u00e9rio da Justi\u00e7a.<\/strong> Em seguida, a Pol\u00edcia Federal (PF) abriu um inqu\u00e9rito contra o deputado.<\/p>\n<p>Na sess\u00e3o desta ter\u00e7a-feira, por 4 votos a 0, a turma acompanhou voto proferido pelo relator, ministro Fl\u00e1vio Dino, pela abertura da a\u00e7\u00e3o penal contra Gayer.\u00a0<\/p>\n<p><strong>Dino argumenta que o uso de intelig\u00eancia artificial para postar uma montagem n\u00e3o est\u00e1 acobertada pela imunidade parlamentar.<\/strong><\/p>\n<p>\u201cEsse tema adquire especial gravidade em tempos de perigos\u00edssimas manipula\u00e7\u00f5es de imagem e de vozes\u201d, afirmou.<\/p>\n<p><strong><a href=\"https:\/\/mrnews.com.br\/index.php\/2026\/04\/28\/lista-de-peixes-e-invertebrados-ameacados-de-extincao-e-atualizada\/\">Lista de peixes e invertebrados amea\u00e7ados de extin\u00e7\u00e3o \u00e9 atualizada<\/a><\/strong><\/p>\n<p><strong><a href=\"https:\/\/mrnews.com.br\/index.php\/2026\/04\/28\/revolut-ultra-x-santander-unlimited-qual-cartao-premium-vale-mais-a-pena-em-2026\/\">Revolut Ultra x Santander Unlimited: qual cart\u00e3o premium vale mais a pena em 2026?<\/a><\/strong><\/p>\n<p>O entendimento foi acompanhado pelos ministros Alexandre de Moraes, Cristiano Zanin e C\u00e1rmen L\u00facia.<\/p>\n<h2>Defesa<\/h2>\n<p><strong>Durante a tramita\u00e7\u00e3o do inqu\u00e9rito, a Procuradoria-Geral da Rep\u00fablica (PGR) prop\u00f4s a suspens\u00e3o do processo, mas a defesa do deputado n\u00e3o compareceu.<\/strong><\/p>\n<p>Na sess\u00e3o desta ter\u00e7a-feira, Gayer tamb\u00e9m n\u00e3o indicou advogado.<\/p>\n<\/div>\n","protected":false},"excerpt":{"rendered":"<p>Por MRNews A Primeira Turma do Supremo Tribunal Federal (STF) decidiu nesta ter\u00e7a-feira (28) tornar o deputado federal Gustavo Gayer<\/p>\n","protected":false},"author":2,"featured_media":0,"comment_status":"","ping_status":"","sticky":false,"template":"","format":"standard","meta":{"colormag_page_container_layout":"default_layout","colormag_page_sidebar_layout":"default_layout","footnotes":""},"categories":[1],"tags":[],"class_list":["post-64858","post","type-post","status-publish","format-standard","hentry","category-ejornais"],"aioseo_notices":[],"amp_enabled":true,"_links":{"self":[{"href":"https:\/\/ejornais.com.br\/index.php\/wp-json\/wp\/v2\/posts\/64858","targetHints":{"allow":["GET"]}}],"collection":[{"href":"https:\/\/ejornais.com.br\/index.php\/wp-json\/wp\/v2\/posts"}],"about":[{"href":"https:\/\/ejornais.com.br\/index.php\/wp-json\/wp\/v2\/types\/post"}],"author":[{"embeddable":true,"href":"https:\/\/ejornais.com.br\/index.php\/wp-json\/wp\/v2\/users\/2"}],"replies":[{"embeddable":true,"href":"https:\/\/ejornais.com.br\/index.php\/wp-json\/wp\/v2\/comments?post=64858"}],"version-history":[{"count":0,"href":"https:\/\/ejornais.com.br\/index.php\/wp-json\/wp\/v2\/posts\/64858\/revisions"}],"wp:attachment":[{"href":"https:\/\/ejornais.com.br\/index.php\/wp-json\/wp\/v2\/media?parent=64858"}],"wp:term":[{"taxonomy":"category","embeddable":true,"href":"https:\/\/ejornais.com.br\/index.php\/wp-json\/wp\/v2\/categories?post=64858"},{"taxonomy":"post_tag","embeddable":true,"href":"https:\/\/ejornais.com.br\/index.php\/wp-json\/wp\/v2\/tags?post=64858"}],"curies":[{"name":"wp","href":"https:\/\/api.w.org\/{rel}","templated":true}]}}