{"id":64862,"date":"2026-04-28T18:21:30","date_gmt":"2026-04-28T21:21:30","guid":{"rendered":"https:\/\/ejornais.com.br\/index.php\/2026\/04\/28\/sistema-inedito-de-assistencia-farmaceutica-e-implantado-em-campo-grande-cgnoticias\/"},"modified":"2026-04-28T18:21:30","modified_gmt":"2026-04-28T21:21:30","slug":"sistema-inedito-de-assistencia-farmaceutica-e-implantado-em-campo-grande-cgnoticias","status":"publish","type":"post","link":"https:\/\/ejornais.com.br\/index.php\/2026\/04\/28\/sistema-inedito-de-assistencia-farmaceutica-e-implantado-em-campo-grande-cgnoticias\/","title":{"rendered":"Sistema in\u00e9dito de assist\u00eancia farmac\u00eautica \u00e9 implantado em Campo Grande \u2013 CGNot\u00edcias"},"content":{"rendered":"<p><\/p>\n<div>\n<p>Campo Grande se torna o primeiro munic\u00edpio do Brasil a implantar o e-SUS Assist\u00eancia Farmac\u00eautica (e-SUS AF), sistema do Minist\u00e9rio da Sa\u00fade que qualifica a gest\u00e3o de medicamentos e fortalece o atendimento \u00e0 popula\u00e7\u00e3o.<\/p>\n<p>A implanta\u00e7\u00e3o come\u00e7ou nesta ter\u00e7a-feira (28), com treinamento ministrado por t\u00e9cnicos do Minist\u00e9rio da Sa\u00fade para capacitar as equipes. A partir de amanh\u00e3, o sistema entra em opera\u00e7\u00e3o em duas unidades de sa\u00fade da Capital: Leblon e Moreninhas, que ser\u00e3o usadas como projeto-piloto para a expans\u00e3o em toda a rede.<\/p>\n<p>Segundo a assessora do Departamento de Assist\u00eancia Farmac\u00eautica e Insumos Estrat\u00e9gicos (DAF) do Minist\u00e9rio da Sa\u00fade, Luana Kohler, a iniciativa integra a estrat\u00e9gia nacional de transforma\u00e7\u00e3o digital na sa\u00fade. \u201cHoje iniciamos a segunda rodada de treinamento e vamos iniciar a implanta\u00e7\u00e3o do sistema, que vem para substituir o H\u00f3rus e modernizar toda a gest\u00e3o da assist\u00eancia farmac\u00eautica\u201d, explicou.<\/p>\n<p>Ela destaca ainda a integra\u00e7\u00e3o da plataforma com bases nacionais de dados. \u201cO sistema se integra a bases nacionais, permitindo um acompanhamento mais preciso e qualificado dos dados em sa\u00fade\u201d, completou.<\/p>\n<figure class=\"wp-block-image  has-caption size-large\"><figcaption class=\"wp-element-caption\">Screenshot<\/figcaption><\/figure>\n<p>Outro ponto \u00e9 o modelo colaborativo de desenvolvimento. \u201cO e-SUS AF est\u00e1 sendo desenvolvido em parceria com o Instituto Federal da Para\u00edba (IFPB), com uma equipe dedicada \u00e0 evolu\u00e7\u00e3o e manuten\u00e7\u00e3o da plataforma. Al\u00e9m disso, haver\u00e1 uma rede de apoiadores em cada estado para auxiliar na implanta\u00e7\u00e3o e no uso do sistema\u201d, disse.<\/p>\n<p>A ades\u00e3o ao sistema \u00e9 volunt\u00e1ria, mas estrat\u00e9gica, segundo Luana. \u201c\u00c9 uma iniciativa constru\u00edda de forma tripartite, entre Uni\u00e3o, estados e munic\u00edpios. Campo Grande \u00e9 o primeiro munic\u00edpio a aderir e implantar o sistema em sua pr\u00f3pria infraestrutura, o que \u00e9 muito significativo\u201d, afirmou.<\/p>\n<p>A capacita\u00e7\u00e3o das equipes \u00e9 considerada etapa essencial. Para a analista de neg\u00f3cios do IFPB, Lilian Zollikofer, o sistema vai qualificar a gest\u00e3o da assist\u00eancia farmac\u00eautica. \u201cEstamos realizando a capacita\u00e7\u00e3o e apoiando a implanta\u00e7\u00e3o do sistema em Campo Grande. O e-SUS AF vem para organizar toda a gest\u00e3o da assist\u00eancia farmac\u00eautica, controlando entradas e sa\u00eddas de medicamentos e qualificando o atendimento tanto para os usu\u00e1rios quanto para os profissionais\u201d, explicou.<\/p>\n<figure class=\"wp-block-image size-large\"><\/figure>\n<p>O diretor-presidente da Agetec, Leandro Basmage, destaca o impacto da tecnologia no atendimento. \u201cNo fim, tudo isso se traduz em um atendimento melhor para a popula\u00e7\u00e3o. Quando a tecnologia funciona bem nos bastidores, quem ganha \u00e9 o cidad\u00e3o l\u00e1 na ponta\u201d, afirmou.<\/p>\n<p>Ap\u00f3s a fase inicial, ser\u00e1 feito o planejamento para expans\u00e3o do sistema em toda a rede municipal, em parceria com a Secretaria Municipal de Sa\u00fade (Sesau). \u201cVamos trabalhar em conjunto para organizar a migra\u00e7\u00e3o completa para o novo sistema e ampliar o uso para outras unidades de sa\u00fade\u201d, finalizou Basmage.<\/p>\n<\/div>\n<p><script async defer async defer src=\"https:\/\/connect.facebook.net\/en_US\/sdk.js?ver=1#xfbml=1&amp;version=v3.2\" id=\"prefeitura-campogrande-script-facebook-sdk-js\"><\/script><\/p>\n","protected":false},"excerpt":{"rendered":"<p>Campo Grande se torna o primeiro munic\u00edpio do Brasil a implantar o e-SUS Assist\u00eancia Farmac\u00eautica (e-SUS AF), sistema do Minist\u00e9rio<\/p>\n","protected":false},"author":2,"featured_media":0,"comment_status":"","ping_status":"","sticky":false,"template":"","format":"standard","meta":{"colormag_page_container_layout":"default_layout","colormag_page_sidebar_layout":"default_layout","footnotes":""},"categories":[1],"tags":[],"class_list":["post-64862","post","type-post","status-publish","format-standard","hentry","category-ejornais"],"aioseo_notices":[],"amp_enabled":true,"_links":{"self":[{"href":"https:\/\/ejornais.com.br\/index.php\/wp-json\/wp\/v2\/posts\/64862","targetHints":{"allow":["GET"]}}],"collection":[{"href":"https:\/\/ejornais.com.br\/index.php\/wp-json\/wp\/v2\/posts"}],"about":[{"href":"https:\/\/ejornais.com.br\/index.php\/wp-json\/wp\/v2\/types\/post"}],"author":[{"embeddable":true,"href":"https:\/\/ejornais.com.br\/index.php\/wp-json\/wp\/v2\/users\/2"}],"replies":[{"embeddable":true,"href":"https:\/\/ejornais.com.br\/index.php\/wp-json\/wp\/v2\/comments?post=64862"}],"version-history":[{"count":0,"href":"https:\/\/ejornais.com.br\/index.php\/wp-json\/wp\/v2\/posts\/64862\/revisions"}],"wp:attachment":[{"href":"https:\/\/ejornais.com.br\/index.php\/wp-json\/wp\/v2\/media?parent=64862"}],"wp:term":[{"taxonomy":"category","embeddable":true,"href":"https:\/\/ejornais.com.br\/index.php\/wp-json\/wp\/v2\/categories?post=64862"},{"taxonomy":"post_tag","embeddable":true,"href":"https:\/\/ejornais.com.br\/index.php\/wp-json\/wp\/v2\/tags?post=64862"}],"curies":[{"name":"wp","href":"https:\/\/api.w.org\/{rel}","templated":true}]}}