{"id":64909,"date":"2026-04-29T13:16:31","date_gmt":"2026-04-29T16:16:31","guid":{"rendered":"https:\/\/ejornais.com.br\/index.php\/2026\/04\/29\/agetran-instala-semaforo-proximo-a-santa-casa-nesta-quarta-feira-29-cgnoticias\/"},"modified":"2026-04-29T13:16:31","modified_gmt":"2026-04-29T16:16:31","slug":"agetran-instala-semaforo-proximo-a-santa-casa-nesta-quarta-feira-29-cgnoticias","status":"publish","type":"post","link":"https:\/\/ejornais.com.br\/index.php\/2026\/04\/29\/agetran-instala-semaforo-proximo-a-santa-casa-nesta-quarta-feira-29-cgnoticias\/","title":{"rendered":"Agetran instala sem\u00e1foro pr\u00f3ximo \u00e0 Santa Casa nesta quarta-feira (29) \u2013 CGNot\u00edcias"},"content":{"rendered":"<p><\/p>\n<div>\n<p>A Ag\u00eancia Municipal de Transporte e Tr\u00e2nsito (Agetran) implantou, nesta quarta-feira (29), um novo conjunto semaf\u00f3rico no cruzamento da Rua Rui Barbosa com a Travessa Pepe Simioli, em Campo Grande. A medida busca aumentar a seguran\u00e7a vi\u00e1ria e organizar o fluxo de ve\u00edculos e pedestres em uma regi\u00e3o de grande circula\u00e7\u00e3o.<\/p>\n<p>O ponto atende especialmente \u00e0 demanda de pacientes, acompanhantes e profissionais que transitam diariamente nas imedia\u00e7\u00f5es da Santa Casa de Campo Grande e de cl\u00ednicas instaladas no entorno, onde o movimento \u00e9 intenso ao longo de todo o dia.<\/p>\n<p>Com a instala\u00e7\u00e3o do equipamento, a travessia de pedestres passa a contar com maior seguran\u00e7a, al\u00e9m de contribuir para o ordenamento do tr\u00e2nsito no cruzamento. A expectativa \u00e9 reduzir conflitos entre ve\u00edculos e melhorar a fluidez na via.<\/p>\n<p>A regi\u00e3o concentra servi\u00e7os de sa\u00fade e grande fluxo de pessoas, o que exige aten\u00e7\u00e3o cont\u00ednua do poder p\u00fablico para garantir mobilidade segura e acess\u00edvel.<\/p>\n<p>A Agetran informou que segue monitorando pontos estrat\u00e9gicos da cidade para promover melhorias no tr\u00e2nsito, com foco na preserva\u00e7\u00e3o de vidas e na seguran\u00e7a de motoristas, motociclistas, ciclistas e pedestres.<\/p>\n<p><em>#ParaTodosVerem: A imagem de capa mostra os funcion\u00e1rios da agetran durante a instala\u00e7\u00e3o <\/em><\/p>\n<\/div>\n<p><script async defer async defer src=\"https:\/\/connect.facebook.net\/en_US\/sdk.js?ver=1#xfbml=1&amp;version=v3.2\" id=\"prefeitura-campogrande-script-facebook-sdk-js\"><\/script><\/p>\n","protected":false},"excerpt":{"rendered":"<p>A Ag\u00eancia Municipal de Transporte e Tr\u00e2nsito (Agetran) implantou, nesta quarta-feira (29), um novo conjunto semaf\u00f3rico no cruzamento da Rua<\/p>\n","protected":false},"author":2,"featured_media":0,"comment_status":"","ping_status":"","sticky":false,"template":"","format":"standard","meta":{"colormag_page_container_layout":"default_layout","colormag_page_sidebar_layout":"default_layout","footnotes":""},"categories":[1],"tags":[],"class_list":["post-64909","post","type-post","status-publish","format-standard","hentry","category-ejornais"],"aioseo_notices":[],"amp_enabled":true,"_links":{"self":[{"href":"https:\/\/ejornais.com.br\/index.php\/wp-json\/wp\/v2\/posts\/64909","targetHints":{"allow":["GET"]}}],"collection":[{"href":"https:\/\/ejornais.com.br\/index.php\/wp-json\/wp\/v2\/posts"}],"about":[{"href":"https:\/\/ejornais.com.br\/index.php\/wp-json\/wp\/v2\/types\/post"}],"author":[{"embeddable":true,"href":"https:\/\/ejornais.com.br\/index.php\/wp-json\/wp\/v2\/users\/2"}],"replies":[{"embeddable":true,"href":"https:\/\/ejornais.com.br\/index.php\/wp-json\/wp\/v2\/comments?post=64909"}],"version-history":[{"count":0,"href":"https:\/\/ejornais.com.br\/index.php\/wp-json\/wp\/v2\/posts\/64909\/revisions"}],"wp:attachment":[{"href":"https:\/\/ejornais.com.br\/index.php\/wp-json\/wp\/v2\/media?parent=64909"}],"wp:term":[{"taxonomy":"category","embeddable":true,"href":"https:\/\/ejornais.com.br\/index.php\/wp-json\/wp\/v2\/categories?post=64909"},{"taxonomy":"post_tag","embeddable":true,"href":"https:\/\/ejornais.com.br\/index.php\/wp-json\/wp\/v2\/tags?post=64909"}],"curies":[{"name":"wp","href":"https:\/\/api.w.org\/{rel}","templated":true}]}}