{"id":64939,"date":"2026-04-30T01:26:40","date_gmt":"2026-04-30T04:26:40","guid":{"rendered":"https:\/\/ejornais.com.br\/index.php\/2026\/04\/30\/alerj-limita-aplicacao-de-recursos-a-bancos-federais\/"},"modified":"2026-04-30T01:26:40","modified_gmt":"2026-04-30T04:26:40","slug":"alerj-limita-aplicacao-de-recursos-a-bancos-federais","status":"publish","type":"post","link":"https:\/\/ejornais.com.br\/index.php\/2026\/04\/30\/alerj-limita-aplicacao-de-recursos-a-bancos-federais\/","title":{"rendered":"Alerj limita aplica\u00e7\u00e3o de recursos a bancos federais"},"content":{"rendered":"<p> Por MRNews<br \/>\n<\/p>\n<div wp_automatic_readability=\"71.187361769352\">\n<p><strong>Os recursos do Fundo Previdenci\u00e1rio do estado do Rio ter\u00e3o que ser aplicados apenas em institui\u00e7\u00f5es financeiras p\u00fablicas federais, restringindo a aplica\u00e7\u00e3o de recursos a bancos estatais.<\/strong><\/p>\n<p>\u00c9 o que prop\u00f5e o projeto de lei, de autoria dos deputados Luiz Paulo (PSD) e Guilherme Delaroli (PL), que a Assembleia Legislativa do Estado do Rio de Janeiro (Alerj) aprovou, nesta quarta-feira (29), em segunda discuss\u00e3o.<\/p>\n<p><strong>O texto agora segue para o governo do Estado, que ter\u00e1 at\u00e9 15 dias \u00fateis para sancionar ou vetar a proposta.<\/strong><\/p>\n<p><strong><a href=\"https:\/\/mrnews.com.br\/index.php\/2026\/04\/30\/show-de-shakira-no-rio-tera-esquema-especial-de-seguranca-e-transporte\/\">Show de Shakira no Rio ter\u00e1 esquema especial de seguran\u00e7a e transporte<\/a><\/strong><\/p>\n<p><strong><a href=\"https:\/\/mrnews.com.br\/index.php\/2026\/04\/29\/celso-de-mello-diz-que-senado-cometeu-grave-equivoco-institucional\/\">Celso de Mello diz que Senado cometeu grave equ\u00edvoco institucional<\/a><\/strong><\/p>\n<p>A norma altera a Lei 3.189\/99 que refor\u00e7a a seguran\u00e7a na gest\u00e3o dos recursos do Fundo \u00danico de Previd\u00eancia Social do Estado, o Rioprevid\u00eancia. A medida visa a <strong>reduzir riscos e aumentar a prote\u00e7\u00e3o do patrim\u00f4nio previdenci\u00e1rio dos servidores p\u00fablicos e inativos do Rio de Janeiro.<\/strong><\/p>\n<p>A nova reda\u00e7\u00e3o determina que a pol\u00edtica de investimentos dever\u00e1 <strong>priorizar, acima de tudo, a seguran\u00e7a dos ativos, limitando as aplica\u00e7\u00f5es a institui\u00e7\u00f5es p\u00fablicas federais<\/strong>. Al\u00e9m disso, refor\u00e7a que, uma vez definida a pol\u00edtica de investimentos pelo Conselho de Administra\u00e7\u00e3o do Rioprevid\u00eancia, a execu\u00e7\u00e3o dessas aplica\u00e7\u00f5es dever\u00e1 seguir essa mesma diretriz, garantindo seguran\u00e7a aos recursos aplicados.<\/p>\n<p>De acordo com o documento, o <strong>Rioprevid\u00eancia dever\u00e1 emitir, semestralmente, e disponibilizar, em seu site, relat\u00f3rio detalhado sobre a aplica\u00e7\u00e3o dos recursos em fundos de investimento<\/strong>, contendo, no m\u00ednimo:<\/p>\n<ul>\n<li>Plano Anual de Investimentos;<\/li>\n<li>identifica\u00e7\u00e3o das institui\u00e7\u00f5es financeiras e dos fundos receptores, com respectivos nomes e CNPJs;<\/li>\n<li>alores aplicados, acompanhados das correspondentes taxas de juros ou formas de remunera\u00e7\u00e3o;<\/li>\n<li>demonstrativo dos custos de gest\u00e3o de carteiras, com a discrimina\u00e7\u00e3o das taxas de administra\u00e7\u00e3o, taxas de performance e dos valores pagos pelos servi\u00e7os de cust\u00f3dia de ativos.<\/li>\n<\/ul>\n<p>As opera\u00e7\u00f5es de investimento que ultrapassem os limites ou crit\u00e9rios definidos em regulamento dever\u00e3o ser precedidas de <strong>parecer t\u00e9cnico formal da \u00e1rea competente, aprova\u00e7\u00e3o expressa do Conselho de Administra\u00e7\u00e3o, registrada em ata e divulga\u00e7\u00e3o resumida no site da autarquia<\/strong>.<\/p>\n<p><strong><a href=\"https:\/\/mrnews.com.br\/index.php\/2026\/04\/29\/fachin-diz-que-respeita-decisao-do-senado-que-barrou-messias\/\">Fachin diz que respeita decis\u00e3o do Senado que barrou Messias<\/a><\/strong><\/p>\n<p><strong><a href=\"https:\/\/mrnews.com.br\/index.php\/2026\/04\/29\/nao-e-simples-mas-senado-e-soberano-diz-messias-apos-rejeicao\/\">\u201cN\u00e3o \u00e9 simples, mas Senado \u00e9 soberano\u201d, diz Messias ap\u00f3s rejei\u00e7\u00e3o<\/a><\/strong><\/p>\n<p>A medida busca diminuir a exposi\u00e7\u00e3o do fundo a riscos de mercado, ao evitar aplica\u00e7\u00f5es em institui\u00e7\u00f5es privadas.<\/p>\n<blockquote wp_automatic_readability=\"9\">\n<p>\u201cCom essa mudan\u00e7a pretendemos assegurar maior estabilidade e prote\u00e7\u00e3o aos recursos p\u00fablicos, especialmente por se tratar de valores destinados ao pagamento de aposentadorias e pens\u00f5es\u201d, afirmou Delaroli.<\/p>\n<\/blockquote>\n<p>Haver\u00e1 tamb\u00e9m a necessidade de <strong>equilibrar seguran\u00e7a e rentabilidade<\/strong>, priorizando pr\u00e1ticas que preservem o interesse p\u00fablico e a sustentabilidade financeira do sistema previdenci\u00e1rio estadual. \u201cA expectativa \u00e9 de que a medida reduza riscos associados a oscila\u00e7\u00f5es do mercado e aumente a previsibilidade na gest\u00e3o dos recursos\u201d, explicou Luiz Paulo.<\/p>\n<\/div>\n","protected":false},"excerpt":{"rendered":"<p>Por MRNews Os recursos do Fundo Previdenci\u00e1rio do estado do Rio ter\u00e3o que ser aplicados apenas em institui\u00e7\u00f5es financeiras p\u00fablicas<\/p>\n","protected":false},"author":2,"featured_media":0,"comment_status":"","ping_status":"","sticky":false,"template":"","format":"standard","meta":{"colormag_page_container_layout":"default_layout","colormag_page_sidebar_layout":"default_layout","footnotes":""},"categories":[1],"tags":[],"class_list":["post-64939","post","type-post","status-publish","format-standard","hentry","category-ejornais"],"aioseo_notices":[],"amp_enabled":true,"_links":{"self":[{"href":"https:\/\/ejornais.com.br\/index.php\/wp-json\/wp\/v2\/posts\/64939","targetHints":{"allow":["GET"]}}],"collection":[{"href":"https:\/\/ejornais.com.br\/index.php\/wp-json\/wp\/v2\/posts"}],"about":[{"href":"https:\/\/ejornais.com.br\/index.php\/wp-json\/wp\/v2\/types\/post"}],"author":[{"embeddable":true,"href":"https:\/\/ejornais.com.br\/index.php\/wp-json\/wp\/v2\/users\/2"}],"replies":[{"embeddable":true,"href":"https:\/\/ejornais.com.br\/index.php\/wp-json\/wp\/v2\/comments?post=64939"}],"version-history":[{"count":0,"href":"https:\/\/ejornais.com.br\/index.php\/wp-json\/wp\/v2\/posts\/64939\/revisions"}],"wp:attachment":[{"href":"https:\/\/ejornais.com.br\/index.php\/wp-json\/wp\/v2\/media?parent=64939"}],"wp:term":[{"taxonomy":"category","embeddable":true,"href":"https:\/\/ejornais.com.br\/index.php\/wp-json\/wp\/v2\/categories?post=64939"},{"taxonomy":"post_tag","embeddable":true,"href":"https:\/\/ejornais.com.br\/index.php\/wp-json\/wp\/v2\/tags?post=64939"}],"curies":[{"name":"wp","href":"https:\/\/api.w.org\/{rel}","templated":true}]}}