{"id":64963,"date":"2026-04-30T10:58:37","date_gmt":"2026-04-30T13:58:37","guid":{"rendered":"https:\/\/ejornais.com.br\/index.php\/2026\/04\/30\/sas-abre-inscricoes-para-grupo-de-saude-mental-e-qualidade-de-vida-cgnoticias\/"},"modified":"2026-04-30T10:58:37","modified_gmt":"2026-04-30T13:58:37","slug":"sas-abre-inscricoes-para-grupo-de-saude-mental-e-qualidade-de-vida-cgnoticias","status":"publish","type":"post","link":"https:\/\/ejornais.com.br\/index.php\/2026\/04\/30\/sas-abre-inscricoes-para-grupo-de-saude-mental-e-qualidade-de-vida-cgnoticias\/","title":{"rendered":"SAS abre inscri\u00e7\u00f5es para grupo de sa\u00fade mental e qualidade de vida \u2013 CGNot\u00edcias"},"content":{"rendered":"<p><\/p>\n<div>\n<p>A Secretaria de Assist\u00eancia Social e Cidadania (SAS), por meio da Ger\u00eancia de Trabalho e Educa\u00e7\u00e3o Permanente, est\u00e1 com inscri\u00e7\u00f5es abertas para mais uma edi\u00e7\u00e3o do Grupo Reflexivo Multidisciplinar em Sa\u00fade Mental e Qualidade de Vida do Servidor. A a\u00e7\u00e3o integra o programa de aten\u00e7\u00e3o \u00e0 sa\u00fade mental e qualidade de vida do trabalhador \u201cCuidando de Quem Cuida\u201d.<\/p>\n<p>O programa tem como objetivo sensibilizar os profissionais da SAS para a ado\u00e7\u00e3o de h\u00e1bitos mais saud\u00e1veis, contribuindo para a preven\u00e7\u00e3o e a redu\u00e7\u00e3o do adoecimento mental.<\/p>\n<p>Os servidores inscritos participar\u00e3o de atividades em grupo nos dias 13 e 20 de maio, das 9h \u00e0s 11h, na Unigran, localizada na Avenida Abr\u00e3o J\u00falio Rahe, 325, Centro. O Grupo Reflexivo Multidisciplinar promove atendimentos conduzidos por uma equipe composta por profissionais de enfermagem, fisioterapia, psicologia, educa\u00e7\u00e3o f\u00edsica, nutri\u00e7\u00e3o, m\u00fasica e est\u00e9tica, propondo reflex\u00f5es sobre sa\u00fade mental de forma ampliada e qualidade de vida no ambiente de trabalho.<\/p>\n<p>No primeiro encontro, os participantes ir\u00e3o vivenciar uma din\u00e2mica conduzida por profissionais de Educa\u00e7\u00e3o F\u00edsica e Nutri\u00e7\u00e3o. J\u00e1 no segundo dia, as atividades ser\u00e3o desenvolvidas por um profissional de Psicologia.<\/p>\n<p>Todos os servi\u00e7os s\u00e3o gratuitos e realizados por meio de parceria com institui\u00e7\u00f5es de ensino superior, com orienta\u00e7\u00e3o e supervis\u00e3o de docentes.<\/p>\n<p><strong>Programa<\/strong><\/p>\n<p>A gerente de Gest\u00e3o da Informa\u00e7\u00e3o do Trabalho do SUAS, Elaine Telles, explica que o programa j\u00e1 soma quase 7 mil atendimentos e inclui grupos reflexivos, al\u00e9m de pesquisas cient\u00edficas sobre a qualidade de vida nas 46 unidades da secretaria.<\/p>\n<p>Em mar\u00e7o, o \u201cCuidando de Quem Cuida\u201d passou a contar com uma nova sala para atendimentos individuais, que funciona na sede da SAS. O servi\u00e7o \u00e9 ofertado em parceria com institui\u00e7\u00f5es de ensino superior, como a Insted.<\/p>\n<p>O atendimento tamb\u00e9m \u00e9 gratuito e pode ser agendado pelo telefone (67) 3314-4482, ramal 6000. Os interessados podem se inscrever por meio do link: https:\/\/forms.gle\/FgXUWLmqTroHWosB7 <\/p>\n<p><em>#ParaTodosVerem: Imagem de um curso realizado. <\/em><\/p>\n<\/div>\n<p><script async defer async defer src=\"https:\/\/connect.facebook.net\/en_US\/sdk.js?ver=1#xfbml=1&amp;version=v3.2\" id=\"prefeitura-campogrande-script-facebook-sdk-js\"><\/script><\/p>\n","protected":false},"excerpt":{"rendered":"<p>A Secretaria de Assist\u00eancia Social e Cidadania (SAS), por meio da Ger\u00eancia de Trabalho e Educa\u00e7\u00e3o Permanente, est\u00e1 com inscri\u00e7\u00f5es<\/p>\n","protected":false},"author":2,"featured_media":0,"comment_status":"","ping_status":"","sticky":false,"template":"","format":"standard","meta":{"colormag_page_container_layout":"default_layout","colormag_page_sidebar_layout":"default_layout","footnotes":""},"categories":[1],"tags":[],"class_list":["post-64963","post","type-post","status-publish","format-standard","hentry","category-ejornais"],"aioseo_notices":[],"amp_enabled":true,"_links":{"self":[{"href":"https:\/\/ejornais.com.br\/index.php\/wp-json\/wp\/v2\/posts\/64963","targetHints":{"allow":["GET"]}}],"collection":[{"href":"https:\/\/ejornais.com.br\/index.php\/wp-json\/wp\/v2\/posts"}],"about":[{"href":"https:\/\/ejornais.com.br\/index.php\/wp-json\/wp\/v2\/types\/post"}],"author":[{"embeddable":true,"href":"https:\/\/ejornais.com.br\/index.php\/wp-json\/wp\/v2\/users\/2"}],"replies":[{"embeddable":true,"href":"https:\/\/ejornais.com.br\/index.php\/wp-json\/wp\/v2\/comments?post=64963"}],"version-history":[{"count":0,"href":"https:\/\/ejornais.com.br\/index.php\/wp-json\/wp\/v2\/posts\/64963\/revisions"}],"wp:attachment":[{"href":"https:\/\/ejornais.com.br\/index.php\/wp-json\/wp\/v2\/media?parent=64963"}],"wp:term":[{"taxonomy":"category","embeddable":true,"href":"https:\/\/ejornais.com.br\/index.php\/wp-json\/wp\/v2\/categories?post=64963"},{"taxonomy":"post_tag","embeddable":true,"href":"https:\/\/ejornais.com.br\/index.php\/wp-json\/wp\/v2\/tags?post=64963"}],"curies":[{"name":"wp","href":"https:\/\/api.w.org\/{rel}","templated":true}]}}