{"id":64966,"date":"2026-04-30T11:59:30","date_gmt":"2026-04-30T14:59:30","guid":{"rendered":"https:\/\/ejornais.com.br\/index.php\/2026\/04\/30\/documenta-rio-nas-escolas-realiza-quase-400-atendimentos-na-barreira-do-vasco-prefeitura-da-cidade-do-rio-de-janeiro\/"},"modified":"2026-04-30T11:59:30","modified_gmt":"2026-04-30T14:59:30","slug":"documenta-rio-nas-escolas-realiza-quase-400-atendimentos-na-barreira-do-vasco-prefeitura-da-cidade-do-rio-de-janeiro","status":"publish","type":"post","link":"https:\/\/ejornais.com.br\/index.php\/2026\/04\/30\/documenta-rio-nas-escolas-realiza-quase-400-atendimentos-na-barreira-do-vasco-prefeitura-da-cidade-do-rio-de-janeiro\/","title":{"rendered":"Documenta Rio nas Escolas realiza quase 400 atendimentos na Barreira do Vasco &#8211; Prefeitura da Cidade do Rio de Janeiro"},"content":{"rendered":"<p><\/p>\n<div id=\"main\">\n<div class=\"wrapper-breadcrumbs\" wp_automatic_readability=\"48.796007259528\">\n<div class=\"image-post\" wp_automatic_readability=\"33\">\n                     Alunos da Escola Jo\u00e3o de Camargo e seus familiares aproveitaram a a\u00e7\u00e3o para tirar certid\u00f5es e carteiras de identidade. Foto: Divulga\u00e7\u00e3o\n                  <\/div>\n<p>O Documenta Rio nas Escolas realizou, na ter\u00e7a-feira (28\/4), 376 atendimentos na Escola Municipal Jo\u00e3o de Camargo, na Barreira do Vasco, Zona Norte da cidade. Das 9h \u00e0s 15h, alunos e seus familiares emitiram carteiras de identidade e certid\u00f5es de nascimento e casamento; atualizaram dados no Cadastro \u00danico (Cad\u00danico), que garante acesso a benef\u00edcios sociais; e tamb\u00e9m se vacinaram.<\/p>\n<p>Esta foi a 10\u00aa edi\u00e7\u00e3o do programa, uma iniciativa do Comit\u00ea Municipal de Pol\u00edticas para Promo\u00e7\u00e3o do Acesso \u00e0 Documenta\u00e7\u00e3o Civil (COMDOC-Rio), coordenado pela Subsecretaria de Prote\u00e7\u00e3o Social B\u00e1sica da Secretaria Municipal de Assist\u00eancia Social.<\/p>\n<p>O principal objetivo da a\u00e7\u00e3o \u00e9 facilitar o acesso da popula\u00e7\u00e3o em situa\u00e7\u00e3o de vulnerabilidade social \u00e0 documenta\u00e7\u00e3o civil e a servi\u00e7os socioassistenciais. A escola foi indicada como local da a\u00e7\u00e3o por ser estrat\u00e9gica para atender alunos e seus familiares. Trata-se de uma atividade conjunta dos \u00f3rg\u00e3os que comp\u00f5em o COMDOC-Rio.<\/p>\n<p>Na Barreira do Vasco, o evento contou com a participa\u00e7\u00e3o de \u00f3rg\u00e3os emissores de documenta\u00e7\u00e3o civil, como Detran-RJ, Receita Federal e Defensoria P\u00fablica. Tamb\u00e9m participaram a Ger\u00eancia de Supervis\u00e3o de Matr\u00edcula da Secretaria Municipal de Educa\u00e7\u00e3o (SME) e equipes do Centro de Refer\u00eancia de Assist\u00eancia Social (CRAS) Deputado Luiz Eduardo Magalh\u00e3es, respons\u00e1vel pelo atendimento do territ\u00f3rio pela 1\u00aa Coordenadoria de Assist\u00eancia Social (CAS).<\/p>\n<p><strong>Veja os 376 atendimentos realizados:<\/strong><\/p>\n<p>Receita Federal \u2014 inscri\u00e7\u00e3o, 2\u00aa via, consulta, atualiza\u00e7\u00e3o e regulariza\u00e7\u00e3o de CPF: 33<\/p>\n<p>Cart\u00f3rio \u2013 9\u00ba RCPN \u2014 2\u00aa via de certid\u00f5es de nascimento e casamento: 23<\/p>\n<p>Detran-RJ \u2014 emiss\u00e3o de carteira de identidade: 118<\/p>\n<p>Defensoria P\u00fablica \u2014 servi\u00e7os jur\u00eddicos e certid\u00f5es: 22<\/p>\n<p>SMAS (CRAS) \u2014 orienta\u00e7\u00f5es sociais e sobre acesso a outros documentos civis: 51<\/p>\n<p>Atualiza\u00e7\u00e3o no Cad\u00danico: 25<\/p>\n<p>Inscri\u00e7\u00e3o no Cad\u00danico: 4<\/p>\n<p>Vacina\u00e7\u00e3o (Secretaria Municipal de Sa\u00fade): 100<\/p>\n<p>             <!-- Compartilhe ---><\/p>\n<p>\t\t\t <!-- TAGS --><\/p>\n<section class=\"category-tags\">\n<div class=\"marcacao-category\">\n<article class=\"category-post\">\n<p>Categoria: <\/p>\n<\/article>\n<li>29 de abril de 2026<\/li><\/div>\n<article class=\"tags\">\n\t\t\t\t\tMarca\u00e7\u00f5es: Barreira do Vasco CRAS detran Documenta Rio<br \/><\/article>\n<\/section>\n<p>            <!-- Mais Not&iacute;cias --><\/p>\n<p>\t\t<!-- Conte&uacute;do SIDEBAR --><\/p><\/div>\n<\/p><\/div>\n","protected":false},"excerpt":{"rendered":"<p>Alunos da Escola Jo\u00e3o de Camargo e seus familiares aproveitaram a a\u00e7\u00e3o para tirar certid\u00f5es e carteiras de identidade. Foto:<\/p>\n","protected":false},"author":2,"featured_media":0,"comment_status":"","ping_status":"","sticky":false,"template":"","format":"standard","meta":{"colormag_page_container_layout":"default_layout","colormag_page_sidebar_layout":"default_layout","footnotes":""},"categories":[1],"tags":[],"class_list":["post-64966","post","type-post","status-publish","format-standard","hentry","category-ejornais"],"aioseo_notices":[],"amp_enabled":true,"_links":{"self":[{"href":"https:\/\/ejornais.com.br\/index.php\/wp-json\/wp\/v2\/posts\/64966","targetHints":{"allow":["GET"]}}],"collection":[{"href":"https:\/\/ejornais.com.br\/index.php\/wp-json\/wp\/v2\/posts"}],"about":[{"href":"https:\/\/ejornais.com.br\/index.php\/wp-json\/wp\/v2\/types\/post"}],"author":[{"embeddable":true,"href":"https:\/\/ejornais.com.br\/index.php\/wp-json\/wp\/v2\/users\/2"}],"replies":[{"embeddable":true,"href":"https:\/\/ejornais.com.br\/index.php\/wp-json\/wp\/v2\/comments?post=64966"}],"version-history":[{"count":0,"href":"https:\/\/ejornais.com.br\/index.php\/wp-json\/wp\/v2\/posts\/64966\/revisions"}],"wp:attachment":[{"href":"https:\/\/ejornais.com.br\/index.php\/wp-json\/wp\/v2\/media?parent=64966"}],"wp:term":[{"taxonomy":"category","embeddable":true,"href":"https:\/\/ejornais.com.br\/index.php\/wp-json\/wp\/v2\/categories?post=64966"},{"taxonomy":"post_tag","embeddable":true,"href":"https:\/\/ejornais.com.br\/index.php\/wp-json\/wp\/v2\/tags?post=64966"}],"curies":[{"name":"wp","href":"https:\/\/api.w.org\/{rel}","templated":true}]}}