{"id":64997,"date":"2026-04-30T23:12:26","date_gmt":"2026-05-01T02:12:26","guid":{"rendered":"https:\/\/ejornais.com.br\/index.php\/2026\/04\/30\/agencia-minas-gerais-nova-carteira-de-identidade-regularizacoes-e-vagas-de-emprego-servicos-do-governo-presente-chegam-a-paracatu-na-quinta-feira-7-5\/"},"modified":"2026-04-30T23:12:26","modified_gmt":"2026-05-01T02:12:26","slug":"agencia-minas-gerais-nova-carteira-de-identidade-regularizacoes-e-vagas-de-emprego-servicos-do-governo-presente-chegam-a-paracatu-na-quinta-feira-7-5","status":"publish","type":"post","link":"https:\/\/ejornais.com.br\/index.php\/2026\/04\/30\/agencia-minas-gerais-nova-carteira-de-identidade-regularizacoes-e-vagas-de-emprego-servicos-do-governo-presente-chegam-a-paracatu-na-quinta-feira-7-5\/","title":{"rendered":"Ag\u00eancia Minas Gerais | Nova carteira de identidade, regulariza\u00e7\u00f5es e vagas de emprego:\u00a0servi\u00e7os\u00a0do Governo Presente\u00a0chegam\u00a0a Paracatu na quinta-feira (7\/5)\u00a0"},"content":{"rendered":"<p><\/p>\n<div>\n<p>A Pra\u00e7a de Servi\u00e7os &#8211; Governo Presente chega a Paracatu, no Noroeste de Minas, nas pr\u00f3ximas quinta (7\/5) e sexta-feira (8\/5), com oferta de servi\u00e7os essenciais \u00e0 popula\u00e7\u00e3o, como emiss\u00e3o de documentos, orienta\u00e7\u00f5es sobre regulariza\u00e7\u00e3os\u00a0e vagas de emprego na regi\u00e3o, em estrutura montada na Feira do Produtor, no Centro da cidade.<\/p>\n<p>Durante os dois dias de a\u00e7\u00e3o, de 9h \u00e0s 16h, os cidad\u00e3os poder\u00e3o acessar servi\u00e7os como emiss\u00e3o da Carteira de Identidade Nacional (CIN), atendimentos de cidadania, al\u00e9m de servi\u00e7os de sa\u00fade, como vacina\u00e7\u00e3o, apoio ao produtor rural, negocia\u00e7\u00e3o de contas e outras a\u00e7\u00f5es essenciais realizadas por\u00a0equipes de servidores de diversas \u00e1reas.<\/p>\n<p><strong>Empregos\u00a0e orienta\u00e7\u00e3o profissional<\/strong><\/p>\n<p>Um dos destaques da edi\u00e7\u00e3o \u00e9 a atua\u00e7\u00e3o do Sistema Nacional de Emprego (Sine), com servi\u00e7os voltados \u00e0 inser\u00e7\u00e3o e reinser\u00e7\u00e3o no mercado de trabalho. Ser\u00e3o oferecidas orienta\u00e7\u00f5es sobre acesso e candidatura a vagas de emprego,\u00a0informa\u00e7\u00f5es sobre v\u00ednculos empregat\u00edcios e direitos trabalhistas, al\u00e9m de suporte sobre a Carteira de Trabalho Digital (CTPS).<\/p>\n<p>A\u00a0popula\u00e7\u00e3o tamb\u00e9m contar\u00e1\u00a0com a\u00e7\u00f5es de castra\u00e7\u00e3o e imuniza\u00e7\u00e3o gratuitas de c\u00e3es e gatos, contribuindo para o controle populacional, a sa\u00fade animal e a preven\u00e7\u00e3o de doen\u00e7as. O cat\u00e1logo completo de servi\u00e7os, assim como a documenta\u00e7\u00e3o necess\u00e1ria para cada atendimento,\u00a0est\u00e1 dispon\u00edvel\u00a0neste link.<\/p>\n<p><strong>Servi\u00e7os concentrados e acesso facilitado<\/strong><\/p>\n<p>A Pra\u00e7a de Servi\u00e7os integra o projeto itinerante\u00a0Governo Presente, que percorre munic\u00edpios-polo de todas as regi\u00f5es mineiras com o objetivo de aproximar o Estado da popula\u00e7\u00e3o, reduzir burocracias e garantir atendimento mais \u00e1gil.<\/p>\n<p>A documenta\u00e7\u00e3o exigida pode variar conforme o servi\u00e7o, mas, de forma geral, \u00e9 recomendado apresentar documento oficial com foto, CPF e comprovante de resid\u00eancia. O Governo de Minas n\u00e3o solicita pagamentos ou dados pessoais fora dos canais oficiais.<\/p>\n<p><strong>Cerca de 60 mil pessoas j\u00e1 atendidas<\/strong><\/p>\n<p>Ao todo, a Pra\u00e7a de Servi\u00e7os do Governo Presente j\u00e1 soma 59.733 atendimentos e orienta\u00e7\u00f5es nas regi\u00f5es por onde passou:\u00a0Uberl\u00e2ndia, Uberaba e Arax\u00e1 (Tri\u00e2ngulo Mineiro), Ipatinga (Vale do A\u00e7o), Ub\u00e1 (Zona da Mata), Pouso Alegre e Po\u00e7os de Caldas (Sul de Minas) e as\u00a0hist\u00f3ricas Diamantina e Ouro Preto.<\/p>\n<figure class=\"image\" style=\"float:left\"><lt-highlighter contenteditable=\"false\" data-lt-linked=\"1\" style=\"display: none;\"><lt-div class=\"lt-highlighter__wrapper\" spellcheck=\"false\" style=\"width: 350px !important; height: 45.1875px !important; transform: none !important; transform-origin: 175px 22.5938px !important; zoom: 1 !important; margin-top: 242.125px !important;\"><lt-div class=\"lt-highlighter__scroll-element\" style=\"top: 0px !important; left: 0px !important; width: 350px !important; height: 45px !important;\"\/><\/lt-div><\/lt-highlighter>&#13;<br \/>\n&#13;<figcaption data-gramm=\"false\" data-lt-tmp-id=\"lt-475742\" spellcheck=\"false\"><sub><em>\u00a0Chafariz da Traianna em Paracatu<br \/>&#13;<br \/>\nJosue Marinho \/\u00a0\u200bCreative Commons<\/em><\/sub><\/figcaption>&#13;<br \/>\n<\/figure>\n<p>Em cada parada, a iniciativa levou uma estrutura itinerante com dezenas de servi\u00e7os p\u00fablicos, aliando atendimentos diretos, orienta\u00e7\u00f5es \u00e0 popula\u00e7\u00e3o e um espa\u00e7o de escuta ativa das demandas locais, com a presen\u00e7a de servidores e do\u00a0governador Mateus Sim\u00f5es.<\/p>\n<p><strong>Cidade do ouro<\/strong><\/p>\n<p>Com cerca de 94 mil habitantes, Paracatu \u00e9 um dos principais munic\u00edpios do Noroeste mineiro. A cidade se destaca economicamente pela produ\u00e7\u00e3o agr\u00edcola, com cultivo de soja, milho e feij\u00e3o, al\u00e9m da pecu\u00e1ria, especialmente a cria\u00e7\u00e3o de gado nelore.\u00a0<\/p>\n<p>Reconhecida tamb\u00e9m pela extra\u00e7\u00e3o mineral, especialmente\u00a0do ouro, Paracatu re\u00fane forte relev\u00e2ncia econ\u00f4mica e hist\u00f3rica. Inserida no bioma Cerrado, possui rica biodiversidade e atrativos tur\u00edsticos que incluem quilombos, cachoeiras, casar\u00f5es e igrejas do per\u00edodo colonial.\u00a0<\/p>\n<p>O centro hist\u00f3rico do munic\u00edpio \u00e9 tombado como patrim\u00f4nio cultural, refor\u00e7ando a import\u00e2ncia da cidade no cen\u00e1rio hist\u00f3rico e cultural de Minas Gerais.\u00a0<\/p>\n<p><lt-toolbar contenteditable=\"false\" data-lt-adjust-appearance=\"true\" data-lt-force-appearance=\"light\" style=\"display: none;\"><lt-div class=\"lt-toolbar__wrapper\" style=\"left: 375px; position: absolute !important; top: 959px !important; bottom: auto !important; z-index: auto; opacity: 1 !important; pointer-events: all !important;\"><lt-div class=\"lt-toolbar__status-icon lt-toolbar__status-icon--trial-ended\"><lt-span class=\"lt-icon__tooltip lt-icon__tooltip--top-right\">Seu per\u00edodo de teste Premium terminou<\/lt-span><\/lt-div><lt-div class=\"lt-toolbar__premium-icon-dot\"\/><\/lt-div><\/lt-toolbar>\n\t\t\t\t\t<\/div>\n","protected":false},"excerpt":{"rendered":"<p>A Pra\u00e7a de Servi\u00e7os &#8211; Governo Presente chega a Paracatu, no Noroeste de Minas, nas pr\u00f3ximas quinta (7\/5) e sexta-feira<\/p>\n","protected":false},"author":2,"featured_media":0,"comment_status":"","ping_status":"","sticky":false,"template":"","format":"standard","meta":{"colormag_page_container_layout":"default_layout","colormag_page_sidebar_layout":"default_layout","footnotes":""},"categories":[1],"tags":[],"class_list":["post-64997","post","type-post","status-publish","format-standard","hentry","category-ejornais"],"aioseo_notices":[],"amp_enabled":true,"_links":{"self":[{"href":"https:\/\/ejornais.com.br\/index.php\/wp-json\/wp\/v2\/posts\/64997","targetHints":{"allow":["GET"]}}],"collection":[{"href":"https:\/\/ejornais.com.br\/index.php\/wp-json\/wp\/v2\/posts"}],"about":[{"href":"https:\/\/ejornais.com.br\/index.php\/wp-json\/wp\/v2\/types\/post"}],"author":[{"embeddable":true,"href":"https:\/\/ejornais.com.br\/index.php\/wp-json\/wp\/v2\/users\/2"}],"replies":[{"embeddable":true,"href":"https:\/\/ejornais.com.br\/index.php\/wp-json\/wp\/v2\/comments?post=64997"}],"version-history":[{"count":0,"href":"https:\/\/ejornais.com.br\/index.php\/wp-json\/wp\/v2\/posts\/64997\/revisions"}],"wp:attachment":[{"href":"https:\/\/ejornais.com.br\/index.php\/wp-json\/wp\/v2\/media?parent=64997"}],"wp:term":[{"taxonomy":"category","embeddable":true,"href":"https:\/\/ejornais.com.br\/index.php\/wp-json\/wp\/v2\/categories?post=64997"},{"taxonomy":"post_tag","embeddable":true,"href":"https:\/\/ejornais.com.br\/index.php\/wp-json\/wp\/v2\/tags?post=64997"}],"curies":[{"name":"wp","href":"https:\/\/api.w.org\/{rel}","templated":true}]}}