{"id":64998,"date":"2026-04-30T23:55:04","date_gmt":"2026-05-01T02:55:04","guid":{"rendered":"https:\/\/ejornais.com.br\/index.php\/2026\/04\/30\/nova-iguacu-inaugura-o-primeiro-museu-de-arqueologia-e-etnologia-do-rio-de-janeiro-no-dia-da-baixada-fluminense\/"},"modified":"2026-04-30T23:55:04","modified_gmt":"2026-05-01T02:55:04","slug":"nova-iguacu-inaugura-o-primeiro-museu-de-arqueologia-e-etnologia-do-rio-de-janeiro-no-dia-da-baixada-fluminense","status":"publish","type":"post","link":"https:\/\/ejornais.com.br\/index.php\/2026\/04\/30\/nova-iguacu-inaugura-o-primeiro-museu-de-arqueologia-e-etnologia-do-rio-de-janeiro-no-dia-da-baixada-fluminense\/","title":{"rendered":"Nova Igua\u00e7u inaugura o primeiro Museu de Arqueologia e Etnologia do Rio de Janeiro no Dia da Baixada Fluminense"},"content":{"rendered":"<p><\/p>\n<div id=\"\">\n<p style=\"text-align: justify;\">Nova Igua\u00e7u passou a abrigar o primeiro Museu de Arqueologia e Etnologia do estado do Rio de Janeiro. A inaugura\u00e7\u00e3o foi realizada nesta quinta-feira (30), data em que \u00e9 celebrado o Dia da Baixada Fluminense, e marca a abertura do quarto equipamento cultural deste tipo no pa\u00eds. O espa\u00e7o est\u00e1 instalado no Parque Hist\u00f3rico e Arqueol\u00f3gico de Iguass\u00fa Velha, no bairro Bar\u00e3o de Guandu, em Tingu\u00e1 \u2014 \u00e1rea considerada o ber\u00e7o da regi\u00e3o.<\/p>\n<p style=\"text-align: justify;\">O evento reuniu autoridades, moradores e visitantes, j\u00e1 que a regi\u00e3o de Tingu\u00e1 tamb\u00e9m \u00e9 conhecida pelo seu potencial tur\u00edstico. A inaugura\u00e7\u00e3o do MAE-NI mostra que Nova Igua\u00e7u entrou de vez no mapa da cultura brasileira, com um equipamento in\u00e9dito no estado e entre os poucos do pa\u00eds.<\/p>\n<p style=\"text-align: justify;\">\u201cAo inaugurar este museu, queremos que todos os moradores da Baixada Fluminense reconhe\u00e7am suas ra\u00edzes e saibam que aqui est\u00e1 o in\u00edcio da nossa hist\u00f3ria. Este n\u00e3o \u00e9 apenas um equipamento de cultura, mas um ponto de pertencimento que representa o sentimento de resgate de uma hist\u00f3ria que \u00e9 n\u00e3o somente dos igua\u00e7uanos, mas dos moradores de todos os munic\u00edpios vizinhos que surgiram de Nova Igua\u00e7u\u201d, comemorou o prefeito Dudu Reina. \u201cQueremos que todos venham conhecer o museu e todo este s\u00edtio arqueol\u00f3gico para que entendam o valor desta terra\u201d.<\/p>\n<\/p>\n<p style=\"text-align: justify;\">O museu passa a integrar um grupo restrito de institui\u00e7\u00f5es no pa\u00eds, ao lado dos mantidos pela Universidade de S\u00e3o Paulo (USP), pela Universidade Federal do Paran\u00e1 (UFPR) e pela Universidade Federal da Bahia (UFBA).<\/p>\n<p style=\"text-align: justify;\">\u201cEstamos realizando um trabalho in\u00e9dito no Brasil, a reconstru\u00e7\u00e3o de uma vila colonial. Tal feito foi atingido somente em cidades da Europa que foram destru\u00eddas durante a primeira e a segunda Guerra Mundial\u201d, afirma o secret\u00e1rio municipal de Cultura, Marcus Monteiro. \u201cAl\u00e9m da preserva\u00e7\u00e3o cultural, a Vila reconstru\u00edda ter\u00e1 infraestrutura comercial, com restaurantes, caf\u00e9s, galerias e lojas que trar\u00e3o de volta vida a este lugar\u201d.<\/p>\n<p style=\"text-align: justify;\">A inaugura\u00e7\u00e3o contou ainda com a presen\u00e7a do ministro substituto da Cultura, M\u00e1rcio Tavares, da secret\u00e1ria estadual de Cultura, Danielle Barros, e de representantes de v\u00e1rios movimentos culturais do Rio e da Baixada Fluminense.<\/p>\n<p style=\"text-align: justify;\">\u201cA arqueologia \u00e9 fundamental para compreender a forma\u00e7\u00e3o do nosso territ\u00f3rio e preservar a mem\u00f3ria coletiva. Projetos como este fortalecem a rela\u00e7\u00e3o entre cultura, educa\u00e7\u00e3o e comunidade\u201d, afirmou o ministro.<\/p>\n<p style=\"text-align: justify;\"><strong>Primeira exposi\u00e7\u00e3o e funcionamento<\/strong><\/p>\n<\/p>\n<p style=\"text-align: justify;\">A exposi\u00e7\u00e3o inaugural, \u201cRa\u00edzes Ancestrais \u2013 A constru\u00e7\u00e3o da na\u00e7\u00e3o brasileira\u201d, apresenta um percurso que vai dos primeiros homin\u00eddeos \u00e0 forma\u00e7\u00e3o social do Brasil. A mostra inclui pe\u00e7as com mais de 800 mil anos e conta ainda com um espa\u00e7o dedicado ao acervo do parque, que j\u00e1 possui um conjunto de mais de 200 mil fragmentos arqueol\u00f3gicos encontrados na regi\u00e3o, parte deles in\u00e9dita ao p\u00fablico.<\/p>\n<p style=\"text-align: justify;\">Al\u00e9m da visita\u00e7\u00e3o, o espa\u00e7o tamb\u00e9m funcionar\u00e1 como polo de pesquisa e educa\u00e7\u00e3o. O museu conta com laborat\u00f3rio pr\u00f3prio, onde os materiais passam por processos de higieniza\u00e7\u00e3o, cataloga\u00e7\u00e3o, identifica\u00e7\u00e3o e georreferenciamento.<\/p>\n<p style=\"text-align: justify;\">O MAE-NI estar\u00e1 aberto ao p\u00fablico a partir desta sexta-feira, com funcionamento \u00e0s sextas, s\u00e1bados e domingos, das 9h \u00e0s 17h, com entrada gratuita.<\/p>\n<p style=\"text-align: justify;\"><strong>Hist\u00f3ria<\/strong><\/p>\n<p style=\"text-align: justify;\">Localizado na antiga Vila de Iguass\u00fa, fundada em 1833, o parque onde est\u00e1 instalado o museu foi um dos principais polos econ\u00f4micos do ciclo do caf\u00e9 no s\u00e9culo XIX. A regi\u00e3o funcionava como entreposto estrat\u00e9gico, conectando o interior ao litoral por meio da Estrada Real do Com\u00e9rcio, do Rio Igua\u00e7u e da Ba\u00eda de Guanabara.<\/p>\n<p style=\"text-align: justify;\">Com a mudan\u00e7a dos eixos econ\u00f4micos, a \u00e1rea perdeu protagonismo ao longo do tempo, mas manteve vest\u00edgios importantes, como ru\u00ednas, cemit\u00e9rios e marcos hist\u00f3ricos, que hoje ajudam a contar a forma\u00e7\u00e3o social, econ\u00f4mica e cultural da Baixada Fluminense.<\/p>\n<\/p><\/div>\n","protected":false},"excerpt":{"rendered":"<p>Nova Igua\u00e7u passou a abrigar o primeiro Museu de Arqueologia e Etnologia do estado do Rio de Janeiro. A inaugura\u00e7\u00e3o<\/p>\n","protected":false},"author":2,"featured_media":0,"comment_status":"","ping_status":"","sticky":false,"template":"","format":"standard","meta":{"colormag_page_container_layout":"default_layout","colormag_page_sidebar_layout":"default_layout","footnotes":""},"categories":[1],"tags":[],"class_list":["post-64998","post","type-post","status-publish","format-standard","hentry","category-ejornais"],"aioseo_notices":[],"amp_enabled":true,"_links":{"self":[{"href":"https:\/\/ejornais.com.br\/index.php\/wp-json\/wp\/v2\/posts\/64998","targetHints":{"allow":["GET"]}}],"collection":[{"href":"https:\/\/ejornais.com.br\/index.php\/wp-json\/wp\/v2\/posts"}],"about":[{"href":"https:\/\/ejornais.com.br\/index.php\/wp-json\/wp\/v2\/types\/post"}],"author":[{"embeddable":true,"href":"https:\/\/ejornais.com.br\/index.php\/wp-json\/wp\/v2\/users\/2"}],"replies":[{"embeddable":true,"href":"https:\/\/ejornais.com.br\/index.php\/wp-json\/wp\/v2\/comments?post=64998"}],"version-history":[{"count":0,"href":"https:\/\/ejornais.com.br\/index.php\/wp-json\/wp\/v2\/posts\/64998\/revisions"}],"wp:attachment":[{"href":"https:\/\/ejornais.com.br\/index.php\/wp-json\/wp\/v2\/media?parent=64998"}],"wp:term":[{"taxonomy":"category","embeddable":true,"href":"https:\/\/ejornais.com.br\/index.php\/wp-json\/wp\/v2\/categories?post=64998"},{"taxonomy":"post_tag","embeddable":true,"href":"https:\/\/ejornais.com.br\/index.php\/wp-json\/wp\/v2\/tags?post=64998"}],"curies":[{"name":"wp","href":"https:\/\/api.w.org\/{rel}","templated":true}]}}