{"id":65000,"date":"2026-05-01T00:37:30","date_gmt":"2026-05-01T03:37:30","guid":{"rendered":"https:\/\/ejornais.com.br\/index.php\/2026\/05\/01\/guarda-civil-promove-capacitacao-com-foco-no-fortalecimento-das-acoes-preventivas-nas-unidades-de-ensino\/"},"modified":"2026-05-01T00:37:30","modified_gmt":"2026-05-01T03:37:30","slug":"guarda-civil-promove-capacitacao-com-foco-no-fortalecimento-das-acoes-preventivas-nas-unidades-de-ensino","status":"publish","type":"post","link":"https:\/\/ejornais.com.br\/index.php\/2026\/05\/01\/guarda-civil-promove-capacitacao-com-foco-no-fortalecimento-das-acoes-preventivas-nas-unidades-de-ensino\/","title":{"rendered":"Guarda Civil promove capacita\u00e7\u00e3o com foco no fortalecimento das a\u00e7\u00f5es preventivas nas unidades de ensino"},"content":{"rendered":"<p><\/p>\n<div>\n<h5 class=\"text-primary\">Ronda Escolar<\/h5>\n<p>                        <!-- Mostra o t&iacute;tulo como um link para o link permanente do post --><\/p>\n<h2 class=\"mb-3\">Guarda Civil promove capacita\u00e7\u00e3o com foco no fortalecimento das a\u00e7\u00f5es preventivas nas unidades de ensino<\/h2>\n<p class=\"text-secondary font-italic mb-3 p-0\">&#13;<br \/>\n                            <i class=\"fa fa-calendar\"\/> 30\/04\/2026 | &#13;<br \/>\n                            <i class=\"fa fa-clock-o\"\/> 20:30 |&#13;<br \/>\n                            <i class=\"fa fa-eye\"\/> 194                        <\/p>\n<p>                        <!-- Mostra o conte&uacute;do do post em uma DIV --><\/p>\n<div class=\"\">\n<p>A Guarda Civil Metropolitana de Jo\u00e3o Pessoa concluiu nesta quinta-feira (30) mais uma capacita\u00e7\u00e3o da sua equipe. Desta vez, o curso foi voltado ao aprimoramento profissional dos agentes de seguran\u00e7a que atuam em diferentes fun\u00e7\u00f5es dentro da Ronda Escolar Municipal. Ao todo, 40 guardas participam da forma\u00e7\u00e3o, que teve in\u00edcio na segunda-feira (27).<\/p>\n<figure class=\"wp-block-gallery has-nested-images columns-default is-cropped wp-block-gallery-1 is-layout-flex wp-block-gallery-is-layout-flex\">\n<figure class=\"wp-block-image size-large\"><\/figure>\n<figure class=\"wp-block-image size-large\"><\/figure>\n<\/figure>\n<p>O curso abordou temas estrat\u00e9gicos para o fortalecimento das a\u00e7\u00f5es preventivas e do atendimento \u00e0 comunidade escolar. A programa\u00e7\u00e3o foi organizada com uma tem\u00e1tica diferente por dia, proporcionando troca de experi\u00eancias e atualiza\u00e7\u00e3o de conhecimentos. Na abertura, os participantes acompanharam atividades sobre teatro de fantoches aplicado \u00e0 Ronda Escolar, ferramenta educativa utilizada no trabalho de conscientiza\u00e7\u00e3o com crian\u00e7as e adolescentes.<\/p>\n<p>Em seguida foi abordado o tema media\u00e7\u00e3o escolar, refor\u00e7ando t\u00e9cnicas de di\u00e1logo, preven\u00e7\u00e3o de conflitos e constru\u00e7\u00e3o de um ambiente mais seguro dentro das unidades de ensino. A capacita\u00e7\u00e3o tamb\u00e9m contemplou o Estatuto da Crian\u00e7a e do Adolescente (ECA), ampliando o conhecimento dos agentes sobre direitos, garantias e procedimentos relacionados \u00e0 prote\u00e7\u00e3o da inf\u00e2ncia e juventude.<\/p>\n<p>No encerramento foram trabalhados os fundamentos da Ronda Escolar e a seguran\u00e7a no ambiente educacional, fortalecendo estrat\u00e9gias de atua\u00e7\u00e3o preventiva e a presen\u00e7a da Guarda nas unidades de ensino.<\/p>\n<figure class=\"wp-block-gallery has-nested-images columns-default is-cropped wp-block-gallery-2 is-layout-flex wp-block-gallery-is-layout-flex\">\n<figure class=\"wp-block-image size-large\"><\/figure>\n<figure class=\"wp-block-image size-large\"><\/figure>\n<\/figure>\n<p>O secret\u00e1rio de Seguran\u00e7a Urbana e Cidadania de Jo\u00e3o Pessoa, Jo\u00e3o Almeida, destacou a import\u00e2ncia da iniciativa para o fortalecimento da atua\u00e7\u00e3o da Guarda. \u201cInvestir na capacita\u00e7\u00e3o cont\u00ednua dos nossos agentes \u00e9 essencial para garantir um servi\u00e7o cada vez mais eficiente, humanizado e pr\u00f3ximo da popula\u00e7\u00e3o. Essa forma\u00e7\u00e3o fortalece principalmente o trabalho preventivo, especialmente no ambiente escolar, onde a presen\u00e7a da Guarda faz toda a diferen\u00e7a na constru\u00e7\u00e3o de uma cultura de paz\u201d, ressaltou.<\/p>\n<\/p><\/div>\n<\/p><\/div>\n","protected":false},"excerpt":{"rendered":"<p>Ronda Escolar Guarda Civil promove capacita\u00e7\u00e3o com foco no fortalecimento das a\u00e7\u00f5es preventivas nas unidades de ensino &#13; 30\/04\/2026 |<\/p>\n","protected":false},"author":2,"featured_media":0,"comment_status":"","ping_status":"","sticky":false,"template":"","format":"standard","meta":{"colormag_page_container_layout":"default_layout","colormag_page_sidebar_layout":"default_layout","footnotes":""},"categories":[1],"tags":[],"class_list":["post-65000","post","type-post","status-publish","format-standard","hentry","category-ejornais"],"aioseo_notices":[],"amp_enabled":true,"_links":{"self":[{"href":"https:\/\/ejornais.com.br\/index.php\/wp-json\/wp\/v2\/posts\/65000","targetHints":{"allow":["GET"]}}],"collection":[{"href":"https:\/\/ejornais.com.br\/index.php\/wp-json\/wp\/v2\/posts"}],"about":[{"href":"https:\/\/ejornais.com.br\/index.php\/wp-json\/wp\/v2\/types\/post"}],"author":[{"embeddable":true,"href":"https:\/\/ejornais.com.br\/index.php\/wp-json\/wp\/v2\/users\/2"}],"replies":[{"embeddable":true,"href":"https:\/\/ejornais.com.br\/index.php\/wp-json\/wp\/v2\/comments?post=65000"}],"version-history":[{"count":0,"href":"https:\/\/ejornais.com.br\/index.php\/wp-json\/wp\/v2\/posts\/65000\/revisions"}],"wp:attachment":[{"href":"https:\/\/ejornais.com.br\/index.php\/wp-json\/wp\/v2\/media?parent=65000"}],"wp:term":[{"taxonomy":"category","embeddable":true,"href":"https:\/\/ejornais.com.br\/index.php\/wp-json\/wp\/v2\/categories?post=65000"},{"taxonomy":"post_tag","embeddable":true,"href":"https:\/\/ejornais.com.br\/index.php\/wp-json\/wp\/v2\/tags?post=65000"}],"curies":[{"name":"wp","href":"https:\/\/api.w.org\/{rel}","templated":true}]}}