{"id":65030,"date":"2026-05-01T13:56:04","date_gmt":"2026-05-01T16:56:04","guid":{"rendered":"https:\/\/ejornais.com.br\/index.php\/2026\/05\/01\/capital-registra-1346mm-de-chuvas-em-24h-e-defesa-civil-segue-monitorando-pontos-mais-vulneraveis\/"},"modified":"2026-05-01T13:56:04","modified_gmt":"2026-05-01T16:56:04","slug":"capital-registra-1346mm-de-chuvas-em-24h-e-defesa-civil-segue-monitorando-pontos-mais-vulneraveis","status":"publish","type":"post","link":"https:\/\/ejornais.com.br\/index.php\/2026\/05\/01\/capital-registra-1346mm-de-chuvas-em-24h-e-defesa-civil-segue-monitorando-pontos-mais-vulneraveis\/","title":{"rendered":"Capital registra 134,6mm de chuvas em 24h e Defesa Civil segue monitorando pontos mais vulner\u00e1veis"},"content":{"rendered":"<p><\/p>\n<div>\n<p>Conforme a previs\u00e3o do Instituto Nacional de Meteorologia (Inmet), o m\u00eas de maio come\u00e7ou com chuvas intensas em Jo\u00e3o Pessoa. Nas \u00faltimas 24 horas \u2013 at\u00e9 as 10h desta sexta-feira (1\u00ba) \u2013 a precipita\u00e7\u00e3o registrada na Capital foi de 134,6 mil\u00edmetros (mm), segundo dados da Ag\u00eancia Executiva de Gest\u00e3o de \u00c1guas da Para\u00edba (Aesa-PB), instalada no Altiplano.<\/p>\n<p>A previs\u00e3o \u00e9 de que continue chovendo na Capital, pois o Inmet renovou o alerta de chuvas intensas at\u00e9 as 23h59 do s\u00e1bado (2), com precipita\u00e7\u00e3o entre 30 e 60 mm\/h ou 50 a 100 mm\/dia, ventos intensos de 60-100 km\/h. Risco de alagamentos, descargas el\u00e9tricas, quedas de galhos de \u00e1rvores e corte de energia el\u00e9trica.<\/p>\n<p>E virtude do alerta do Inmet, as equipes da Coordenadoria Municipal de Prote\u00e7\u00e3o e Defesa Civil (COMPDEC-JP) seguem nas ruas monitorando as \u00e1reas de risco e acompanhando <em>in loco<\/em> os pontos mais vulner\u00e1veis para assistir a popula\u00e7\u00e3o em caso de necessidade e assegurar o bem-estar de todos, principalmente das pessoas que moram nessas \u00e1reas.<\/p>\n<figure class=\"wp-block-gallery has-nested-images columns-default is-cropped wp-block-gallery-1 is-layout-flex wp-block-gallery-is-layout-flex\">\n<figure class=\"wp-block-image size-full\"><\/figure>\n<figure class=\"wp-block-image size-full\"><\/figure>\n<\/figure>\n<p>\u201cJo\u00e3o Pessoa jamais ser\u00e1 exce\u00e7\u00e3o \u00e0 regra e esses fen\u00f4menos sempre acontecer\u00e3o. O importante \u00e9 que todos estejam conscientes dos cuidados e comportamentos necess\u00e1rios para minimizar poss\u00edveis transtornos e at\u00e9 danos que possam ser causados. N\u00f3s, enquanto Prefeitura e Defesa Civil, n\u00e3o mediremos esfor\u00e7os para monitorar, visitar, vistoriar, apoiar, assistir, auxiliar e prestar socorro \u00e0s pessoas, que porventura nos acionarem. O instante \u00e9 delicado, mas com resili\u00eancia, todos haveremos de ultrapass\u00e1-lo\u201d, afirmou o coordenador da Defesa Civil, Kelson Chaves.<\/p>\n<p>A Defesa Civil orienta que a popula\u00e7\u00e3o evite \u00e1reas de risco, como margens de rios e encostas, al\u00e9m de n\u00e3o enfrentar trechos alagados. Em caso de rajadas de vento, a recomenda\u00e7\u00e3o \u00e9 buscar abrigo seguro e evitar permanecer pr\u00f3ximo a \u00e1rvores, postes ou estruturas fr\u00e1geis. A Defesa Civil deve ser acionada a qualquer sinal de anormalidade.<\/p>\n<p><strong>Chuva nos bairros \u2013 <\/strong>Segundo dados das plataformas do Centro Nacional de Monitoramento e Alertas de Desastres Naturais (Cemaden), o maior \u00edndice pluviom\u00e9trico foi registrado no Altiplano (134 mm), seguido do Grot\u00e3o (106 mm) e do Cristo (101,6 mm).<\/p>\n<p><strong>Como acionar \u2013<\/strong> A Defesa Civil funciona 24 horas, inclusive aos s\u00e1bados, domingos e feriados e, em caso de necessidade, deve ser acionada pelo n\u00famero 98831-6885 (WhatsApp), pelo telefone 199, ou pelo aplicativo \u2018Jo\u00e3o Pessoa na Palma da M\u00e3o\u2019, que pode ser baixado gratuitamente nas plataformas Play Store e AppStore.<\/p>\n<p><strong>Alertas \u2013<\/strong> O morador de Jo\u00e3o Pessoa pode receber alertas no celular sobre chuvas fortes, alagamentos e deslizamentos de terras ou outros eventos naturais. Para isto basta enviar uma mensagem de texto (SMS) contendo o CEP da rua onde mora para o n\u00famero 40199 e ser\u00e1 informado todas as vezes que alguma mudan\u00e7a mais severa no clima da Capital acontecer.<\/p>\n<\/p><\/div>\n","protected":false},"excerpt":{"rendered":"<p>Conforme a previs\u00e3o do Instituto Nacional de Meteorologia (Inmet), o m\u00eas de maio come\u00e7ou com chuvas intensas em Jo\u00e3o Pessoa.<\/p>\n","protected":false},"author":2,"featured_media":0,"comment_status":"","ping_status":"","sticky":false,"template":"","format":"standard","meta":{"colormag_page_container_layout":"default_layout","colormag_page_sidebar_layout":"default_layout","footnotes":""},"categories":[1],"tags":[],"class_list":["post-65030","post","type-post","status-publish","format-standard","hentry","category-ejornais"],"aioseo_notices":[],"amp_enabled":true,"_links":{"self":[{"href":"https:\/\/ejornais.com.br\/index.php\/wp-json\/wp\/v2\/posts\/65030","targetHints":{"allow":["GET"]}}],"collection":[{"href":"https:\/\/ejornais.com.br\/index.php\/wp-json\/wp\/v2\/posts"}],"about":[{"href":"https:\/\/ejornais.com.br\/index.php\/wp-json\/wp\/v2\/types\/post"}],"author":[{"embeddable":true,"href":"https:\/\/ejornais.com.br\/index.php\/wp-json\/wp\/v2\/users\/2"}],"replies":[{"embeddable":true,"href":"https:\/\/ejornais.com.br\/index.php\/wp-json\/wp\/v2\/comments?post=65030"}],"version-history":[{"count":0,"href":"https:\/\/ejornais.com.br\/index.php\/wp-json\/wp\/v2\/posts\/65030\/revisions"}],"wp:attachment":[{"href":"https:\/\/ejornais.com.br\/index.php\/wp-json\/wp\/v2\/media?parent=65030"}],"wp:term":[{"taxonomy":"category","embeddable":true,"href":"https:\/\/ejornais.com.br\/index.php\/wp-json\/wp\/v2\/categories?post=65030"},{"taxonomy":"post_tag","embeddable":true,"href":"https:\/\/ejornais.com.br\/index.php\/wp-json\/wp\/v2\/tags?post=65030"}],"curies":[{"name":"wp","href":"https:\/\/api.w.org\/{rel}","templated":true}]}}