{"id":65040,"date":"2026-05-01T19:33:50","date_gmt":"2026-05-01T22:33:50","guid":{"rendered":"https:\/\/ejornais.com.br\/index.php\/2026\/05\/01\/guarda-civil-municipal-de-sorocaba-detem-adolescente-por-ato-infracional-de-trafico-de-entorpecentes-agencia-de-noticias\/"},"modified":"2026-05-01T19:33:50","modified_gmt":"2026-05-01T22:33:50","slug":"guarda-civil-municipal-de-sorocaba-detem-adolescente-por-ato-infracional-de-trafico-de-entorpecentes-agencia-de-noticias","status":"publish","type":"post","link":"https:\/\/ejornais.com.br\/index.php\/2026\/05\/01\/guarda-civil-municipal-de-sorocaba-detem-adolescente-por-ato-infracional-de-trafico-de-entorpecentes-agencia-de-noticias\/","title":{"rendered":"Guarda Civil Municipal de Sorocaba det\u00e9m adolescente por ato infracional de tr\u00e1fico de entorpecentes \u2013 Ag\u00eancia de Not\u00edcias"},"content":{"rendered":"<p><\/p>\n<div wp_automatic_readability=\"65\">\n<p>Na tarde desta quinta-feira\u00a0 (30), a Guarda Civil Municipal (GCM) de Sorocaba realizou a deten\u00e7\u00e3o de um adolescente durante patrulhamento preventivo, no entorno da Pra\u00e7a Seicho-No-Ie, um pr\u00f3prio municipal.<\/p>\n<p>Durante a a\u00e7\u00e3o, o indiv\u00edduo apresentou atitude suspeita e, ao notar a presen\u00e7a da viatura, empreendeu fuga, sendo alcan\u00e7ado e abordado em via pr\u00f3xima. No trajeto, foi localizada uma sacola jogada no local, contendo 27 por\u00e7\u00f5es de subst\u00e2ncia an\u00e1loga \u00e0 coca\u00edna, 10 por\u00e7\u00f5es de subst\u00e2ncia an\u00e1loga ao Ice e dinheiro em esp\u00e9cie.<\/p>\n<p>Na abordagem pessoal, foi localizada, ainda, a quantia total de R$ 248,00 em dinheiro.<\/p>\n<p>Diante dos fatos, a ocorr\u00eancia foi apresentada \u00e0 autoridade policial, pela Delegacia da Inf\u00e2ncia e Juventude (Diju), a qual elaborou ato infracional an\u00e1logo ao crime de tr\u00e1fico de entorpecentes. Ap\u00f3s a an\u00e1lise, o adolescente foi liberado ao seu respons\u00e1vel legal, conforme determina a legisla\u00e7\u00e3o vigente.<\/p>\n<p><!-- Root element of PhotoSwipe. Must have class pswp. --><\/p><\/div>\n","protected":false},"excerpt":{"rendered":"<p>Na tarde desta quinta-feira\u00a0 (30), a Guarda Civil Municipal (GCM) de Sorocaba realizou a deten\u00e7\u00e3o de um adolescente durante patrulhamento<\/p>\n","protected":false},"author":2,"featured_media":0,"comment_status":"","ping_status":"","sticky":false,"template":"","format":"standard","meta":{"colormag_page_container_layout":"default_layout","colormag_page_sidebar_layout":"default_layout","footnotes":""},"categories":[1],"tags":[],"class_list":["post-65040","post","type-post","status-publish","format-standard","hentry","category-ejornais"],"aioseo_notices":[],"amp_enabled":true,"_links":{"self":[{"href":"https:\/\/ejornais.com.br\/index.php\/wp-json\/wp\/v2\/posts\/65040","targetHints":{"allow":["GET"]}}],"collection":[{"href":"https:\/\/ejornais.com.br\/index.php\/wp-json\/wp\/v2\/posts"}],"about":[{"href":"https:\/\/ejornais.com.br\/index.php\/wp-json\/wp\/v2\/types\/post"}],"author":[{"embeddable":true,"href":"https:\/\/ejornais.com.br\/index.php\/wp-json\/wp\/v2\/users\/2"}],"replies":[{"embeddable":true,"href":"https:\/\/ejornais.com.br\/index.php\/wp-json\/wp\/v2\/comments?post=65040"}],"version-history":[{"count":0,"href":"https:\/\/ejornais.com.br\/index.php\/wp-json\/wp\/v2\/posts\/65040\/revisions"}],"wp:attachment":[{"href":"https:\/\/ejornais.com.br\/index.php\/wp-json\/wp\/v2\/media?parent=65040"}],"wp:term":[{"taxonomy":"category","embeddable":true,"href":"https:\/\/ejornais.com.br\/index.php\/wp-json\/wp\/v2\/categories?post=65040"},{"taxonomy":"post_tag","embeddable":true,"href":"https:\/\/ejornais.com.br\/index.php\/wp-json\/wp\/v2\/tags?post=65040"}],"curies":[{"name":"wp","href":"https:\/\/api.w.org\/{rel}","templated":true}]}}