{"id":65044,"date":"2026-05-01T22:21:20","date_gmt":"2026-05-02T01:21:20","guid":{"rendered":"https:\/\/ejornais.com.br\/index.php\/2026\/05\/01\/leo-bezerra-coloca-estrutura-da-prefeitura-na-assistencia-as-familias-desabrigadas-em-virtude-das-fortes-chuvas-em-joao-pessoa\/"},"modified":"2026-05-01T22:21:20","modified_gmt":"2026-05-02T01:21:20","slug":"leo-bezerra-coloca-estrutura-da-prefeitura-na-assistencia-as-familias-desabrigadas-em-virtude-das-fortes-chuvas-em-joao-pessoa","status":"publish","type":"post","link":"https:\/\/ejornais.com.br\/index.php\/2026\/05\/01\/leo-bezerra-coloca-estrutura-da-prefeitura-na-assistencia-as-familias-desabrigadas-em-virtude-das-fortes-chuvas-em-joao-pessoa\/","title":{"rendered":"Leo Bezerra coloca estrutura da Prefeitura na assist\u00eancia \u00e0s fam\u00edlias desabrigadas em virtude das fortes chuvas em Jo\u00e3o Pessoa"},"content":{"rendered":"<p><\/p>\n<div>\n<p>O prefeito Leo Bezerra visitou, na tarde desta sexta-feira (1\u00ba), \u00e1reas da cidade que mais foram atingidas pelas fortes chuvas registradas nas \u00faltimas 24 horas em Jo\u00e3o Pessoa. Acompanhado de representantes da Defesa Civil, bem como das Secretarias de Desenvolvimento Social (Sedes), Sa\u00fade (SMS) e Infraestrutura (Seinfra), o gestor esteve em bairros da Zona Sul.<\/p>\n<figure class=\"wp-block-gallery has-nested-images columns-default is-cropped wp-block-gallery-1 is-layout-flex wp-block-gallery-is-layout-flex\">\n<figure class=\"wp-block-image size-large\"><\/figure>\n<figure class=\"wp-block-image size-full\"><\/figure>\n<\/figure>\n<p>Na regi\u00e3o de Engenho Velho, a Prefeitura assistiu 11 fam\u00edlias que precisaram deixar suas casas e foram abrigadas, com toda a assist\u00eancia, inclusive de alimenta\u00e7\u00e3o e sa\u00fade, no anexo da Escola Municipal Tarsila do Amaral. A Prefeitura ainda disponibilizou outra unidade de ensino da rede municipal no bairro de Tambi\u00e1 para a mesma finalidade, caso seja necess\u00e1rio. A estrutura montada tem capacidade para atender at\u00e9 200 pessoas.<\/p>\n<p>\u201cQueria tranquilizar todos voc\u00eas. Todas as nossas equipes est\u00e3o nas ruas. Qualquer coisa \u00e9 s\u00f3 entrar em contato com a Defesa Civil, que est\u00e1 capitaneando todos esses esfor\u00e7os que a gente est\u00e1 fazendo por contas das fortes chuvas\u201d, afirmou o prefeito.<\/p>\n<p>Na escola em Engenho Velho tamb\u00e9m foi montado um posto de sa\u00fade, onde equipes do Servi\u00e7o de Atendimento M\u00e9dico de Urg\u00eancia (Samu) atenderam os desabrigados, j\u00e1 que alguns deles eram crian\u00e7as e idosos. A Prefeitura tamb\u00e9m vem acolhendo animais afetados pela chuva, dentro da pol\u00edtica de assist\u00eancia integral prestada pelo Munic\u00edpio nesse momento de evento clim\u00e1tico adverso.<\/p>\n<figure class=\"wp-block-gallery has-nested-images columns-default is-cropped wp-block-gallery-2 is-layout-flex wp-block-gallery-is-layout-flex\">\n<figure class=\"wp-block-image size-large\"><\/figure>\n<figure class=\"wp-block-image size-large\"><\/figure>\n<\/figure>\n<p><strong>Equipes de plant\u00e3o<\/strong> \u2013 Segundo o Instituto Nacional de Meteorologia (Inmet), a previs\u00e3o \u00e9 de que continue chovendo na Capital, pois foi renovado o alerta de chuvas intensas at\u00e9 as 23h59 do s\u00e1bado (2), com precipita\u00e7\u00e3o entre 30 e 60 mm\/h ou 50 a 100 mm\/dia, ventos intensos de 60-100 km\/h.<\/p>\n<p>A Defesa Civil orienta a popula\u00e7\u00e3o a evitar \u00e1reas de risco, como margens de rios e encostas, al\u00e9m de n\u00e3o enfrentar trechos alagados. Em caso de rajadas de vento, a recomenda\u00e7\u00e3o \u00e9 buscar abrigo seguro e evitar permanecer pr\u00f3ximo a \u00e1rvores, postes ou estruturas fr\u00e1geis.<\/p>\n<p>Os contatos para acionar a Defesa Civil em caso de anormalidade s\u00e3o: 98831-6885 (WhatsApp) e 199 ou o aplicativo \u2018Jo\u00e3o Pessoa na Palma da M\u00e3o\u2019.<\/p>\n<figure class=\"wp-block-gallery has-nested-images columns-default is-cropped wp-block-gallery-3 is-layout-flex wp-block-gallery-is-layout-flex\">\n<figure class=\"wp-block-image size-large\"><\/figure>\n<\/figure><\/div>\n","protected":false},"excerpt":{"rendered":"<p>O prefeito Leo Bezerra visitou, na tarde desta sexta-feira (1\u00ba), \u00e1reas da cidade que mais foram atingidas pelas fortes chuvas<\/p>\n","protected":false},"author":2,"featured_media":0,"comment_status":"","ping_status":"","sticky":false,"template":"","format":"standard","meta":{"colormag_page_container_layout":"default_layout","colormag_page_sidebar_layout":"default_layout","footnotes":""},"categories":[1],"tags":[],"class_list":["post-65044","post","type-post","status-publish","format-standard","hentry","category-ejornais"],"aioseo_notices":[],"amp_enabled":true,"_links":{"self":[{"href":"https:\/\/ejornais.com.br\/index.php\/wp-json\/wp\/v2\/posts\/65044","targetHints":{"allow":["GET"]}}],"collection":[{"href":"https:\/\/ejornais.com.br\/index.php\/wp-json\/wp\/v2\/posts"}],"about":[{"href":"https:\/\/ejornais.com.br\/index.php\/wp-json\/wp\/v2\/types\/post"}],"author":[{"embeddable":true,"href":"https:\/\/ejornais.com.br\/index.php\/wp-json\/wp\/v2\/users\/2"}],"replies":[{"embeddable":true,"href":"https:\/\/ejornais.com.br\/index.php\/wp-json\/wp\/v2\/comments?post=65044"}],"version-history":[{"count":0,"href":"https:\/\/ejornais.com.br\/index.php\/wp-json\/wp\/v2\/posts\/65044\/revisions"}],"wp:attachment":[{"href":"https:\/\/ejornais.com.br\/index.php\/wp-json\/wp\/v2\/media?parent=65044"}],"wp:term":[{"taxonomy":"category","embeddable":true,"href":"https:\/\/ejornais.com.br\/index.php\/wp-json\/wp\/v2\/categories?post=65044"},{"taxonomy":"post_tag","embeddable":true,"href":"https:\/\/ejornais.com.br\/index.php\/wp-json\/wp\/v2\/tags?post=65044"}],"curies":[{"name":"wp","href":"https:\/\/api.w.org\/{rel}","templated":true}]}}