{"id":65048,"date":"2026-05-02T01:09:27","date_gmt":"2026-05-02T04:09:27","guid":{"rendered":"https:\/\/ejornais.com.br\/index.php\/2026\/05\/02\/agencia-minas-gerais-hemominas-capacita-profissionais-para-atendimento-odontologico-de-pacientes-com-doenca-falciforme-2\/"},"modified":"2026-05-02T01:09:27","modified_gmt":"2026-05-02T04:09:27","slug":"agencia-minas-gerais-hemominas-capacita-profissionais-para-atendimento-odontologico-de-pacientes-com-doenca-falciforme-2","status":"publish","type":"post","link":"https:\/\/ejornais.com.br\/index.php\/2026\/05\/02\/agencia-minas-gerais-hemominas-capacita-profissionais-para-atendimento-odontologico-de-pacientes-com-doenca-falciforme-2\/","title":{"rendered":"Ag\u00eancia Minas Gerais | Hemominas capacita profissionais para atendimento odontol\u00f3gico de pacientes com doen\u00e7a falciforme"},"content":{"rendered":"<p><\/p>\n<div>\n<p>A Funda\u00e7\u00e3o Hemominas promoveu, na \u00faltima quinta-feira (30\/4), a capacita\u00e7\u00e3o \u201cSa\u00fade Bucal em Doen\u00e7a Falciforme e Coagulopatias Heredit\u00e1rias\u201d, em parceria com a\u00a0Secretaria de Estado de Sa\u00fade de Minas Gerais (SES-MG) e o Hospital da Pol\u00edcia Militar de Minas Gerais. O objetivo foi qualificar profissionais da rede p\u00fablica para o atendimento desses pacientes.<\/p>\n<p>O encontro reuniu cerca de 300 participantes e integrou palestras e debates com especialistas, refor\u00e7ando a educa\u00e7\u00e3o permanente em sa\u00fade e a amplia\u00e7\u00e3o do cuidado integral.\u00a0A hematologista Patr\u00edcia Cardoso destacou a import\u00e2ncia do diagn\u00f3stico precoce.<\/p>\n<p>\u201cMinas Gerais tem mais de 4 mil pessoas com coagulopatias cadastradas, mas ainda h\u00e1 subdiagn\u00f3stico, especialmente nos casos mais leves, o que exige ampliar o acesso \u00e0 informa\u00e7\u00e3o\u201d, afirmou.<\/p>\n<p><strong>Rede integrada e atendimento seguro<\/strong><\/p>\n<p>A coordenadora de Sa\u00fade Bucal da SES-MG, Jaqueline Silva, apresentou a organiza\u00e7\u00e3o da rede e refor\u00e7ou o papel da Aten\u00e7\u00e3o Prim\u00e1ria na coordena\u00e7\u00e3o do cuidado. \u201cEstamos avan\u00e7ando na estrutura\u00e7\u00e3o de protocolos e no apoio aos profissionais\u201d, disse.<\/p>\n<p>A cirurgi\u00e3-dentista Liliana Ferreira ressaltou a necessidade de superar inseguran\u00e7as no atendimento odontol\u00f3gico. J\u00e1 o m\u00e9dico e dentista Paulo Martins enfatizou a import\u00e2ncia do acompanhamento hematol\u00f3gico e da preven\u00e7\u00e3o. \u201cO paciente hemof\u00edlico n\u00e3o sangra mais, mas por mais tempo\u201d, explicou.<\/p>\n<p><strong>Integra\u00e7\u00e3o e qualifica\u00e7\u00e3o cont\u00ednua<\/strong><\/p>\n<p>A cirurgi\u00e3-dentista Ana Fl\u00e1via Tim\u00f3teo destacou a import\u00e2ncia da identifica\u00e7\u00e3o correta dos pacientes e da articula\u00e7\u00e3o entre os servi\u00e7os. A pediatra Miriam Wanderley refor\u00e7ou a necessidade de ampliar a busca ativa e o acompanhamento na rede.<\/p>\n<p>Para a cirurgi\u00e3-dentista Tatiana Resende, a capacita\u00e7\u00e3o contribui diretamente para a pr\u00e1tica. \u201cO curso trouxe mais seguran\u00e7a e clareza sobre os atendimentos e encaminhamentos\u201d, avaliou.<\/p>\n<\/p><\/div>\n","protected":false},"excerpt":{"rendered":"<p>A Funda\u00e7\u00e3o Hemominas promoveu, na \u00faltima quinta-feira (30\/4), a capacita\u00e7\u00e3o \u201cSa\u00fade Bucal em Doen\u00e7a Falciforme e Coagulopatias Heredit\u00e1rias\u201d, em parceria<\/p>\n","protected":false},"author":2,"featured_media":0,"comment_status":"","ping_status":"","sticky":false,"template":"","format":"standard","meta":{"colormag_page_container_layout":"default_layout","colormag_page_sidebar_layout":"default_layout","footnotes":""},"categories":[1],"tags":[],"class_list":["post-65048","post","type-post","status-publish","format-standard","hentry","category-ejornais"],"aioseo_notices":[],"amp_enabled":true,"_links":{"self":[{"href":"https:\/\/ejornais.com.br\/index.php\/wp-json\/wp\/v2\/posts\/65048","targetHints":{"allow":["GET"]}}],"collection":[{"href":"https:\/\/ejornais.com.br\/index.php\/wp-json\/wp\/v2\/posts"}],"about":[{"href":"https:\/\/ejornais.com.br\/index.php\/wp-json\/wp\/v2\/types\/post"}],"author":[{"embeddable":true,"href":"https:\/\/ejornais.com.br\/index.php\/wp-json\/wp\/v2\/users\/2"}],"replies":[{"embeddable":true,"href":"https:\/\/ejornais.com.br\/index.php\/wp-json\/wp\/v2\/comments?post=65048"}],"version-history":[{"count":0,"href":"https:\/\/ejornais.com.br\/index.php\/wp-json\/wp\/v2\/posts\/65048\/revisions"}],"wp:attachment":[{"href":"https:\/\/ejornais.com.br\/index.php\/wp-json\/wp\/v2\/media?parent=65048"}],"wp:term":[{"taxonomy":"category","embeddable":true,"href":"https:\/\/ejornais.com.br\/index.php\/wp-json\/wp\/v2\/categories?post=65048"},{"taxonomy":"post_tag","embeddable":true,"href":"https:\/\/ejornais.com.br\/index.php\/wp-json\/wp\/v2\/tags?post=65048"}],"curies":[{"name":"wp","href":"https:\/\/api.w.org\/{rel}","templated":true}]}}