{"id":65089,"date":"2026-05-02T23:46:26","date_gmt":"2026-05-03T02:46:26","guid":{"rendered":"https:\/\/ejornais.com.br\/index.php\/2026\/05\/02\/cinco-presos-fogem-de-alcacuz-no-rio-grande-do-norte\/"},"modified":"2026-05-02T23:46:26","modified_gmt":"2026-05-03T02:46:26","slug":"cinco-presos-fogem-de-alcacuz-no-rio-grande-do-norte","status":"publish","type":"post","link":"https:\/\/ejornais.com.br\/index.php\/2026\/05\/02\/cinco-presos-fogem-de-alcacuz-no-rio-grande-do-norte\/","title":{"rendered":"Cinco presos fogem de Alca\u00e7uz no Rio Grande do Norte"},"content":{"rendered":"<p> Por MRNews<br \/>\n<\/p>\n<div wp_automatic_readability=\"39.50979153506\">\n<p><strong>A Secretaria de Estado da Administra\u00e7\u00e3o Penitenci\u00e1ria do Rio Grande do Norte (Seap\/RN) informou, no in\u00edcio da tarde deste s\u00e1bado (2), a fuga de cinco presos da Penitenci\u00e1ria Estadual de Alca\u00e7uz, localizada no munic\u00edpio de N\u00edsia Floresta (RN), na regi\u00e3o metropolitana de Natal.<\/strong><\/p>\n<p>A Secretaria de Estado da Seguran\u00e7a P\u00fablica e da Defesa Social relata que desde as primeiras horas da manh\u00e3 deste s\u00e1bado (2) for\u00e7as de seguran\u00e7a est\u00e3o mobilizadas para localizar e recapturar os foragidos.<\/p>\n<p>De acordo com a Secretaria de Estado da Administra\u00e7\u00e3o Penitenci\u00e1ria\/RN, as circunst\u00e2ncias da fuga est\u00e3o sendo apuradas.<\/p>\n<p><strong><a href=\"https:\/\/mrnews.com.br\/index.php\/2026\/05\/02\/flavio-dino-mantem-afastamento-de-vice-prefeito-de-macapa\/\">Fl\u00e1vio Dino mant\u00e9m afastamento de vice-prefeito de Macap\u00e1<\/a><\/strong><\/p>\n<p><strong><a href=\"https:\/\/mrnews.com.br\/index.php\/2026\/05\/02\/pernambuco-confirma-sexta-morte-relacionada-a-temporais\/\">Pernambuco confirma sexta morte relacionada a temporais<\/a><\/strong><\/p>\n<p><strong>Os fugitivos\u00a0s\u00e3o:<\/strong><\/p>\n<ol>\n<li>Carlos Soares Alves da Silva;<\/li>\n<li>Jefferson Cleyton Lima da Silva;<\/li>\n<li>Maycon Dias Mora;<\/li>\n<li>Pedro Gabriel da Silva;<\/li>\n<li>Rodrigo da Silva Nascimento.<\/li>\n<\/ol>\n<p><strong>Informa\u00e7\u00f5es podem ser repassadas anonimamente, por meio do telefone 190 da Pol\u00edcia Militar potiguar.<\/strong><\/p>\n<h2>Massacre<\/h2>\n<p><strong>Disputa entre fac\u00e7\u00f5es, em 2017, resultou em duas semanas de rebeli\u00e3o e 26 mortos. A\u00a0maioria foi decapitada.<\/strong><\/p>\n<p>\u00c0 \u00e9poca, agentes da For\u00e7a-Tarefa de Interven\u00e7\u00e3o Penitenci\u00e1ria, ligada ao Minist\u00e9rio da Justi\u00e7a, atuaram na institui\u00e7\u00e3o para retomada do controle.\u00a0<\/p>\n<p><strong><a href=\"https:\/\/mrnews.com.br\/index.php\/2026\/05\/02\/remo-vence-botafogo-de-virada-no-nilton-santos-pelo-brasileirao\/\">Remo vence Botafogo de virada no Nilton Santos pelo Brasileir\u00e3o<\/a><\/strong><\/p>\n<p><strong><a href=\"https:\/\/mrnews.com.br\/index.php\/2026\/05\/02\/tv-brasil-exibe-neste-domingo-quatro-filmes-nacionais-ineditos\/\">TV Brasil exibe neste domingo quatro filmes nacionais in\u00e9ditos<\/a><\/strong><\/p>\n<p>Ap\u00f3s o final da rebeli\u00e3o, o governo dividiu a penitenci\u00e1ria em duas partes com um muro de concreto para separar as fac\u00e7\u00f5es rivais.<\/p>\n<\/div>\n","protected":false},"excerpt":{"rendered":"<p>Por MRNews A Secretaria de Estado da Administra\u00e7\u00e3o Penitenci\u00e1ria do Rio Grande do Norte (Seap\/RN) informou, no in\u00edcio da tarde<\/p>\n","protected":false},"author":2,"featured_media":0,"comment_status":"","ping_status":"","sticky":false,"template":"","format":"standard","meta":{"colormag_page_container_layout":"default_layout","colormag_page_sidebar_layout":"default_layout","footnotes":""},"categories":[1],"tags":[],"class_list":["post-65089","post","type-post","status-publish","format-standard","hentry","category-ejornais"],"aioseo_notices":[],"aioseo_head":"\n\t\t<!-- All in One SEO 5.0.1.1 - aioseo.com -->\n\t<meta name=\"description\" content=\"Por MRNews A Secretaria de Estado da Administra\u00e7\u00e3o Penitenci\u00e1ria do Rio Grande do Norte (Seap\/RN) informou, no in\u00edcio da tarde deste s\u00e1bado (2), a fuga de cinco presos da Penitenci\u00e1ria Estadual de Alca\u00e7uz, localizada no munic\u00edpio de N\u00edsia Floresta (RN), na regi\u00e3o metropolitana de Natal. A Secretaria de Estado da Seguran\u00e7a P\u00fablica e da Defesa\" \/>\n\t<meta name=\"robots\" content=\"max-image-preview:large\" \/>\n\t<meta name=\"author\" content=\"admin1\"\/>\n\t<link rel=\"canonical\" href=\"https:\/\/ejornais.com.br\/index.php\/2026\/05\/02\/cinco-presos-fogem-de-alcacuz-no-rio-grande-do-norte\/\" \/>\n\t<meta name=\"generator\" content=\"All in One SEO (AIOSEO) 5.0.1.1\" \/>\n\t\t<meta property=\"og:locale\" content=\"pt_BR\" \/>\n\t\t<meta property=\"og:site_name\" content=\"eJornais - Cat\u00e1logo de Jornais no mundo, Not\u00edcias, Blog e Esportes ao vivo\" \/>\n\t\t<meta property=\"og:type\" content=\"article\" \/>\n\t\t<meta property=\"og:title\" content=\"Cinco presos fogem de Alca\u00e7uz no Rio Grande do Norte - eJornais\" \/>\n\t\t<meta property=\"og:description\" content=\"Por MRNews A Secretaria de Estado da Administra\u00e7\u00e3o Penitenci\u00e1ria do Rio Grande do Norte (Seap\/RN) informou, no in\u00edcio da tarde deste s\u00e1bado (2), a fuga de cinco presos da Penitenci\u00e1ria Estadual de Alca\u00e7uz, localizada no munic\u00edpio de N\u00edsia Floresta (RN), na regi\u00e3o metropolitana de Natal. A Secretaria de Estado da Seguran\u00e7a P\u00fablica e da Defesa\" \/>\n\t\t<meta property=\"og:url\" content=\"https:\/\/ejornais.com.br\/index.php\/2026\/05\/02\/cinco-presos-fogem-de-alcacuz-no-rio-grande-do-norte\/\" \/>\n\t\t<meta property=\"article:published_time\" content=\"2026-05-03T02:46:26+00:00\" \/>\n\t\t<meta property=\"article:modified_time\" content=\"2026-05-03T02:46:26+00:00\" \/>\n\t\t<meta name=\"twitter:card\" content=\"summary_large_image\" \/>\n\t\t<meta name=\"twitter:title\" content=\"Cinco presos fogem de Alca\u00e7uz no Rio Grande do Norte - eJornais\" \/>\n\t\t<meta name=\"twitter:description\" content=\"Por MRNews A Secretaria de Estado da Administra\u00e7\u00e3o Penitenci\u00e1ria do Rio Grande do Norte (Seap\/RN) informou, no in\u00edcio da tarde deste s\u00e1bado (2), a fuga de cinco presos da Penitenci\u00e1ria Estadual de Alca\u00e7uz, localizada no munic\u00edpio de N\u00edsia Floresta (RN), na regi\u00e3o metropolitana de Natal. A Secretaria de Estado da Seguran\u00e7a P\u00fablica e da Defesa\" \/>\n\t\t<script type=\"application\/ld+json\" class=\"aioseo-schema\">\n\t\t\t{\"@context\":\"https:\\\/\\\/schema.org\",\"@graph\":[{\"@type\":\"BlogPosting\",\"@id\":\"https:\\\/\\\/ejornais.com.br\\\/index.php\\\/2026\\\/05\\\/02\\\/cinco-presos-fogem-de-alcacuz-no-rio-grande-do-norte\\\/#blogposting\",\"name\":\"Cinco presos fogem de Alca\\u00e7uz no Rio Grande do Norte - eJornais\",\"headline\":\"Cinco presos fogem de Alca\\u00e7uz no Rio Grande do Norte\",\"author\":{\"@id\":\"https:\\\/\\\/ejornais.com.br\\\/index.php\\\/author\\\/admin1\\\/#author\"},\"publisher\":{\"@id\":\"https:\\\/\\\/ejornais.com.br\\\/#organization\"},\"datePublished\":\"2026-05-02T23:46:26-03:00\",\"dateModified\":\"2026-05-02T23:46:26-03:00\",\"inLanguage\":\"pt-BR\",\"mainEntityOfPage\":{\"@id\":\"https:\\\/\\\/ejornais.com.br\\\/index.php\\\/2026\\\/05\\\/02\\\/cinco-presos-fogem-de-alcacuz-no-rio-grande-do-norte\\\/#webpage\"},\"isPartOf\":{\"@id\":\"https:\\\/\\\/ejornais.com.br\\\/index.php\\\/2026\\\/05\\\/02\\\/cinco-presos-fogem-de-alcacuz-no-rio-grande-do-norte\\\/#webpage\"},\"articleSection\":\"Cat\\u00e1logo de Jornais\"},{\"@type\":\"BreadcrumbList\",\"@id\":\"https:\\\/\\\/ejornais.com.br\\\/index.php\\\/2026\\\/05\\\/02\\\/cinco-presos-fogem-de-alcacuz-no-rio-grande-do-norte\\\/#breadcrumblist\",\"itemListElement\":[{\"@type\":\"ListItem\",\"@id\":\"https:\\\/\\\/ejornais.com.br#listItem\",\"position\":1,\"name\":\"In\\u00edcio\",\"item\":\"https:\\\/\\\/ejornais.com.br\",\"nextItem\":{\"@type\":\"ListItem\",\"@id\":\"https:\\\/\\\/ejornais.com.br\\\/index.php\\\/category\\\/ejornais\\\/#listItem\",\"name\":\"Cat\\u00e1logo de Jornais\"}},{\"@type\":\"ListItem\",\"@id\":\"https:\\\/\\\/ejornais.com.br\\\/index.php\\\/category\\\/ejornais\\\/#listItem\",\"position\":2,\"name\":\"Cat\\u00e1logo de Jornais\",\"item\":\"https:\\\/\\\/ejornais.com.br\\\/index.php\\\/category\\\/ejornais\\\/\",\"nextItem\":{\"@type\":\"ListItem\",\"@id\":\"https:\\\/\\\/ejornais.com.br\\\/index.php\\\/2026\\\/05\\\/02\\\/cinco-presos-fogem-de-alcacuz-no-rio-grande-do-norte\\\/#listItem\",\"name\":\"Cinco presos fogem de Alca\\u00e7uz no Rio Grande do Norte\"},\"previousItem\":{\"@type\":\"ListItem\",\"@id\":\"https:\\\/\\\/ejornais.com.br#listItem\",\"name\":\"In\\u00edcio\"}},{\"@type\":\"ListItem\",\"@id\":\"https:\\\/\\\/ejornais.com.br\\\/index.php\\\/2026\\\/05\\\/02\\\/cinco-presos-fogem-de-alcacuz-no-rio-grande-do-norte\\\/#listItem\",\"position\":3,\"name\":\"Cinco presos fogem de Alca\\u00e7uz no Rio Grande do Norte\",\"previousItem\":{\"@type\":\"ListItem\",\"@id\":\"https:\\\/\\\/ejornais.com.br\\\/index.php\\\/category\\\/ejornais\\\/#listItem\",\"name\":\"Cat\\u00e1logo de Jornais\"}}]},{\"@type\":\"Organization\",\"@id\":\"https:\\\/\\\/ejornais.com.br\\\/#organization\",\"name\":\"eJornais\",\"description\":\"Cat\\u00e1logo de Jornais no mundo, Not\\u00edcias, Blog e Esportes ao vivo\",\"url\":\"https:\\\/\\\/ejornais.com.br\\\/\"},{\"@type\":\"Person\",\"@id\":\"https:\\\/\\\/ejornais.com.br\\\/index.php\\\/author\\\/admin1\\\/#author\",\"url\":\"https:\\\/\\\/ejornais.com.br\\\/index.php\\\/author\\\/admin1\\\/\",\"name\":\"admin1\",\"image\":{\"@type\":\"ImageObject\",\"@id\":\"https:\\\/\\\/ejornais.com.br\\\/index.php\\\/2026\\\/05\\\/02\\\/cinco-presos-fogem-de-alcacuz-no-rio-grande-do-norte\\\/#authorImage\",\"url\":\"https:\\\/\\\/secure.gravatar.com\\\/avatar\\\/04084e6d73c042b8646e7c17b494073bf0ede3ea13c7105cfc45cbbbc28385a4?s=96&d=mm&r=g\",\"width\":96,\"height\":96,\"caption\":\"admin1\"}},{\"@type\":\"WebPage\",\"@id\":\"https:\\\/\\\/ejornais.com.br\\\/index.php\\\/2026\\\/05\\\/02\\\/cinco-presos-fogem-de-alcacuz-no-rio-grande-do-norte\\\/#webpage\",\"url\":\"https:\\\/\\\/ejornais.com.br\\\/index.php\\\/2026\\\/05\\\/02\\\/cinco-presos-fogem-de-alcacuz-no-rio-grande-do-norte\\\/\",\"name\":\"Cinco presos fogem de Alca\\u00e7uz no Rio Grande do Norte - eJornais\",\"description\":\"Por MRNews A Secretaria de Estado da Administra\\u00e7\\u00e3o Penitenci\\u00e1ria do Rio Grande do Norte (Seap\\\/RN) informou, no in\\u00edcio da tarde deste s\\u00e1bado (2), a fuga de cinco presos da Penitenci\\u00e1ria Estadual de Alca\\u00e7uz, localizada no munic\\u00edpio de N\\u00edsia Floresta (RN), na regi\\u00e3o metropolitana de Natal. A Secretaria de Estado da Seguran\\u00e7a P\\u00fablica e da Defesa\",\"inLanguage\":\"pt-BR\",\"isPartOf\":{\"@id\":\"https:\\\/\\\/ejornais.com.br\\\/#website\"},\"breadcrumb\":{\"@id\":\"https:\\\/\\\/ejornais.com.br\\\/index.php\\\/2026\\\/05\\\/02\\\/cinco-presos-fogem-de-alcacuz-no-rio-grande-do-norte\\\/#breadcrumblist\"},\"author\":{\"@id\":\"https:\\\/\\\/ejornais.com.br\\\/index.php\\\/author\\\/admin1\\\/#author\"},\"creator\":{\"@id\":\"https:\\\/\\\/ejornais.com.br\\\/index.php\\\/author\\\/admin1\\\/#author\"},\"datePublished\":\"2026-05-02T23:46:26-03:00\",\"dateModified\":\"2026-05-02T23:46:26-03:00\"},{\"@type\":\"WebSite\",\"@id\":\"https:\\\/\\\/ejornais.com.br\\\/#website\",\"url\":\"https:\\\/\\\/ejornais.com.br\\\/\",\"name\":\"eJornais\",\"description\":\"Cat\\u00e1logo de Jornais no mundo, Not\\u00edcias, Blog e Esportes ao vivo\",\"inLanguage\":\"pt-BR\",\"publisher\":{\"@id\":\"https:\\\/\\\/ejornais.com.br\\\/#organization\"}}]}\n\t\t<\/script>\n\t\t<!-- All in One SEO -->\n\n","aioseo_head_json":{"title":"Cinco presos fogem de Alca\u00e7uz no Rio Grande do Norte - eJornais","description":"Por MRNews A Secretaria de Estado da Administra\u00e7\u00e3o Penitenci\u00e1ria do Rio Grande do Norte (Seap\/RN) informou, no in\u00edcio da tarde deste s\u00e1bado (2), a fuga de cinco presos da Penitenci\u00e1ria Estadual de Alca\u00e7uz, localizada no munic\u00edpio de N\u00edsia Floresta (RN), na regi\u00e3o metropolitana de Natal. A Secretaria de Estado da Seguran\u00e7a P\u00fablica e da Defesa","canonical_url":"https:\/\/ejornais.com.br\/index.php\/2026\/05\/02\/cinco-presos-fogem-de-alcacuz-no-rio-grande-do-norte\/","robots":"max-image-preview:large","keywords":"","webmasterTools":{"miscellaneous":""},"schema":{"@context":"https:\/\/schema.org","@graph":[{"@type":"BlogPosting","@id":"https:\/\/ejornais.com.br\/index.php\/2026\/05\/02\/cinco-presos-fogem-de-alcacuz-no-rio-grande-do-norte\/#blogposting","name":"Cinco presos fogem de Alca\u00e7uz no Rio Grande do Norte - eJornais","headline":"Cinco presos fogem de Alca\u00e7uz no Rio Grande do Norte","author":{"@id":"https:\/\/ejornais.com.br\/index.php\/author\/admin1\/#author"},"publisher":{"@id":"https:\/\/ejornais.com.br\/#organization"},"datePublished":"2026-05-02T23:46:26-03:00","dateModified":"2026-05-02T23:46:26-03:00","inLanguage":"pt-BR","mainEntityOfPage":{"@id":"https:\/\/ejornais.com.br\/index.php\/2026\/05\/02\/cinco-presos-fogem-de-alcacuz-no-rio-grande-do-norte\/#webpage"},"isPartOf":{"@id":"https:\/\/ejornais.com.br\/index.php\/2026\/05\/02\/cinco-presos-fogem-de-alcacuz-no-rio-grande-do-norte\/#webpage"},"articleSection":"Cat\u00e1logo de Jornais"},{"@type":"BreadcrumbList","@id":"https:\/\/ejornais.com.br\/index.php\/2026\/05\/02\/cinco-presos-fogem-de-alcacuz-no-rio-grande-do-norte\/#breadcrumblist","itemListElement":[{"@type":"ListItem","@id":"https:\/\/ejornais.com.br#listItem","position":1,"name":"In\u00edcio","item":"https:\/\/ejornais.com.br","nextItem":{"@type":"ListItem","@id":"https:\/\/ejornais.com.br\/index.php\/category\/ejornais\/#listItem","name":"Cat\u00e1logo de Jornais"}},{"@type":"ListItem","@id":"https:\/\/ejornais.com.br\/index.php\/category\/ejornais\/#listItem","position":2,"name":"Cat\u00e1logo de Jornais","item":"https:\/\/ejornais.com.br\/index.php\/category\/ejornais\/","nextItem":{"@type":"ListItem","@id":"https:\/\/ejornais.com.br\/index.php\/2026\/05\/02\/cinco-presos-fogem-de-alcacuz-no-rio-grande-do-norte\/#listItem","name":"Cinco presos fogem de Alca\u00e7uz no Rio Grande do Norte"},"previousItem":{"@type":"ListItem","@id":"https:\/\/ejornais.com.br#listItem","name":"In\u00edcio"}},{"@type":"ListItem","@id":"https:\/\/ejornais.com.br\/index.php\/2026\/05\/02\/cinco-presos-fogem-de-alcacuz-no-rio-grande-do-norte\/#listItem","position":3,"name":"Cinco presos fogem de Alca\u00e7uz no Rio Grande do Norte","previousItem":{"@type":"ListItem","@id":"https:\/\/ejornais.com.br\/index.php\/category\/ejornais\/#listItem","name":"Cat\u00e1logo de Jornais"}}]},{"@type":"Organization","@id":"https:\/\/ejornais.com.br\/#organization","name":"eJornais","description":"Cat\u00e1logo de Jornais no mundo, Not\u00edcias, Blog e Esportes ao vivo","url":"https:\/\/ejornais.com.br\/"},{"@type":"Person","@id":"https:\/\/ejornais.com.br\/index.php\/author\/admin1\/#author","url":"https:\/\/ejornais.com.br\/index.php\/author\/admin1\/","name":"admin1","image":{"@type":"ImageObject","@id":"https:\/\/ejornais.com.br\/index.php\/2026\/05\/02\/cinco-presos-fogem-de-alcacuz-no-rio-grande-do-norte\/#authorImage","url":"https:\/\/secure.gravatar.com\/avatar\/04084e6d73c042b8646e7c17b494073bf0ede3ea13c7105cfc45cbbbc28385a4?s=96&d=mm&r=g","width":96,"height":96,"caption":"admin1"}},{"@type":"WebPage","@id":"https:\/\/ejornais.com.br\/index.php\/2026\/05\/02\/cinco-presos-fogem-de-alcacuz-no-rio-grande-do-norte\/#webpage","url":"https:\/\/ejornais.com.br\/index.php\/2026\/05\/02\/cinco-presos-fogem-de-alcacuz-no-rio-grande-do-norte\/","name":"Cinco presos fogem de Alca\u00e7uz no Rio Grande do Norte - eJornais","description":"Por MRNews A Secretaria de Estado da Administra\u00e7\u00e3o Penitenci\u00e1ria do Rio Grande do Norte (Seap\/RN) informou, no in\u00edcio da tarde deste s\u00e1bado (2), a fuga de cinco presos da Penitenci\u00e1ria Estadual de Alca\u00e7uz, localizada no munic\u00edpio de N\u00edsia Floresta (RN), na regi\u00e3o metropolitana de Natal. A Secretaria de Estado da Seguran\u00e7a P\u00fablica e da Defesa","inLanguage":"pt-BR","isPartOf":{"@id":"https:\/\/ejornais.com.br\/#website"},"breadcrumb":{"@id":"https:\/\/ejornais.com.br\/index.php\/2026\/05\/02\/cinco-presos-fogem-de-alcacuz-no-rio-grande-do-norte\/#breadcrumblist"},"author":{"@id":"https:\/\/ejornais.com.br\/index.php\/author\/admin1\/#author"},"creator":{"@id":"https:\/\/ejornais.com.br\/index.php\/author\/admin1\/#author"},"datePublished":"2026-05-02T23:46:26-03:00","dateModified":"2026-05-02T23:46:26-03:00"},{"@type":"WebSite","@id":"https:\/\/ejornais.com.br\/#website","url":"https:\/\/ejornais.com.br\/","name":"eJornais","description":"Cat\u00e1logo de Jornais no mundo, Not\u00edcias, Blog e Esportes ao vivo","inLanguage":"pt-BR","publisher":{"@id":"https:\/\/ejornais.com.br\/#organization"}}]},"og:locale":"pt_BR","og:site_name":"eJornais - Cat\u00e1logo de Jornais no mundo, Not\u00edcias, Blog e Esportes ao vivo","og:type":"article","og:title":"Cinco presos fogem de Alca\u00e7uz no Rio Grande do Norte - eJornais","og:description":"Por MRNews A Secretaria de Estado da Administra\u00e7\u00e3o Penitenci\u00e1ria do Rio Grande do Norte (Seap\/RN) informou, no in\u00edcio da tarde deste s\u00e1bado (2), a fuga de cinco presos da Penitenci\u00e1ria Estadual de Alca\u00e7uz, localizada no munic\u00edpio de N\u00edsia Floresta (RN), na regi\u00e3o metropolitana de Natal. A Secretaria de Estado da Seguran\u00e7a P\u00fablica e da Defesa","og:url":"https:\/\/ejornais.com.br\/index.php\/2026\/05\/02\/cinco-presos-fogem-de-alcacuz-no-rio-grande-do-norte\/","article:published_time":"2026-05-03T02:46:26+00:00","article:modified_time":"2026-05-03T02:46:26+00:00","twitter:card":"summary_large_image","twitter:title":"Cinco presos fogem de Alca\u00e7uz no Rio Grande do Norte - eJornais","twitter:description":"Por MRNews A Secretaria de Estado da Administra\u00e7\u00e3o Penitenci\u00e1ria do Rio Grande do Norte (Seap\/RN) informou, no in\u00edcio da tarde deste s\u00e1bado (2), a fuga de cinco presos da Penitenci\u00e1ria Estadual de Alca\u00e7uz, localizada no munic\u00edpio de N\u00edsia Floresta (RN), na regi\u00e3o metropolitana de Natal. A Secretaria de Estado da Seguran\u00e7a P\u00fablica e da Defesa"},"aioseo_meta_data":{"post_id":"65089","title":null,"description":null,"keywords":null,"keyphrases":null,"primary_term":null,"canonical_url":null,"og_title":null,"og_description":null,"og_object_type":"default","og_image_type":"default","og_image_url":null,"og_image_width":null,"og_image_height":null,"og_image_custom_url":null,"og_image_custom_fields":null,"og_video":null,"og_custom_url":null,"og_article_section":null,"og_article_tags":null,"twitter_use_og":false,"twitter_card":"default","twitter_image_type":"default","twitter_image_url":null,"twitter_image_custom_url":null,"twitter_image_custom_fields":null,"twitter_title":null,"twitter_description":null,"schema":{"blockGraphs":[],"customGraphs":[],"default":{"data":{"Article":[],"Course":[],"Dataset":[],"FAQPage":[],"Movie":[],"Person":[],"Product":[],"ProductReview":[],"Car":[],"Recipe":[],"Service":[],"SoftwareApplication":[],"WebPage":[]},"graphName":"","isEnabled":true},"graphs":[]},"schema_type":"default","schema_type_options":null,"pillar_content":false,"robots_default":true,"robots_noindex":false,"robots_noarchive":false,"robots_nosnippet":false,"robots_nofollow":false,"robots_noimageindex":false,"robots_noodp":false,"robots_notranslate":false,"robots_max_snippet":null,"robots_max_videopreview":null,"robots_max_imagepreview":"large","priority":null,"frequency":null,"local_seo":null,"breadcrumb_settings":null,"limit_modified_date":false,"ai":null,"created":"2026-05-15 19:30:37","updated":"2026-05-15 19:30:37","seo_analyzer_scan_date":null,"focus_keyword":null,"additional_keywords":null,"truseo_locale":null},"aioseo_breadcrumb":"<div class=\"aioseo-breadcrumbs\"><span class=\"aioseo-breadcrumb\">\n\t\t\t<a href=\"https:\/\/ejornais.com.br\" title=\"In\u00edcio\">In\u00edcio<\/a>\n\t\t<\/span><span class=\"aioseo-breadcrumb-separator\">&raquo;<\/span><span class=\"aioseo-breadcrumb\">\n\t\t\t<a href=\"https:\/\/ejornais.com.br\/index.php\/category\/ejornais\/\" title=\"Cat\u00e1logo de Jornais\">Cat\u00e1logo de Jornais<\/a>\n\t\t<\/span><span class=\"aioseo-breadcrumb-separator\">&raquo;<\/span><span class=\"aioseo-breadcrumb\">\n\t\t\tCinco presos fogem de Alca\u00e7uz no Rio Grande do Norte\n\t\t<\/span><\/div>","aioseo_breadcrumb_json":[{"label":"In\u00edcio","link":"https:\/\/ejornais.com.br"},{"label":"Cat\u00e1logo de Jornais","link":"https:\/\/ejornais.com.br\/index.php\/category\/ejornais\/"},{"label":"Cinco presos fogem de Alca\u00e7uz no Rio Grande do Norte","link":"https:\/\/ejornais.com.br\/index.php\/2026\/05\/02\/cinco-presos-fogem-de-alcacuz-no-rio-grande-do-norte\/"}],"amp_enabled":true,"_links":{"self":[{"href":"https:\/\/ejornais.com.br\/index.php\/wp-json\/wp\/v2\/posts\/65089","targetHints":{"allow":["GET"]}}],"collection":[{"href":"https:\/\/ejornais.com.br\/index.php\/wp-json\/wp\/v2\/posts"}],"about":[{"href":"https:\/\/ejornais.com.br\/index.php\/wp-json\/wp\/v2\/types\/post"}],"author":[{"embeddable":true,"href":"https:\/\/ejornais.com.br\/index.php\/wp-json\/wp\/v2\/users\/2"}],"replies":[{"embeddable":true,"href":"https:\/\/ejornais.com.br\/index.php\/wp-json\/wp\/v2\/comments?post=65089"}],"version-history":[{"count":0,"href":"https:\/\/ejornais.com.br\/index.php\/wp-json\/wp\/v2\/posts\/65089\/revisions"}],"wp:attachment":[{"href":"https:\/\/ejornais.com.br\/index.php\/wp-json\/wp\/v2\/media?parent=65089"}],"wp:term":[{"taxonomy":"category","embeddable":true,"href":"https:\/\/ejornais.com.br\/index.php\/wp-json\/wp\/v2\/categories?post=65089"},{"taxonomy":"post_tag","embeddable":true,"href":"https:\/\/ejornais.com.br\/index.php\/wp-json\/wp\/v2\/tags?post=65089"}],"curies":[{"name":"wp","href":"https:\/\/api.w.org\/{rel}","templated":true}]}}