{"id":65099,"date":"2026-05-03T06:32:20","date_gmt":"2026-05-03T09:32:20","guid":{"rendered":"https:\/\/ejornais.com.br\/index.php\/2026\/05\/03\/inscricoes-de-estudantes-na-obmep-mirim-ficam-abertas-ate-8-de-junho\/"},"modified":"2026-05-03T06:32:20","modified_gmt":"2026-05-03T09:32:20","slug":"inscricoes-de-estudantes-na-obmep-mirim-ficam-abertas-ate-8-de-junho","status":"publish","type":"post","link":"https:\/\/ejornais.com.br\/index.php\/2026\/05\/03\/inscricoes-de-estudantes-na-obmep-mirim-ficam-abertas-ate-8-de-junho\/","title":{"rendered":"Inscri\u00e7\u00f5es de estudantes na Obmep Mirim ficam abertas at\u00e9 8 de junho"},"content":{"rendered":"<p> Por MRNews<br \/>\n<\/p>\n<div wp_automatic_readability=\"138.32380271623\">\n<p><strong>As escolas p\u00fablicas e privadas de todo o Brasil t\u00eam at\u00e9 o dia 8 de junho para inscrever alunos do\u00a02\u00ba ao 5\u00ba ano\u00a0do ensino fundamental na Olimp\u00edada de Matem\u00e1tica Mirim (Obmep Mirim), promovida pelo Instituto de Matem\u00e1tica Pura e Aplicada (Impa).<\/strong><\/p>\n<p><strong>No caso de institui\u00e7\u00f5es de ensino p\u00fablicas, as inscri\u00e7\u00f5es s\u00e3o gratuitas<\/strong>. As escolas ter\u00e3o que informar apenas o n\u00famero de estudantes participantes da olimp\u00edada. N\u00e3o haver\u00e1 inscri\u00e7\u00e3o nominal neste momento.<\/p>\n<p>As inscri\u00e7\u00f5es podem ser feitas tamb\u00e9m pelas secretarias de Educa\u00e7\u00e3o por meio do<em> site<\/em> oficial da olimp\u00edada, utilizando o c\u00f3digo MEC\/Inep\u00a0para criar uma senha de acesso. O<em> login<\/em> ser\u00e1 feito com esse c\u00f3digo e a senha cadastrada no momento da inscri\u00e7\u00e3o.<\/p>\n<p><strong><a href=\"https:\/\/mrnews.com.br\/index.php\/2026\/05\/03\/radio-mec-transmite-concerto-da-orquestra-sinfonica-de-sp-no-domingo\/\">R\u00e1dio MEC transmite concerto da Orquestra Sinf\u00f4nica de SP no domingo<\/a><\/strong><\/p>\n<p><strong><a href=\"https:\/\/mrnews.com.br\/index.php\/2026\/05\/02\/cinco-presos-fogem-de-alcacuz-no-rio-grande-do-norte\/\">Cinco presos fogem de Alca\u00e7uz no Rio Grande do Norte<\/a><\/strong><\/p>\n<p>Desde o lan\u00e7amento da Obmep Mirim, em 2022, <strong>mais de 15 milh\u00f5es de crian\u00e7as participaram das quatro edi\u00e7\u00f5es anteriores<\/strong>. Somente na edi\u00e7\u00e3o do ano passado, foram 5,067 milh\u00f5es de estudantes inscritos, mobilizando quase 35 mil escolas p\u00fablicas e privadas, informou nesta quarta-feira (29) \u00e0 <strong>Ag\u00eancia Brasil <\/strong>o diretor adjunto do Impa\u00a0e gerente de Olimp\u00edadas, Jorge Vit\u00f3rio Pereira.\u00a0<\/p>\n<p>A competi\u00e7\u00e3o ter\u00e1 duas fases, sendo que a primeira, cujas provas ser\u00e3o aplicadas no\u00a0dia\u00a025 de agosto, \u00e9 classificat\u00f3ria. A segunda etapa ser\u00e1 em\u00a010 de novembro. As provas s\u00e3o divididas em dois n\u00edveis, sendo um para alunos do 2\u00ba e 3\u00ba anos do ensino fundamental (Mirim 1) e outro para os estudantes do 4\u00ba e 5\u00ba anos (Mirim 2).<\/p>\n<p><strong>Cada prova ter\u00e1 15 quest\u00f5es de m\u00faltipla escolha. As pr\u00f3prias escolas corrigir\u00e3o as provas e classificar\u00e3o os alunos para a segunda etapa.\u00a0<\/strong><\/p>\n<h2>Brincadeira<\/h2>\n<p>Os alunos ganhadores da Obmep Mirim n\u00e3o recebem medalhas, mas certificados digitais, equivalentes a medalhas de ouro, prata e bronze.<\/p>\n<p><strong><a href=\"https:\/\/mrnews.com.br\/index.php\/2026\/05\/02\/flavio-dino-mantem-afastamento-de-vice-prefeito-de-macapa\/\">Fl\u00e1vio Dino mant\u00e9m afastamento de vice-prefeito de Macap\u00e1<\/a><\/strong><\/p>\n<p><strong><a href=\"https:\/\/mrnews.com.br\/index.php\/2026\/05\/02\/pernambuco-confirma-sexta-morte-relacionada-a-temporais\/\">Pernambuco confirma sexta morte relacionada a temporais<\/a><\/strong><\/p>\n<blockquote wp_automatic_readability=\"17\">\n<p>\u201cA gente tem um Comit\u00ea de Provas extremamente cuidadoso que est\u00e1 sempre pensando no n\u00edvel ao qual as quest\u00f5es t\u00eam que ser aplicadas. Para o pessoal do fundamental, o objetivo \u00e9 mais despertar curiosidade, trazer a matem\u00e1tica quase como um jogo, como uma brincadeira. Ent\u00e3o, nada de conteudismo; \u00e9 usar e abusar de gr\u00e1ficos, de figuras, trazer elementos da realidade das crian\u00e7as, para que a Obmep Mirim seja um prazer, uma brincadeira\u201d, destacou Pereira.<\/p>\n<\/blockquote>\n<p>O diretor adjunto\u00a0disse que, a cada ano, a iniciativa conquista mais escolas para o processo de est\u00edmulo ao ensino e \u00e0 aprendizagem da matem\u00e1tica. \u201cEu acho que a gente s\u00f3 tem a ganhar. Voc\u00ea traz esse elemento de curiosidade, d\u00e1 material extra e interessante para os professores trabalharem com as crian\u00e7as na escola. N\u00e3o tem car\u00e1ter de competi\u00e7\u00e3o, mas realmente \u00e9 como se fosse um jogo, uma brincadeira, e j\u00e1 vai aproximando as crian\u00e7as desse mundo, porque a Obmep, quando vira\u00a0coisa dos meninos crescidos, traz muitas oportunidades para eles.\u201d<\/p>\n<p>Al\u00e9m de receber medalhas de ouro, prata e bronze, os ganhadores da Olimp\u00edada Brasileira de Matem\u00e1tica das Escolas P\u00fablicas (Obmep) \u2013\u00a0voltada para os \u00faltimos anos do ensino fundamental e o ensino m\u00e9dio \u2013,\u00a0t\u00eam tamb\u00e9m acesso a programas de inicia\u00e7\u00e3o cient\u00edfica, alguns inclusive com bolsa. \u201cE, hoje, h\u00e1 universidades que j\u00e1 est\u00e3o tamb\u00e9m aceitando a Obmep como um programa de acesso para vagas no ensino superior\u201d, salientou Pereira.<\/p>\n<p>Segundo ele, ao terem contato com o universo da Obmep Mirim, as crian\u00e7as menores\u00a0s\u00f3 t\u00eam a ganhar. \u201c\u00c9 mais um caminho, mais uma porta que elas conseguem ter. E sem falar de fazer tudo isso com leveza, trazendo o aspecto l\u00fadico, criativo, da matem\u00e1tica para elas, que acabam entendendo que a matem\u00e1tica n\u00e3o \u00e9 um bicho de sete cabe\u00e7as.\u201d<\/p>\n<h2>Interesse<\/h2>\n<p>Jorge Pereira ponderou que, nas primeiras s\u00e9ries do ensino fundamental, as crian\u00e7as n\u00e3o t\u00eam tanta resist\u00eancia ao aprendizado da matem\u00e1tica, que \u00e9 constru\u00edda um pouco depois. \u201cEnt\u00e3o, a gente chegar nesse momento e trazer o aspecto prazeroso, criativo, o aspecto l\u00fadico da matem\u00e1tica para essas crian\u00e7as, eu acho que ajuda bastante. Sem falar que a gente tamb\u00e9m est\u00e1 conseguindo incrementar a quantidade de material a que os professores passam a ter acesso.\u201d<\/p>\n<p>O diretor-geral do Impa, Marcelo Viana, explicou que a \u201cOlimp\u00edada Mirim foi pensada para despertar, desde cedo, o interesse pela matem\u00e1tica, tanto nos alunos quanto nos professores\u201d.<\/p>\n<blockquote wp_automatic_readability=\"8\">\n<p>\u201cQueremos contribuir para que o aprendizado aconte\u00e7a de forma mais envolvente, estimulando a curiosidade e o racioc\u00ednio l\u00f3gico dentro da sala de aula\u201d, refor\u00e7ou.<\/p>\n<\/blockquote>\n<p>A estudante Sophia Dutra, de 11 anos, \u00e9 uma das vencedoras das edi\u00e7\u00f5es de 2024 e 2025 da Obmep Mirim.\u00a0\u201cEla [a olimp\u00edada] foi muito importante para o meu desenvolvimento porque tem uma estrutura muito diferente das outras provas. Tudo que o professor explica\u00a0a gente consegue usar at\u00e9 em outras provas ol\u00edmpicas\u201d, disse a menina, que considerou a prova \u201cdivertida, legal e interessante\u201d.<\/p>\n<p>A Obmep Mirim tem apoio da B3 Social, da Coordena\u00e7\u00e3o de Aperfei\u00e7oamento de Pessoal de N\u00edvel Superior (Capes) e do Conselho Nacional de Desenvolvimento Cient\u00edfico e Tecnol\u00f3gico (CNPq), al\u00e9m de promo\u00e7\u00e3o dos minist\u00e9rios da Educa\u00e7\u00e3o (MEC) e da Ci\u00eancia, Tecnologia e Inova\u00e7\u00e3o (MCTI). Este ano, o Impa\u00a0far\u00e1 tamb\u00e9m uma competi\u00e7\u00e3o in\u00e9dita, a 1\u00ba Olimp\u00edada de Professores da Obmep\u00a0Mirim. As inscri\u00e7\u00f5es poder\u00e3o ser feitas no per\u00edodo de\u00a04 a 29 de maio.<\/p>\n<\/div>\n","protected":false},"excerpt":{"rendered":"<p>Por MRNews As escolas p\u00fablicas e privadas de todo o Brasil t\u00eam at\u00e9 o dia 8 de junho para inscrever<\/p>\n","protected":false},"author":2,"featured_media":0,"comment_status":"","ping_status":"","sticky":false,"template":"","format":"standard","meta":{"colormag_page_container_layout":"default_layout","colormag_page_sidebar_layout":"default_layout","footnotes":""},"categories":[1],"tags":[],"class_list":["post-65099","post","type-post","status-publish","format-standard","hentry","category-ejornais"],"aioseo_notices":[],"amp_enabled":true,"_links":{"self":[{"href":"https:\/\/ejornais.com.br\/index.php\/wp-json\/wp\/v2\/posts\/65099","targetHints":{"allow":["GET"]}}],"collection":[{"href":"https:\/\/ejornais.com.br\/index.php\/wp-json\/wp\/v2\/posts"}],"about":[{"href":"https:\/\/ejornais.com.br\/index.php\/wp-json\/wp\/v2\/types\/post"}],"author":[{"embeddable":true,"href":"https:\/\/ejornais.com.br\/index.php\/wp-json\/wp\/v2\/users\/2"}],"replies":[{"embeddable":true,"href":"https:\/\/ejornais.com.br\/index.php\/wp-json\/wp\/v2\/comments?post=65099"}],"version-history":[{"count":0,"href":"https:\/\/ejornais.com.br\/index.php\/wp-json\/wp\/v2\/posts\/65099\/revisions"}],"wp:attachment":[{"href":"https:\/\/ejornais.com.br\/index.php\/wp-json\/wp\/v2\/media?parent=65099"}],"wp:term":[{"taxonomy":"category","embeddable":true,"href":"https:\/\/ejornais.com.br\/index.php\/wp-json\/wp\/v2\/categories?post=65099"},{"taxonomy":"post_tag","embeddable":true,"href":"https:\/\/ejornais.com.br\/index.php\/wp-json\/wp\/v2\/tags?post=65099"}],"curies":[{"name":"wp","href":"https:\/\/api.w.org\/{rel}","templated":true}]}}