{"id":65101,"date":"2026-05-03T07:45:30","date_gmt":"2026-05-03T10:45:30","guid":{"rendered":"https:\/\/ejornais.com.br\/index.php\/2026\/05\/03\/motoristas-devem-ficar-atentos-as-interdicoes-de-hoje-cgnoticias\/"},"modified":"2026-05-03T07:45:30","modified_gmt":"2026-05-03T10:45:30","slug":"motoristas-devem-ficar-atentos-as-interdicoes-de-hoje-cgnoticias","status":"publish","type":"post","link":"https:\/\/ejornais.com.br\/index.php\/2026\/05\/03\/motoristas-devem-ficar-atentos-as-interdicoes-de-hoje-cgnoticias\/","title":{"rendered":"Motoristas devem ficar atentos \u00e0s interdi\u00e7\u00f5es de hoje \u2013 CGNot\u00edcias"},"content":{"rendered":"<p><\/p>\n<div>\n<p>A Ag\u00eancia Municipal de Transporte e Tr\u00e2nsito de Campo Grande informa que realizar\u00e1 interdi\u00e7\u00f5es e opera\u00e7\u00f5es especiais de tr\u00e2nsito neste domingo (3), em Campo Grande, devido \u00e0 realiza\u00e7\u00e3o de eventos religiosos e da corrida de rua <em>Circuito das Esta\u00e7\u00f5es<\/em>.<\/p>\n<p>Pela manh\u00e3, a partir das 7h, acontece a corrida com largada na Rua Ant\u00f4nio Maria Coelho, seguindo pela Rua Liria Oshiro (em meia pista at\u00e9 a Avenida Mato Grosso) e pela Avenida Mato Grosso at\u00e9 a Rua Lima F\u00e9lix, com ocupa\u00e7\u00e3o de faixa de rolamento ao longo do percurso.<\/p>\n<p>J\u00e1 no per\u00edodo da manh\u00e3 e tarde, das 10h30 \u00e0s 15h40, haver\u00e1 interdi\u00e7\u00e3o na Rua Agostinho Bacha, entre as ruas Professor Hil\u00e1rio da Rocha e Jambeiro, para a realiza\u00e7\u00e3o de evento religioso.<\/p>\n<p>No per\u00edodo da tarde e noite, das 15h \u00e0s 22h, outro evento religioso ser\u00e1 realizado na Rua Nero de Lerina da Silva, entre as ruas Doutor Zerbini e Avenida Afonso Pena, tamb\u00e9m com interdi\u00e7\u00e3o no trecho.<\/p>\n<p>Durante todas as a\u00e7\u00f5es, agentes de tr\u00e2nsito estar\u00e3o nos locais para orientar condutores e garantir a seguran\u00e7a dos participantes e da popula\u00e7\u00e3o. A recomenda\u00e7\u00e3o \u00e9 que motoristas redobrem a aten\u00e7\u00e3o, respeitem a sinaliza\u00e7\u00e3o provis\u00f3ria e, sempre que poss\u00edvel, utilizem rotas alternativas.<\/p>\n<p>A Agetran refor\u00e7a que a colabora\u00e7\u00e3o de todos \u00e9 fundamental para manter a seguran\u00e7a e a fluidez do tr\u00e2nsito durante o per\u00edodo das interdi\u00e7\u00f5es.<\/p>\n<\/div>\n<p><script async defer async defer src=\"https:\/\/connect.facebook.net\/en_US\/sdk.js?ver=1#xfbml=1&amp;version=v3.2\" id=\"prefeitura-campogrande-script-facebook-sdk-js\"><\/script><\/p>\n","protected":false},"excerpt":{"rendered":"<p>A Ag\u00eancia Municipal de Transporte e Tr\u00e2nsito de Campo Grande informa que realizar\u00e1 interdi\u00e7\u00f5es e opera\u00e7\u00f5es especiais de tr\u00e2nsito neste<\/p>\n","protected":false},"author":2,"featured_media":0,"comment_status":"","ping_status":"","sticky":false,"template":"","format":"standard","meta":{"colormag_page_container_layout":"default_layout","colormag_page_sidebar_layout":"default_layout","footnotes":""},"categories":[1],"tags":[],"class_list":["post-65101","post","type-post","status-publish","format-standard","hentry","category-ejornais"],"aioseo_notices":[],"amp_enabled":true,"_links":{"self":[{"href":"https:\/\/ejornais.com.br\/index.php\/wp-json\/wp\/v2\/posts\/65101","targetHints":{"allow":["GET"]}}],"collection":[{"href":"https:\/\/ejornais.com.br\/index.php\/wp-json\/wp\/v2\/posts"}],"about":[{"href":"https:\/\/ejornais.com.br\/index.php\/wp-json\/wp\/v2\/types\/post"}],"author":[{"embeddable":true,"href":"https:\/\/ejornais.com.br\/index.php\/wp-json\/wp\/v2\/users\/2"}],"replies":[{"embeddable":true,"href":"https:\/\/ejornais.com.br\/index.php\/wp-json\/wp\/v2\/comments?post=65101"}],"version-history":[{"count":0,"href":"https:\/\/ejornais.com.br\/index.php\/wp-json\/wp\/v2\/posts\/65101\/revisions"}],"wp:attachment":[{"href":"https:\/\/ejornais.com.br\/index.php\/wp-json\/wp\/v2\/media?parent=65101"}],"wp:term":[{"taxonomy":"category","embeddable":true,"href":"https:\/\/ejornais.com.br\/index.php\/wp-json\/wp\/v2\/categories?post=65101"},{"taxonomy":"post_tag","embeddable":true,"href":"https:\/\/ejornais.com.br\/index.php\/wp-json\/wp\/v2\/tags?post=65101"}],"curies":[{"name":"wp","href":"https:\/\/api.w.org\/{rel}","templated":true}]}}