{"id":65597,"date":"2026-05-11T21:32:22","date_gmt":"2026-05-12T00:32:22","guid":{"rendered":"https:\/\/ejornais.com.br\/index.php\/2026\/05\/11\/sas-promove-acoes-contra-isolamento-social-feminino-cgnoticias\/"},"modified":"2026-05-11T21:32:22","modified_gmt":"2026-05-12T00:32:22","slug":"sas-promove-acoes-contra-isolamento-social-feminino-cgnoticias","status":"publish","type":"post","link":"https:\/\/ejornais.com.br\/index.php\/2026\/05\/11\/sas-promove-acoes-contra-isolamento-social-feminino-cgnoticias\/","title":{"rendered":"SAS promove a\u00e7\u00f5es contra isolamento social feminino \u2013 CGNot\u00edcias"},"content":{"rendered":"<p><\/p>\n<div>\n<p>As unidades da Rede de Assist\u00eancia Social do munic\u00edpio est\u00e3o promovendo uma programa\u00e7\u00e3o especial em celebra\u00e7\u00e3o ao M\u00eas das M\u00e3es, com atividades voltadas ao acolhimento, bem-estar e fortalecimento de v\u00ednculos. As a\u00e7\u00f5es acontecem nos Centros de Refer\u00eancia de Assist\u00eancia Social (Cras) e Centros de Conviv\u00eancia do Idoso (CCI), reunindo m\u00e3es e idosos atendidos pelo Servi\u00e7o de Conviv\u00eancia e Fortalecimento de V\u00ednculos (SCFV).<\/p>\n<p>A programa\u00e7\u00e3o inclui aul\u00f5es de hit box e pilates, oficinas de artesanato, passeios ao cinema, bailes, almo\u00e7os coletivos e atividades voltadas \u00e0 sa\u00fade emocional. Mais do que momentos de lazer, as iniciativas refor\u00e7am o combate ao isolamento social e promovem apoio emocional \u00e0s participantes.<\/p>\n<p>No CCI Piratininga, a comemora\u00e7\u00e3o contou com um baile flashback animado por DJ, incentivando a conviv\u00eancia e a socializa\u00e7\u00e3o. J\u00e1 o Cras Aeroporto escolheu a mesma tem\u00e1tica e ainda promove, no dia 14, uma gincana com m\u00e3es e crian\u00e7as de zero a seis anos atendidas pelo SCFV.<\/p>\n<p>No Cras Vida Nova, as atividades tiveram foco no envelhecimento ativo, com participa\u00e7\u00e3o de estudantes de Psicologia da UEMS. A coordenadora da unidade, Adriana Nascimento, explica que o projeto valoriza as hist\u00f3rias e experi\u00eancias dos idosos.<\/p>\n<figure class=\"wp-block-image size-large\"><\/figure>\n<p>\u201cO projeto faz com que eles entendam a import\u00e2ncia do envelhecimento ativo, valorizando a vida sem medo e compartilhando experi\u00eancias; foi um momento emocionante, com muitos idosos chorando de alegria\u201d, destaca Adriana.<\/p>\n<p>A frequentadora Leontina Marciano de Rezende participa das atividades ao lado da filha, Gisanea Marciano In\u00e1cio, que ressalta a import\u00e2ncia do acolhimento promovido pelo Cras.<\/p>\n<p>\u201cAcho muito importante porque tem v\u00e1rias m\u00e3es que nem lembram que \u00e9 o dia delas ou n\u00e3o t\u00eam ningu\u00e9m para comemorar, ent\u00e3o eu fico alegre por ver todo mundo junto e feliz\u201d, relata Gisanea. Ela conta ainda que, mesmo com Alzheimer, a m\u00e3e nunca esquece os dias de atividades da unidade.<\/p>\n<p><strong>Homenagens emocionam participantes<\/strong><\/p>\n<p>Para a superintendente de Prote\u00e7\u00e3o Social B\u00e1sica, Gizeli Motta, as a\u00e7\u00f5es refor\u00e7am o papel das unidades como espa\u00e7os de acolhimento e conviv\u00eancia comunit\u00e1ria.<\/p>\n<p>\u201cAo promover o encontro e a conviv\u00eancia comunit\u00e1ria, a SAS transforma as unidades em espa\u00e7os de acolhimento onde o v\u00ednculo social substitui a aus\u00eancia familiar moment\u00e2nea. Essas interven\u00e7\u00f5es s\u00e3o essenciais para garantir que a data seja celebrada com dignidade e vitalidade, reafirmando a import\u00e2ncia dessas mulheres na sociedade\u201d, pontua.<\/p>\n<figure class=\"wp-block-image size-large\"><\/figure>\n<p>No Cras Aero Rancho, a emo\u00e7\u00e3o marcou a homenagem \u00e0s m\u00e3es. Ketelyn Duarte foi surpreendida pelo filho Diego Duarte Rolon, de 10 anos, atendido pelo SCFV, que leu um poema em sua homenagem.<\/p>\n<p>\u201cEu fiquei muito emocionada. Sempre que posso estou l\u00e1 para ver ele, acho muito gratificante ver uma pessoinha que saiu de voc\u00ea se tornar esse homem. Acho muito importante que o Cras fa\u00e7a essas homenagens porque vejo muitas m\u00e3es que n\u00e3o t\u00eam mais a sua fam\u00edlia para comemorar ficarem emocionadas e se sentirem acolhidas nesse dia t\u00e3o importante\u201d, afirmou.<\/p>\n<p>#<em>ParaTodosVerem: as tr\u00eas fotos s\u00e3o de momentos atividades entre as m\u00e3es durante a programa\u00e7\u00e3o especial.<\/em><\/p>\n<\/div>\n<p><script async defer async defer src=\"https:\/\/connect.facebook.net\/en_US\/sdk.js?ver=1#xfbml=1&amp;version=v3.2\" id=\"prefeitura-campogrande-script-facebook-sdk-js\"><\/script><\/p>\n","protected":false},"excerpt":{"rendered":"<p>As unidades da Rede de Assist\u00eancia Social do munic\u00edpio est\u00e3o promovendo uma programa\u00e7\u00e3o especial em celebra\u00e7\u00e3o ao M\u00eas das M\u00e3es,<\/p>\n","protected":false},"author":2,"featured_media":0,"comment_status":"","ping_status":"","sticky":false,"template":"","format":"standard","meta":{"colormag_page_container_layout":"default_layout","colormag_page_sidebar_layout":"default_layout","footnotes":""},"categories":[1],"tags":[],"class_list":["post-65597","post","type-post","status-publish","format-standard","hentry","category-ejornais"],"aioseo_notices":[],"aioseo_head":"\n\t\t<!-- All in One SEO 5.0.1.1 - aioseo.com -->\n\t<meta name=\"description\" content=\"As unidades da Rede de Assist\u00eancia Social do munic\u00edpio est\u00e3o promovendo uma programa\u00e7\u00e3o especial em celebra\u00e7\u00e3o ao M\u00eas das M\u00e3es, com atividades voltadas ao acolhimento, bem-estar e fortalecimento de v\u00ednculos. As a\u00e7\u00f5es acontecem nos Centros de Refer\u00eancia de Assist\u00eancia Social (Cras) e Centros de Conviv\u00eancia do Idoso (CCI), reunindo m\u00e3es e idosos atendidos pelo Servi\u00e7o\" \/>\n\t<meta name=\"robots\" content=\"max-image-preview:large\" \/>\n\t<meta name=\"author\" content=\"admin1\"\/>\n\t<link rel=\"canonical\" href=\"https:\/\/ejornais.com.br\/index.php\/2026\/05\/11\/sas-promove-acoes-contra-isolamento-social-feminino-cgnoticias\/\" \/>\n\t<meta name=\"generator\" content=\"All in One SEO (AIOSEO) 5.0.1.1\" \/>\n\t\t<meta property=\"og:locale\" content=\"pt_BR\" \/>\n\t\t<meta property=\"og:site_name\" content=\"eJornais - Cat\u00e1logo de Jornais no mundo, Not\u00edcias, Blog e Esportes ao vivo\" \/>\n\t\t<meta property=\"og:type\" content=\"article\" \/>\n\t\t<meta property=\"og:title\" content=\"SAS promove a\u00e7\u00f5es contra isolamento social feminino \u2013 CGNot\u00edcias - eJornais\" \/>\n\t\t<meta property=\"og:description\" content=\"As unidades da Rede de Assist\u00eancia Social do munic\u00edpio est\u00e3o promovendo uma programa\u00e7\u00e3o especial em celebra\u00e7\u00e3o ao M\u00eas das M\u00e3es, com atividades voltadas ao acolhimento, bem-estar e fortalecimento de v\u00ednculos. As a\u00e7\u00f5es acontecem nos Centros de Refer\u00eancia de Assist\u00eancia Social (Cras) e Centros de Conviv\u00eancia do Idoso (CCI), reunindo m\u00e3es e idosos atendidos pelo Servi\u00e7o\" \/>\n\t\t<meta property=\"og:url\" content=\"https:\/\/ejornais.com.br\/index.php\/2026\/05\/11\/sas-promove-acoes-contra-isolamento-social-feminino-cgnoticias\/\" \/>\n\t\t<meta property=\"article:published_time\" content=\"2026-05-12T00:32:22+00:00\" \/>\n\t\t<meta property=\"article:modified_time\" content=\"2026-05-12T00:32:22+00:00\" \/>\n\t\t<meta name=\"twitter:card\" content=\"summary_large_image\" \/>\n\t\t<meta name=\"twitter:title\" content=\"SAS promove a\u00e7\u00f5es contra isolamento social feminino \u2013 CGNot\u00edcias - eJornais\" \/>\n\t\t<meta name=\"twitter:description\" content=\"As unidades da Rede de Assist\u00eancia Social do munic\u00edpio est\u00e3o promovendo uma programa\u00e7\u00e3o especial em celebra\u00e7\u00e3o ao M\u00eas das M\u00e3es, com atividades voltadas ao acolhimento, bem-estar e fortalecimento de v\u00ednculos. As a\u00e7\u00f5es acontecem nos Centros de Refer\u00eancia de Assist\u00eancia Social (Cras) e Centros de Conviv\u00eancia do Idoso (CCI), reunindo m\u00e3es e idosos atendidos pelo Servi\u00e7o\" \/>\n\t\t<script type=\"application\/ld+json\" class=\"aioseo-schema\">\n\t\t\t{\"@context\":\"https:\\\/\\\/schema.org\",\"@graph\":[{\"@type\":\"BlogPosting\",\"@id\":\"https:\\\/\\\/ejornais.com.br\\\/index.php\\\/2026\\\/05\\\/11\\\/sas-promove-acoes-contra-isolamento-social-feminino-cgnoticias\\\/#blogposting\",\"name\":\"SAS promove a\\u00e7\\u00f5es contra isolamento social feminino \\u2013 CGNot\\u00edcias - eJornais\",\"headline\":\"SAS promove a\\u00e7\\u00f5es contra isolamento social feminino \\u2013 CGNot\\u00edcias\",\"author\":{\"@id\":\"https:\\\/\\\/ejornais.com.br\\\/index.php\\\/author\\\/admin1\\\/#author\"},\"publisher\":{\"@id\":\"https:\\\/\\\/ejornais.com.br\\\/#organization\"},\"datePublished\":\"2026-05-11T21:32:22-03:00\",\"dateModified\":\"2026-05-11T21:32:22-03:00\",\"inLanguage\":\"pt-BR\",\"mainEntityOfPage\":{\"@id\":\"https:\\\/\\\/ejornais.com.br\\\/index.php\\\/2026\\\/05\\\/11\\\/sas-promove-acoes-contra-isolamento-social-feminino-cgnoticias\\\/#webpage\"},\"isPartOf\":{\"@id\":\"https:\\\/\\\/ejornais.com.br\\\/index.php\\\/2026\\\/05\\\/11\\\/sas-promove-acoes-contra-isolamento-social-feminino-cgnoticias\\\/#webpage\"},\"articleSection\":\"Cat\\u00e1logo de Jornais\"},{\"@type\":\"BreadcrumbList\",\"@id\":\"https:\\\/\\\/ejornais.com.br\\\/index.php\\\/2026\\\/05\\\/11\\\/sas-promove-acoes-contra-isolamento-social-feminino-cgnoticias\\\/#breadcrumblist\",\"itemListElement\":[{\"@type\":\"ListItem\",\"@id\":\"https:\\\/\\\/ejornais.com.br#listItem\",\"position\":1,\"name\":\"In\\u00edcio\",\"item\":\"https:\\\/\\\/ejornais.com.br\",\"nextItem\":{\"@type\":\"ListItem\",\"@id\":\"https:\\\/\\\/ejornais.com.br\\\/index.php\\\/category\\\/ejornais\\\/#listItem\",\"name\":\"Cat\\u00e1logo de Jornais\"}},{\"@type\":\"ListItem\",\"@id\":\"https:\\\/\\\/ejornais.com.br\\\/index.php\\\/category\\\/ejornais\\\/#listItem\",\"position\":2,\"name\":\"Cat\\u00e1logo de Jornais\",\"item\":\"https:\\\/\\\/ejornais.com.br\\\/index.php\\\/category\\\/ejornais\\\/\",\"nextItem\":{\"@type\":\"ListItem\",\"@id\":\"https:\\\/\\\/ejornais.com.br\\\/index.php\\\/2026\\\/05\\\/11\\\/sas-promove-acoes-contra-isolamento-social-feminino-cgnoticias\\\/#listItem\",\"name\":\"SAS promove a\\u00e7\\u00f5es contra isolamento social feminino \\u2013 CGNot\\u00edcias\"},\"previousItem\":{\"@type\":\"ListItem\",\"@id\":\"https:\\\/\\\/ejornais.com.br#listItem\",\"name\":\"In\\u00edcio\"}},{\"@type\":\"ListItem\",\"@id\":\"https:\\\/\\\/ejornais.com.br\\\/index.php\\\/2026\\\/05\\\/11\\\/sas-promove-acoes-contra-isolamento-social-feminino-cgnoticias\\\/#listItem\",\"position\":3,\"name\":\"SAS promove a\\u00e7\\u00f5es contra isolamento social feminino \\u2013 CGNot\\u00edcias\",\"previousItem\":{\"@type\":\"ListItem\",\"@id\":\"https:\\\/\\\/ejornais.com.br\\\/index.php\\\/category\\\/ejornais\\\/#listItem\",\"name\":\"Cat\\u00e1logo de Jornais\"}}]},{\"@type\":\"Organization\",\"@id\":\"https:\\\/\\\/ejornais.com.br\\\/#organization\",\"name\":\"eJornais\",\"description\":\"Cat\\u00e1logo de Jornais no mundo, Not\\u00edcias, Blog e Esportes ao vivo\",\"url\":\"https:\\\/\\\/ejornais.com.br\\\/\"},{\"@type\":\"Person\",\"@id\":\"https:\\\/\\\/ejornais.com.br\\\/index.php\\\/author\\\/admin1\\\/#author\",\"url\":\"https:\\\/\\\/ejornais.com.br\\\/index.php\\\/author\\\/admin1\\\/\",\"name\":\"admin1\",\"image\":{\"@type\":\"ImageObject\",\"@id\":\"https:\\\/\\\/ejornais.com.br\\\/index.php\\\/2026\\\/05\\\/11\\\/sas-promove-acoes-contra-isolamento-social-feminino-cgnoticias\\\/#authorImage\",\"url\":\"https:\\\/\\\/secure.gravatar.com\\\/avatar\\\/04084e6d73c042b8646e7c17b494073bf0ede3ea13c7105cfc45cbbbc28385a4?s=96&d=mm&r=g\",\"width\":96,\"height\":96,\"caption\":\"admin1\"}},{\"@type\":\"WebPage\",\"@id\":\"https:\\\/\\\/ejornais.com.br\\\/index.php\\\/2026\\\/05\\\/11\\\/sas-promove-acoes-contra-isolamento-social-feminino-cgnoticias\\\/#webpage\",\"url\":\"https:\\\/\\\/ejornais.com.br\\\/index.php\\\/2026\\\/05\\\/11\\\/sas-promove-acoes-contra-isolamento-social-feminino-cgnoticias\\\/\",\"name\":\"SAS promove a\\u00e7\\u00f5es contra isolamento social feminino \\u2013 CGNot\\u00edcias - eJornais\",\"description\":\"As unidades da Rede de Assist\\u00eancia Social do munic\\u00edpio est\\u00e3o promovendo uma programa\\u00e7\\u00e3o especial em celebra\\u00e7\\u00e3o ao M\\u00eas das M\\u00e3es, com atividades voltadas ao acolhimento, bem-estar e fortalecimento de v\\u00ednculos. As a\\u00e7\\u00f5es acontecem nos Centros de Refer\\u00eancia de Assist\\u00eancia Social (Cras) e Centros de Conviv\\u00eancia do Idoso (CCI), reunindo m\\u00e3es e idosos atendidos pelo Servi\\u00e7o\",\"inLanguage\":\"pt-BR\",\"isPartOf\":{\"@id\":\"https:\\\/\\\/ejornais.com.br\\\/#website\"},\"breadcrumb\":{\"@id\":\"https:\\\/\\\/ejornais.com.br\\\/index.php\\\/2026\\\/05\\\/11\\\/sas-promove-acoes-contra-isolamento-social-feminino-cgnoticias\\\/#breadcrumblist\"},\"author\":{\"@id\":\"https:\\\/\\\/ejornais.com.br\\\/index.php\\\/author\\\/admin1\\\/#author\"},\"creator\":{\"@id\":\"https:\\\/\\\/ejornais.com.br\\\/index.php\\\/author\\\/admin1\\\/#author\"},\"datePublished\":\"2026-05-11T21:32:22-03:00\",\"dateModified\":\"2026-05-11T21:32:22-03:00\"},{\"@type\":\"WebSite\",\"@id\":\"https:\\\/\\\/ejornais.com.br\\\/#website\",\"url\":\"https:\\\/\\\/ejornais.com.br\\\/\",\"name\":\"eJornais\",\"description\":\"Cat\\u00e1logo de Jornais no mundo, Not\\u00edcias, Blog e Esportes ao vivo\",\"inLanguage\":\"pt-BR\",\"publisher\":{\"@id\":\"https:\\\/\\\/ejornais.com.br\\\/#organization\"}}]}\n\t\t<\/script>\n\t\t<!-- All in One SEO -->\n\n","aioseo_head_json":{"title":"SAS promove a\u00e7\u00f5es contra isolamento social feminino \u2013 CGNot\u00edcias - eJornais","description":"As unidades da Rede de Assist\u00eancia Social do munic\u00edpio est\u00e3o promovendo uma programa\u00e7\u00e3o especial em celebra\u00e7\u00e3o ao M\u00eas das M\u00e3es, com atividades voltadas ao acolhimento, bem-estar e fortalecimento de v\u00ednculos. As a\u00e7\u00f5es acontecem nos Centros de Refer\u00eancia de Assist\u00eancia Social (Cras) e Centros de Conviv\u00eancia do Idoso (CCI), reunindo m\u00e3es e idosos atendidos pelo Servi\u00e7o","canonical_url":"https:\/\/ejornais.com.br\/index.php\/2026\/05\/11\/sas-promove-acoes-contra-isolamento-social-feminino-cgnoticias\/","robots":"max-image-preview:large","keywords":"","webmasterTools":{"miscellaneous":""},"schema":{"@context":"https:\/\/schema.org","@graph":[{"@type":"BlogPosting","@id":"https:\/\/ejornais.com.br\/index.php\/2026\/05\/11\/sas-promove-acoes-contra-isolamento-social-feminino-cgnoticias\/#blogposting","name":"SAS promove a\u00e7\u00f5es contra isolamento social feminino \u2013 CGNot\u00edcias - eJornais","headline":"SAS promove a\u00e7\u00f5es contra isolamento social feminino \u2013 CGNot\u00edcias","author":{"@id":"https:\/\/ejornais.com.br\/index.php\/author\/admin1\/#author"},"publisher":{"@id":"https:\/\/ejornais.com.br\/#organization"},"datePublished":"2026-05-11T21:32:22-03:00","dateModified":"2026-05-11T21:32:22-03:00","inLanguage":"pt-BR","mainEntityOfPage":{"@id":"https:\/\/ejornais.com.br\/index.php\/2026\/05\/11\/sas-promove-acoes-contra-isolamento-social-feminino-cgnoticias\/#webpage"},"isPartOf":{"@id":"https:\/\/ejornais.com.br\/index.php\/2026\/05\/11\/sas-promove-acoes-contra-isolamento-social-feminino-cgnoticias\/#webpage"},"articleSection":"Cat\u00e1logo de Jornais"},{"@type":"BreadcrumbList","@id":"https:\/\/ejornais.com.br\/index.php\/2026\/05\/11\/sas-promove-acoes-contra-isolamento-social-feminino-cgnoticias\/#breadcrumblist","itemListElement":[{"@type":"ListItem","@id":"https:\/\/ejornais.com.br#listItem","position":1,"name":"In\u00edcio","item":"https:\/\/ejornais.com.br","nextItem":{"@type":"ListItem","@id":"https:\/\/ejornais.com.br\/index.php\/category\/ejornais\/#listItem","name":"Cat\u00e1logo de Jornais"}},{"@type":"ListItem","@id":"https:\/\/ejornais.com.br\/index.php\/category\/ejornais\/#listItem","position":2,"name":"Cat\u00e1logo de Jornais","item":"https:\/\/ejornais.com.br\/index.php\/category\/ejornais\/","nextItem":{"@type":"ListItem","@id":"https:\/\/ejornais.com.br\/index.php\/2026\/05\/11\/sas-promove-acoes-contra-isolamento-social-feminino-cgnoticias\/#listItem","name":"SAS promove a\u00e7\u00f5es contra isolamento social feminino \u2013 CGNot\u00edcias"},"previousItem":{"@type":"ListItem","@id":"https:\/\/ejornais.com.br#listItem","name":"In\u00edcio"}},{"@type":"ListItem","@id":"https:\/\/ejornais.com.br\/index.php\/2026\/05\/11\/sas-promove-acoes-contra-isolamento-social-feminino-cgnoticias\/#listItem","position":3,"name":"SAS promove a\u00e7\u00f5es contra isolamento social feminino \u2013 CGNot\u00edcias","previousItem":{"@type":"ListItem","@id":"https:\/\/ejornais.com.br\/index.php\/category\/ejornais\/#listItem","name":"Cat\u00e1logo de Jornais"}}]},{"@type":"Organization","@id":"https:\/\/ejornais.com.br\/#organization","name":"eJornais","description":"Cat\u00e1logo de Jornais no mundo, Not\u00edcias, Blog e Esportes ao vivo","url":"https:\/\/ejornais.com.br\/"},{"@type":"Person","@id":"https:\/\/ejornais.com.br\/index.php\/author\/admin1\/#author","url":"https:\/\/ejornais.com.br\/index.php\/author\/admin1\/","name":"admin1","image":{"@type":"ImageObject","@id":"https:\/\/ejornais.com.br\/index.php\/2026\/05\/11\/sas-promove-acoes-contra-isolamento-social-feminino-cgnoticias\/#authorImage","url":"https:\/\/secure.gravatar.com\/avatar\/04084e6d73c042b8646e7c17b494073bf0ede3ea13c7105cfc45cbbbc28385a4?s=96&d=mm&r=g","width":96,"height":96,"caption":"admin1"}},{"@type":"WebPage","@id":"https:\/\/ejornais.com.br\/index.php\/2026\/05\/11\/sas-promove-acoes-contra-isolamento-social-feminino-cgnoticias\/#webpage","url":"https:\/\/ejornais.com.br\/index.php\/2026\/05\/11\/sas-promove-acoes-contra-isolamento-social-feminino-cgnoticias\/","name":"SAS promove a\u00e7\u00f5es contra isolamento social feminino \u2013 CGNot\u00edcias - eJornais","description":"As unidades da Rede de Assist\u00eancia Social do munic\u00edpio est\u00e3o promovendo uma programa\u00e7\u00e3o especial em celebra\u00e7\u00e3o ao M\u00eas das M\u00e3es, com atividades voltadas ao acolhimento, bem-estar e fortalecimento de v\u00ednculos. As a\u00e7\u00f5es acontecem nos Centros de Refer\u00eancia de Assist\u00eancia Social (Cras) e Centros de Conviv\u00eancia do Idoso (CCI), reunindo m\u00e3es e idosos atendidos pelo Servi\u00e7o","inLanguage":"pt-BR","isPartOf":{"@id":"https:\/\/ejornais.com.br\/#website"},"breadcrumb":{"@id":"https:\/\/ejornais.com.br\/index.php\/2026\/05\/11\/sas-promove-acoes-contra-isolamento-social-feminino-cgnoticias\/#breadcrumblist"},"author":{"@id":"https:\/\/ejornais.com.br\/index.php\/author\/admin1\/#author"},"creator":{"@id":"https:\/\/ejornais.com.br\/index.php\/author\/admin1\/#author"},"datePublished":"2026-05-11T21:32:22-03:00","dateModified":"2026-05-11T21:32:22-03:00"},{"@type":"WebSite","@id":"https:\/\/ejornais.com.br\/#website","url":"https:\/\/ejornais.com.br\/","name":"eJornais","description":"Cat\u00e1logo de Jornais no mundo, Not\u00edcias, Blog e Esportes ao vivo","inLanguage":"pt-BR","publisher":{"@id":"https:\/\/ejornais.com.br\/#organization"}}]},"og:locale":"pt_BR","og:site_name":"eJornais - Cat\u00e1logo de Jornais no mundo, Not\u00edcias, Blog e Esportes ao vivo","og:type":"article","og:title":"SAS promove a\u00e7\u00f5es contra isolamento social feminino \u2013 CGNot\u00edcias - eJornais","og:description":"As unidades da Rede de Assist\u00eancia Social do munic\u00edpio est\u00e3o promovendo uma programa\u00e7\u00e3o especial em celebra\u00e7\u00e3o ao M\u00eas das M\u00e3es, com atividades voltadas ao acolhimento, bem-estar e fortalecimento de v\u00ednculos. As a\u00e7\u00f5es acontecem nos Centros de Refer\u00eancia de Assist\u00eancia Social (Cras) e Centros de Conviv\u00eancia do Idoso (CCI), reunindo m\u00e3es e idosos atendidos pelo Servi\u00e7o","og:url":"https:\/\/ejornais.com.br\/index.php\/2026\/05\/11\/sas-promove-acoes-contra-isolamento-social-feminino-cgnoticias\/","article:published_time":"2026-05-12T00:32:22+00:00","article:modified_time":"2026-05-12T00:32:22+00:00","twitter:card":"summary_large_image","twitter:title":"SAS promove a\u00e7\u00f5es contra isolamento social feminino \u2013 CGNot\u00edcias - eJornais","twitter:description":"As unidades da Rede de Assist\u00eancia Social do munic\u00edpio est\u00e3o promovendo uma programa\u00e7\u00e3o especial em celebra\u00e7\u00e3o ao M\u00eas das M\u00e3es, com atividades voltadas ao acolhimento, bem-estar e fortalecimento de v\u00ednculos. As a\u00e7\u00f5es acontecem nos Centros de Refer\u00eancia de Assist\u00eancia Social (Cras) e Centros de Conviv\u00eancia do Idoso (CCI), reunindo m\u00e3es e idosos atendidos pelo Servi\u00e7o"},"aioseo_meta_data":{"post_id":"65597","title":null,"description":null,"keywords":null,"keyphrases":null,"primary_term":null,"canonical_url":null,"og_title":null,"og_description":null,"og_object_type":"default","og_image_type":"default","og_image_url":null,"og_image_width":null,"og_image_height":null,"og_image_custom_url":null,"og_image_custom_fields":null,"og_video":null,"og_custom_url":null,"og_article_section":null,"og_article_tags":null,"twitter_use_og":false,"twitter_card":"default","twitter_image_type":"default","twitter_image_url":null,"twitter_image_custom_url":null,"twitter_image_custom_fields":null,"twitter_title":null,"twitter_description":null,"schema":{"blockGraphs":[],"customGraphs":[],"default":{"data":{"Article":[],"Course":[],"Dataset":[],"FAQPage":[],"Movie":[],"Person":[],"Product":[],"ProductReview":[],"Car":[],"Recipe":[],"Service":[],"SoftwareApplication":[],"WebPage":[]},"graphName":"","isEnabled":true},"graphs":[]},"schema_type":"default","schema_type_options":null,"pillar_content":false,"robots_default":true,"robots_noindex":false,"robots_noarchive":false,"robots_nosnippet":false,"robots_nofollow":false,"robots_noimageindex":false,"robots_noodp":false,"robots_notranslate":false,"robots_max_snippet":null,"robots_max_videopreview":null,"robots_max_imagepreview":"large","priority":null,"frequency":null,"local_seo":null,"breadcrumb_settings":null,"limit_modified_date":false,"ai":null,"created":"2026-05-15 20:48:20","updated":"2026-05-15 20:48:20","seo_analyzer_scan_date":null,"focus_keyword":null,"additional_keywords":null,"truseo_locale":null},"aioseo_breadcrumb":"<div class=\"aioseo-breadcrumbs\"><span class=\"aioseo-breadcrumb\">\n\t\t\t<a href=\"https:\/\/ejornais.com.br\" title=\"In\u00edcio\">In\u00edcio<\/a>\n\t\t<\/span><span class=\"aioseo-breadcrumb-separator\">&raquo;<\/span><span class=\"aioseo-breadcrumb\">\n\t\t\t<a href=\"https:\/\/ejornais.com.br\/index.php\/category\/ejornais\/\" title=\"Cat\u00e1logo de Jornais\">Cat\u00e1logo de Jornais<\/a>\n\t\t<\/span><span class=\"aioseo-breadcrumb-separator\">&raquo;<\/span><span class=\"aioseo-breadcrumb\">\n\t\t\tSAS promove a\u00e7\u00f5es contra isolamento social feminino \u2013 CGNot\u00edcias\n\t\t<\/span><\/div>","aioseo_breadcrumb_json":[{"label":"In\u00edcio","link":"https:\/\/ejornais.com.br"},{"label":"Cat\u00e1logo de Jornais","link":"https:\/\/ejornais.com.br\/index.php\/category\/ejornais\/"},{"label":"SAS promove a\u00e7\u00f5es contra isolamento social feminino \u2013 CGNot\u00edcias","link":"https:\/\/ejornais.com.br\/index.php\/2026\/05\/11\/sas-promove-acoes-contra-isolamento-social-feminino-cgnoticias\/"}],"amp_enabled":true,"_links":{"self":[{"href":"https:\/\/ejornais.com.br\/index.php\/wp-json\/wp\/v2\/posts\/65597","targetHints":{"allow":["GET"]}}],"collection":[{"href":"https:\/\/ejornais.com.br\/index.php\/wp-json\/wp\/v2\/posts"}],"about":[{"href":"https:\/\/ejornais.com.br\/index.php\/wp-json\/wp\/v2\/types\/post"}],"author":[{"embeddable":true,"href":"https:\/\/ejornais.com.br\/index.php\/wp-json\/wp\/v2\/users\/2"}],"replies":[{"embeddable":true,"href":"https:\/\/ejornais.com.br\/index.php\/wp-json\/wp\/v2\/comments?post=65597"}],"version-history":[{"count":0,"href":"https:\/\/ejornais.com.br\/index.php\/wp-json\/wp\/v2\/posts\/65597\/revisions"}],"wp:attachment":[{"href":"https:\/\/ejornais.com.br\/index.php\/wp-json\/wp\/v2\/media?parent=65597"}],"wp:term":[{"taxonomy":"category","embeddable":true,"href":"https:\/\/ejornais.com.br\/index.php\/wp-json\/wp\/v2\/categories?post=65597"},{"taxonomy":"post_tag","embeddable":true,"href":"https:\/\/ejornais.com.br\/index.php\/wp-json\/wp\/v2\/tags?post=65597"}],"curies":[{"name":"wp","href":"https:\/\/api.w.org\/{rel}","templated":true}]}}