{"id":65769,"date":"2026-05-14T16:22:07","date_gmt":"2026-05-14T19:22:07","guid":{"rendered":"https:\/\/ejornais.com.br\/index.php\/2026\/05\/14\/agencia-minas-gerais-ipsemg-notifica-pensionistas-que-nao-realizaram-prova-de-vida\/"},"modified":"2026-05-14T16:22:07","modified_gmt":"2026-05-14T19:22:07","slug":"agencia-minas-gerais-ipsemg-notifica-pensionistas-que-nao-realizaram-prova-de-vida","status":"publish","type":"post","link":"https:\/\/ejornais.com.br\/index.php\/2026\/05\/14\/agencia-minas-gerais-ipsemg-notifica-pensionistas-que-nao-realizaram-prova-de-vida\/","title":{"rendered":"Ag\u00eancia Minas Gerais | Ipsemg notifica pensionistas que n\u00e3o realizaram prova de vida"},"content":{"rendered":"<p><\/p>\n<div>\n<p>O Instituto de Previd\u00eancia dos Servidores do Estado de Minas Gerais (Ipsemg) notifica 724 pensionistas\u00a0aniversariantes de abril que ainda n\u00e3o realizaram a\u00a0prova de vida anual.\u00a0O n\u00e3o comparecimento,\u00a0at\u00e9 o \u00faltimo dia \u00fatil deste m\u00eas de maio, acarretar\u00e1 reten\u00e7\u00e3o preventiva do pagamento da pens\u00e3o at\u00e9 a execu\u00e7\u00e3o do procedimento.\u00a0<\/p>\n<p>Os pensionistas devem comparecer\u00a0presencialmente\u00a0a\u00a0uma das unidades regionais do\u00a0Ipsemg\u00a0para realizar a prova de vida, munidos de documento de identifica\u00e7\u00e3o que conste foto e CPF. Nos casos de pensionistas tutelados, menores de 18 anos ou menores sob guarda, \u00e9 necess\u00e1ria a presen\u00e7a de seu representante legal, que tamb\u00e9m precisa portar documentos de identifica\u00e7\u00e3o. A prova de vida de pensionistas curatelados pode ser realizada pelo seu representante legal sem a presen\u00e7a do pensionista.\u00a0<\/p>\n<p><strong>Prova digital ou presencial em local sem unidade do\u00a0Ipsemg<\/strong>\u00a0\u00a0<\/p>\n<p>\u00c9 poss\u00edvel realizar a prova de vida digitalmente pelo\u00a0aplicativo gov.br\u00a0se o pensionista possuir biometria cadastrada no Tribunal Superior Eleitoral (TSE), no\u00a0 Departamento Nacional de Tr\u00e2nsito (Denatran) ou na\u00a0Carteira de Identidade Nacional (CIN).\u00a0A modalidade digital fica dispon\u00edvel para o benefici\u00e1rio\u00a0at\u00e9 o final do m\u00eas subsequente ao m\u00eas de anivers\u00e1rio.\u00a0<\/p>\n<p>Pensionistas residentes em locais em que n\u00e3o existem unidades regionais do\u00a0Ipsemg\u00a0ou que residam fora do Estado de Minas Gerais, dever\u00e3o preencher o\u00a0Formul\u00e1rio de Declara\u00e7\u00e3o de Vida e Resid\u00eancia. A declara\u00e7\u00e3o dever\u00e1 ser assinada pelo pensionista ou curador (com firma reconhecida, por autenticidade, em cart\u00f3rio) e assinatura simples de duas testemunhas. O formul\u00e1rio deve ser enviado ao\u00a0Ipsemg, de forma f\u00edsica, para o Departamento de Controle de Benef\u00edcios (Decob).\u00a0\u00a0<\/p>\n<p>Pensionistas residentes no exterior devem preencher o formul\u00e1rio &#8220;Declara\u00e7\u00e3o de Vida e Resid\u00eancia&#8221; e solicitar a autentica\u00e7\u00e3o do consulado do Brasil. O documento deve ser enviado ao\u00a0Ipsemg\u00a0de forma f\u00edsica, tamb\u00e9m para o\u00a0Decob.\u00a0\u00a0<\/p>\n<p>Confira a lista de pensionistas que ainda n\u00e3o realizaram a prova de vida, nas\u00a0p\u00e1ginas 22\u00a0a 24,\u00a0 na\u00a0edi\u00e7\u00e3o de\u00a012 de maio do\u00a0Di\u00e1rio Oficial de Minas Gerais (DOE).\u00a0<\/p>\n<p>Para mais informa\u00e7\u00f5es ligue 155 (chamadas gratuitas de qualquer regi\u00e3o de Minas Gerais) e (31) 3069-6601(chamadas tarifadas fora do estado) ou acesse:\u00a0www.ipsemg.mg.gov.br.\u00a0<\/p>\n<p>\u00a0<\/p>\n<\/p><\/div>\n","protected":false},"excerpt":{"rendered":"<p>O Instituto de Previd\u00eancia dos Servidores do Estado de Minas Gerais (Ipsemg) notifica 724 pensionistas\u00a0aniversariantes de abril que ainda n\u00e3o<\/p>\n","protected":false},"author":2,"featured_media":0,"comment_status":"","ping_status":"","sticky":false,"template":"","format":"standard","meta":{"colormag_page_container_layout":"default_layout","colormag_page_sidebar_layout":"default_layout","footnotes":""},"categories":[1],"tags":[],"class_list":["post-65769","post","type-post","status-publish","format-standard","hentry","category-ejornais"],"aioseo_notices":[],"aioseo_head":"\n\t\t<!-- All in One SEO 5.0.1.1 - aioseo.com -->\n\t<meta name=\"description\" content=\"O Instituto de Previd\u00eancia dos Servidores do Estado de Minas Gerais (Ipsemg) notifica 724 pensionistas aniversariantes de abril que ainda n\u00e3o realizaram a prova de vida anual. O n\u00e3o comparecimento, at\u00e9 o \u00faltimo dia \u00fatil deste m\u00eas de maio, acarretar\u00e1 reten\u00e7\u00e3o preventiva do pagamento da pens\u00e3o at\u00e9 a execu\u00e7\u00e3o do procedimento. Os pensionistas devem comparecer presencialmente a uma das unidades regionais do Ipsemg para\" \/>\n\t<meta name=\"robots\" content=\"max-image-preview:large\" \/>\n\t<meta name=\"author\" content=\"admin1\"\/>\n\t<link rel=\"canonical\" href=\"https:\/\/ejornais.com.br\/index.php\/2026\/05\/14\/agencia-minas-gerais-ipsemg-notifica-pensionistas-que-nao-realizaram-prova-de-vida\/\" \/>\n\t<meta name=\"generator\" content=\"All in One SEO (AIOSEO) 5.0.1.1\" \/>\n\t\t<meta property=\"og:locale\" content=\"pt_BR\" \/>\n\t\t<meta property=\"og:site_name\" content=\"eJornais - Cat\u00e1logo de Jornais no mundo, Not\u00edcias, Blog e Esportes ao vivo\" \/>\n\t\t<meta property=\"og:type\" content=\"article\" \/>\n\t\t<meta property=\"og:title\" content=\"Ag\u00eancia Minas Gerais | Ipsemg notifica pensionistas que n\u00e3o realizaram prova de vida - eJornais\" \/>\n\t\t<meta property=\"og:description\" content=\"O Instituto de Previd\u00eancia dos Servidores do Estado de Minas Gerais (Ipsemg) notifica 724 pensionistas aniversariantes de abril que ainda n\u00e3o realizaram a prova de vida anual. O n\u00e3o comparecimento, at\u00e9 o \u00faltimo dia \u00fatil deste m\u00eas de maio, acarretar\u00e1 reten\u00e7\u00e3o preventiva do pagamento da pens\u00e3o at\u00e9 a execu\u00e7\u00e3o do procedimento. Os pensionistas devem comparecer presencialmente a uma das unidades regionais do Ipsemg para\" \/>\n\t\t<meta property=\"og:url\" content=\"https:\/\/ejornais.com.br\/index.php\/2026\/05\/14\/agencia-minas-gerais-ipsemg-notifica-pensionistas-que-nao-realizaram-prova-de-vida\/\" \/>\n\t\t<meta property=\"article:published_time\" content=\"2026-05-14T19:22:07+00:00\" \/>\n\t\t<meta property=\"article:modified_time\" content=\"2026-05-14T19:22:07+00:00\" \/>\n\t\t<meta name=\"twitter:card\" content=\"summary_large_image\" \/>\n\t\t<meta name=\"twitter:title\" content=\"Ag\u00eancia Minas Gerais | Ipsemg notifica pensionistas que n\u00e3o realizaram prova de vida - eJornais\" \/>\n\t\t<meta name=\"twitter:description\" content=\"O Instituto de Previd\u00eancia dos Servidores do Estado de Minas Gerais (Ipsemg) notifica 724 pensionistas aniversariantes de abril que ainda n\u00e3o realizaram a prova de vida anual. O n\u00e3o comparecimento, at\u00e9 o \u00faltimo dia \u00fatil deste m\u00eas de maio, acarretar\u00e1 reten\u00e7\u00e3o preventiva do pagamento da pens\u00e3o at\u00e9 a execu\u00e7\u00e3o do procedimento. Os pensionistas devem comparecer presencialmente a uma das unidades regionais do Ipsemg para\" \/>\n\t\t<script type=\"application\/ld+json\" class=\"aioseo-schema\">\n\t\t\t{\"@context\":\"https:\\\/\\\/schema.org\",\"@graph\":[{\"@type\":\"BlogPosting\",\"@id\":\"https:\\\/\\\/ejornais.com.br\\\/index.php\\\/2026\\\/05\\\/14\\\/agencia-minas-gerais-ipsemg-notifica-pensionistas-que-nao-realizaram-prova-de-vida\\\/#blogposting\",\"name\":\"Ag\\u00eancia Minas Gerais | Ipsemg notifica pensionistas que n\\u00e3o realizaram prova de vida - eJornais\",\"headline\":\"Ag\\u00eancia Minas Gerais | Ipsemg notifica pensionistas que n\\u00e3o realizaram prova de vida\",\"author\":{\"@id\":\"https:\\\/\\\/ejornais.com.br\\\/index.php\\\/author\\\/admin1\\\/#author\"},\"publisher\":{\"@id\":\"https:\\\/\\\/ejornais.com.br\\\/#organization\"},\"datePublished\":\"2026-05-14T16:22:07-03:00\",\"dateModified\":\"2026-05-14T16:22:07-03:00\",\"inLanguage\":\"pt-BR\",\"mainEntityOfPage\":{\"@id\":\"https:\\\/\\\/ejornais.com.br\\\/index.php\\\/2026\\\/05\\\/14\\\/agencia-minas-gerais-ipsemg-notifica-pensionistas-que-nao-realizaram-prova-de-vida\\\/#webpage\"},\"isPartOf\":{\"@id\":\"https:\\\/\\\/ejornais.com.br\\\/index.php\\\/2026\\\/05\\\/14\\\/agencia-minas-gerais-ipsemg-notifica-pensionistas-que-nao-realizaram-prova-de-vida\\\/#webpage\"},\"articleSection\":\"Cat\\u00e1logo de Jornais\"},{\"@type\":\"BreadcrumbList\",\"@id\":\"https:\\\/\\\/ejornais.com.br\\\/index.php\\\/2026\\\/05\\\/14\\\/agencia-minas-gerais-ipsemg-notifica-pensionistas-que-nao-realizaram-prova-de-vida\\\/#breadcrumblist\",\"itemListElement\":[{\"@type\":\"ListItem\",\"@id\":\"https:\\\/\\\/ejornais.com.br#listItem\",\"position\":1,\"name\":\"In\\u00edcio\",\"item\":\"https:\\\/\\\/ejornais.com.br\",\"nextItem\":{\"@type\":\"ListItem\",\"@id\":\"https:\\\/\\\/ejornais.com.br\\\/index.php\\\/category\\\/ejornais\\\/#listItem\",\"name\":\"Cat\\u00e1logo de Jornais\"}},{\"@type\":\"ListItem\",\"@id\":\"https:\\\/\\\/ejornais.com.br\\\/index.php\\\/category\\\/ejornais\\\/#listItem\",\"position\":2,\"name\":\"Cat\\u00e1logo de Jornais\",\"item\":\"https:\\\/\\\/ejornais.com.br\\\/index.php\\\/category\\\/ejornais\\\/\",\"nextItem\":{\"@type\":\"ListItem\",\"@id\":\"https:\\\/\\\/ejornais.com.br\\\/index.php\\\/2026\\\/05\\\/14\\\/agencia-minas-gerais-ipsemg-notifica-pensionistas-que-nao-realizaram-prova-de-vida\\\/#listItem\",\"name\":\"Ag\\u00eancia Minas Gerais | Ipsemg notifica pensionistas que n\\u00e3o realizaram prova de vida\"},\"previousItem\":{\"@type\":\"ListItem\",\"@id\":\"https:\\\/\\\/ejornais.com.br#listItem\",\"name\":\"In\\u00edcio\"}},{\"@type\":\"ListItem\",\"@id\":\"https:\\\/\\\/ejornais.com.br\\\/index.php\\\/2026\\\/05\\\/14\\\/agencia-minas-gerais-ipsemg-notifica-pensionistas-que-nao-realizaram-prova-de-vida\\\/#listItem\",\"position\":3,\"name\":\"Ag\\u00eancia Minas Gerais | Ipsemg notifica pensionistas que n\\u00e3o realizaram prova de vida\",\"previousItem\":{\"@type\":\"ListItem\",\"@id\":\"https:\\\/\\\/ejornais.com.br\\\/index.php\\\/category\\\/ejornais\\\/#listItem\",\"name\":\"Cat\\u00e1logo de Jornais\"}}]},{\"@type\":\"Organization\",\"@id\":\"https:\\\/\\\/ejornais.com.br\\\/#organization\",\"name\":\"eJornais\",\"description\":\"Cat\\u00e1logo de Jornais no mundo, Not\\u00edcias, Blog e Esportes ao vivo\",\"url\":\"https:\\\/\\\/ejornais.com.br\\\/\"},{\"@type\":\"Person\",\"@id\":\"https:\\\/\\\/ejornais.com.br\\\/index.php\\\/author\\\/admin1\\\/#author\",\"url\":\"https:\\\/\\\/ejornais.com.br\\\/index.php\\\/author\\\/admin1\\\/\",\"name\":\"admin1\",\"image\":{\"@type\":\"ImageObject\",\"@id\":\"https:\\\/\\\/ejornais.com.br\\\/index.php\\\/2026\\\/05\\\/14\\\/agencia-minas-gerais-ipsemg-notifica-pensionistas-que-nao-realizaram-prova-de-vida\\\/#authorImage\",\"url\":\"https:\\\/\\\/secure.gravatar.com\\\/avatar\\\/04084e6d73c042b8646e7c17b494073bf0ede3ea13c7105cfc45cbbbc28385a4?s=96&d=mm&r=g\",\"width\":96,\"height\":96,\"caption\":\"admin1\"}},{\"@type\":\"WebPage\",\"@id\":\"https:\\\/\\\/ejornais.com.br\\\/index.php\\\/2026\\\/05\\\/14\\\/agencia-minas-gerais-ipsemg-notifica-pensionistas-que-nao-realizaram-prova-de-vida\\\/#webpage\",\"url\":\"https:\\\/\\\/ejornais.com.br\\\/index.php\\\/2026\\\/05\\\/14\\\/agencia-minas-gerais-ipsemg-notifica-pensionistas-que-nao-realizaram-prova-de-vida\\\/\",\"name\":\"Ag\\u00eancia Minas Gerais | Ipsemg notifica pensionistas que n\\u00e3o realizaram prova de vida - eJornais\",\"description\":\"O Instituto de Previd\\u00eancia dos Servidores do Estado de Minas Gerais (Ipsemg) notifica 724 pensionistas aniversariantes de abril que ainda n\\u00e3o realizaram a prova de vida anual. O n\\u00e3o comparecimento, at\\u00e9 o \\u00faltimo dia \\u00fatil deste m\\u00eas de maio, acarretar\\u00e1 reten\\u00e7\\u00e3o preventiva do pagamento da pens\\u00e3o at\\u00e9 a execu\\u00e7\\u00e3o do procedimento. Os pensionistas devem comparecer presencialmente a uma das unidades regionais do Ipsemg para\",\"inLanguage\":\"pt-BR\",\"isPartOf\":{\"@id\":\"https:\\\/\\\/ejornais.com.br\\\/#website\"},\"breadcrumb\":{\"@id\":\"https:\\\/\\\/ejornais.com.br\\\/index.php\\\/2026\\\/05\\\/14\\\/agencia-minas-gerais-ipsemg-notifica-pensionistas-que-nao-realizaram-prova-de-vida\\\/#breadcrumblist\"},\"author\":{\"@id\":\"https:\\\/\\\/ejornais.com.br\\\/index.php\\\/author\\\/admin1\\\/#author\"},\"creator\":{\"@id\":\"https:\\\/\\\/ejornais.com.br\\\/index.php\\\/author\\\/admin1\\\/#author\"},\"datePublished\":\"2026-05-14T16:22:07-03:00\",\"dateModified\":\"2026-05-14T16:22:07-03:00\"},{\"@type\":\"WebSite\",\"@id\":\"https:\\\/\\\/ejornais.com.br\\\/#website\",\"url\":\"https:\\\/\\\/ejornais.com.br\\\/\",\"name\":\"eJornais\",\"description\":\"Cat\\u00e1logo de Jornais no mundo, Not\\u00edcias, Blog e Esportes ao vivo\",\"inLanguage\":\"pt-BR\",\"publisher\":{\"@id\":\"https:\\\/\\\/ejornais.com.br\\\/#organization\"}}]}\n\t\t<\/script>\n\t\t<!-- All in One SEO -->\n\n","aioseo_head_json":{"title":"Ag\u00eancia Minas Gerais | Ipsemg notifica pensionistas que n\u00e3o realizaram prova de vida - eJornais","description":"O Instituto de Previd\u00eancia dos Servidores do Estado de Minas Gerais (Ipsemg) notifica 724 pensionistas aniversariantes de abril que ainda n\u00e3o realizaram a prova de vida anual. O n\u00e3o comparecimento, at\u00e9 o \u00faltimo dia \u00fatil deste m\u00eas de maio, acarretar\u00e1 reten\u00e7\u00e3o preventiva do pagamento da pens\u00e3o at\u00e9 a execu\u00e7\u00e3o do procedimento. Os pensionistas devem comparecer presencialmente a uma das unidades regionais do Ipsemg para","canonical_url":"https:\/\/ejornais.com.br\/index.php\/2026\/05\/14\/agencia-minas-gerais-ipsemg-notifica-pensionistas-que-nao-realizaram-prova-de-vida\/","robots":"max-image-preview:large","keywords":"","webmasterTools":{"miscellaneous":""},"schema":{"@context":"https:\/\/schema.org","@graph":[{"@type":"BlogPosting","@id":"https:\/\/ejornais.com.br\/index.php\/2026\/05\/14\/agencia-minas-gerais-ipsemg-notifica-pensionistas-que-nao-realizaram-prova-de-vida\/#blogposting","name":"Ag\u00eancia Minas Gerais | Ipsemg notifica pensionistas que n\u00e3o realizaram prova de vida - eJornais","headline":"Ag\u00eancia Minas Gerais | Ipsemg notifica pensionistas que n\u00e3o realizaram prova de vida","author":{"@id":"https:\/\/ejornais.com.br\/index.php\/author\/admin1\/#author"},"publisher":{"@id":"https:\/\/ejornais.com.br\/#organization"},"datePublished":"2026-05-14T16:22:07-03:00","dateModified":"2026-05-14T16:22:07-03:00","inLanguage":"pt-BR","mainEntityOfPage":{"@id":"https:\/\/ejornais.com.br\/index.php\/2026\/05\/14\/agencia-minas-gerais-ipsemg-notifica-pensionistas-que-nao-realizaram-prova-de-vida\/#webpage"},"isPartOf":{"@id":"https:\/\/ejornais.com.br\/index.php\/2026\/05\/14\/agencia-minas-gerais-ipsemg-notifica-pensionistas-que-nao-realizaram-prova-de-vida\/#webpage"},"articleSection":"Cat\u00e1logo de Jornais"},{"@type":"BreadcrumbList","@id":"https:\/\/ejornais.com.br\/index.php\/2026\/05\/14\/agencia-minas-gerais-ipsemg-notifica-pensionistas-que-nao-realizaram-prova-de-vida\/#breadcrumblist","itemListElement":[{"@type":"ListItem","@id":"https:\/\/ejornais.com.br#listItem","position":1,"name":"In\u00edcio","item":"https:\/\/ejornais.com.br","nextItem":{"@type":"ListItem","@id":"https:\/\/ejornais.com.br\/index.php\/category\/ejornais\/#listItem","name":"Cat\u00e1logo de Jornais"}},{"@type":"ListItem","@id":"https:\/\/ejornais.com.br\/index.php\/category\/ejornais\/#listItem","position":2,"name":"Cat\u00e1logo de Jornais","item":"https:\/\/ejornais.com.br\/index.php\/category\/ejornais\/","nextItem":{"@type":"ListItem","@id":"https:\/\/ejornais.com.br\/index.php\/2026\/05\/14\/agencia-minas-gerais-ipsemg-notifica-pensionistas-que-nao-realizaram-prova-de-vida\/#listItem","name":"Ag\u00eancia Minas Gerais | Ipsemg notifica pensionistas que n\u00e3o realizaram prova de vida"},"previousItem":{"@type":"ListItem","@id":"https:\/\/ejornais.com.br#listItem","name":"In\u00edcio"}},{"@type":"ListItem","@id":"https:\/\/ejornais.com.br\/index.php\/2026\/05\/14\/agencia-minas-gerais-ipsemg-notifica-pensionistas-que-nao-realizaram-prova-de-vida\/#listItem","position":3,"name":"Ag\u00eancia Minas Gerais | Ipsemg notifica pensionistas que n\u00e3o realizaram prova de vida","previousItem":{"@type":"ListItem","@id":"https:\/\/ejornais.com.br\/index.php\/category\/ejornais\/#listItem","name":"Cat\u00e1logo de Jornais"}}]},{"@type":"Organization","@id":"https:\/\/ejornais.com.br\/#organization","name":"eJornais","description":"Cat\u00e1logo de Jornais no mundo, Not\u00edcias, Blog e Esportes ao vivo","url":"https:\/\/ejornais.com.br\/"},{"@type":"Person","@id":"https:\/\/ejornais.com.br\/index.php\/author\/admin1\/#author","url":"https:\/\/ejornais.com.br\/index.php\/author\/admin1\/","name":"admin1","image":{"@type":"ImageObject","@id":"https:\/\/ejornais.com.br\/index.php\/2026\/05\/14\/agencia-minas-gerais-ipsemg-notifica-pensionistas-que-nao-realizaram-prova-de-vida\/#authorImage","url":"https:\/\/secure.gravatar.com\/avatar\/04084e6d73c042b8646e7c17b494073bf0ede3ea13c7105cfc45cbbbc28385a4?s=96&d=mm&r=g","width":96,"height":96,"caption":"admin1"}},{"@type":"WebPage","@id":"https:\/\/ejornais.com.br\/index.php\/2026\/05\/14\/agencia-minas-gerais-ipsemg-notifica-pensionistas-que-nao-realizaram-prova-de-vida\/#webpage","url":"https:\/\/ejornais.com.br\/index.php\/2026\/05\/14\/agencia-minas-gerais-ipsemg-notifica-pensionistas-que-nao-realizaram-prova-de-vida\/","name":"Ag\u00eancia Minas Gerais | Ipsemg notifica pensionistas que n\u00e3o realizaram prova de vida - eJornais","description":"O Instituto de Previd\u00eancia dos Servidores do Estado de Minas Gerais (Ipsemg) notifica 724 pensionistas aniversariantes de abril que ainda n\u00e3o realizaram a prova de vida anual. O n\u00e3o comparecimento, at\u00e9 o \u00faltimo dia \u00fatil deste m\u00eas de maio, acarretar\u00e1 reten\u00e7\u00e3o preventiva do pagamento da pens\u00e3o at\u00e9 a execu\u00e7\u00e3o do procedimento. Os pensionistas devem comparecer presencialmente a uma das unidades regionais do Ipsemg para","inLanguage":"pt-BR","isPartOf":{"@id":"https:\/\/ejornais.com.br\/#website"},"breadcrumb":{"@id":"https:\/\/ejornais.com.br\/index.php\/2026\/05\/14\/agencia-minas-gerais-ipsemg-notifica-pensionistas-que-nao-realizaram-prova-de-vida\/#breadcrumblist"},"author":{"@id":"https:\/\/ejornais.com.br\/index.php\/author\/admin1\/#author"},"creator":{"@id":"https:\/\/ejornais.com.br\/index.php\/author\/admin1\/#author"},"datePublished":"2026-05-14T16:22:07-03:00","dateModified":"2026-05-14T16:22:07-03:00"},{"@type":"WebSite","@id":"https:\/\/ejornais.com.br\/#website","url":"https:\/\/ejornais.com.br\/","name":"eJornais","description":"Cat\u00e1logo de Jornais no mundo, Not\u00edcias, Blog e Esportes ao vivo","inLanguage":"pt-BR","publisher":{"@id":"https:\/\/ejornais.com.br\/#organization"}}]},"og:locale":"pt_BR","og:site_name":"eJornais - Cat\u00e1logo de Jornais no mundo, Not\u00edcias, Blog e Esportes ao vivo","og:type":"article","og:title":"Ag\u00eancia Minas Gerais | Ipsemg notifica pensionistas que n\u00e3o realizaram prova de vida - eJornais","og:description":"O Instituto de Previd\u00eancia dos Servidores do Estado de Minas Gerais (Ipsemg) notifica 724 pensionistas aniversariantes de abril que ainda n\u00e3o realizaram a prova de vida anual. O n\u00e3o comparecimento, at\u00e9 o \u00faltimo dia \u00fatil deste m\u00eas de maio, acarretar\u00e1 reten\u00e7\u00e3o preventiva do pagamento da pens\u00e3o at\u00e9 a execu\u00e7\u00e3o do procedimento. Os pensionistas devem comparecer presencialmente a uma das unidades regionais do Ipsemg para","og:url":"https:\/\/ejornais.com.br\/index.php\/2026\/05\/14\/agencia-minas-gerais-ipsemg-notifica-pensionistas-que-nao-realizaram-prova-de-vida\/","article:published_time":"2026-05-14T19:22:07+00:00","article:modified_time":"2026-05-14T19:22:07+00:00","twitter:card":"summary_large_image","twitter:title":"Ag\u00eancia Minas Gerais | Ipsemg notifica pensionistas que n\u00e3o realizaram prova de vida - eJornais","twitter:description":"O Instituto de Previd\u00eancia dos Servidores do Estado de Minas Gerais (Ipsemg) notifica 724 pensionistas aniversariantes de abril que ainda n\u00e3o realizaram a prova de vida anual. O n\u00e3o comparecimento, at\u00e9 o \u00faltimo dia \u00fatil deste m\u00eas de maio, acarretar\u00e1 reten\u00e7\u00e3o preventiva do pagamento da pens\u00e3o at\u00e9 a execu\u00e7\u00e3o do procedimento. Os pensionistas devem comparecer presencialmente a uma das unidades regionais do Ipsemg para"},"aioseo_meta_data":{"post_id":"65769","title":null,"description":null,"keywords":null,"keyphrases":null,"primary_term":null,"canonical_url":null,"og_title":null,"og_description":null,"og_object_type":"default","og_image_type":"default","og_image_url":null,"og_image_width":null,"og_image_height":null,"og_image_custom_url":null,"og_image_custom_fields":null,"og_video":null,"og_custom_url":null,"og_article_section":null,"og_article_tags":null,"twitter_use_og":false,"twitter_card":"default","twitter_image_type":"default","twitter_image_url":null,"twitter_image_custom_url":null,"twitter_image_custom_fields":null,"twitter_title":null,"twitter_description":null,"schema":{"blockGraphs":[],"customGraphs":[],"default":{"data":{"Article":[],"Course":[],"Dataset":[],"FAQPage":[],"Movie":[],"Person":[],"Product":[],"ProductReview":[],"Car":[],"Recipe":[],"Service":[],"SoftwareApplication":[],"WebPage":[]},"graphName":"","isEnabled":true},"graphs":[]},"schema_type":"default","schema_type_options":null,"pillar_content":false,"robots_default":true,"robots_noindex":false,"robots_noarchive":false,"robots_nosnippet":false,"robots_nofollow":false,"robots_noimageindex":false,"robots_noodp":false,"robots_notranslate":false,"robots_max_snippet":null,"robots_max_videopreview":null,"robots_max_imagepreview":"large","priority":null,"frequency":null,"local_seo":null,"breadcrumb_settings":null,"limit_modified_date":false,"ai":null,"created":"2026-05-15 21:15:40","updated":"2026-05-15 21:15:40","seo_analyzer_scan_date":null,"focus_keyword":null,"additional_keywords":null,"truseo_locale":null},"aioseo_breadcrumb":"<div class=\"aioseo-breadcrumbs\"><span class=\"aioseo-breadcrumb\">\n\t\t\t<a href=\"https:\/\/ejornais.com.br\" title=\"In\u00edcio\">In\u00edcio<\/a>\n\t\t<\/span><span class=\"aioseo-breadcrumb-separator\">&raquo;<\/span><span class=\"aioseo-breadcrumb\">\n\t\t\t<a href=\"https:\/\/ejornais.com.br\/index.php\/category\/ejornais\/\" title=\"Cat\u00e1logo de Jornais\">Cat\u00e1logo de Jornais<\/a>\n\t\t<\/span><span class=\"aioseo-breadcrumb-separator\">&raquo;<\/span><span class=\"aioseo-breadcrumb\">\n\t\t\tAg\u00eancia Minas Gerais | Ipsemg notifica pensionistas que n\u00e3o realizaram prova de vida\n\t\t<\/span><\/div>","aioseo_breadcrumb_json":[{"label":"In\u00edcio","link":"https:\/\/ejornais.com.br"},{"label":"Cat\u00e1logo de Jornais","link":"https:\/\/ejornais.com.br\/index.php\/category\/ejornais\/"},{"label":"Ag\u00eancia Minas Gerais | Ipsemg notifica pensionistas que n\u00e3o realizaram prova de vida","link":"https:\/\/ejornais.com.br\/index.php\/2026\/05\/14\/agencia-minas-gerais-ipsemg-notifica-pensionistas-que-nao-realizaram-prova-de-vida\/"}],"amp_enabled":true,"_links":{"self":[{"href":"https:\/\/ejornais.com.br\/index.php\/wp-json\/wp\/v2\/posts\/65769","targetHints":{"allow":["GET"]}}],"collection":[{"href":"https:\/\/ejornais.com.br\/index.php\/wp-json\/wp\/v2\/posts"}],"about":[{"href":"https:\/\/ejornais.com.br\/index.php\/wp-json\/wp\/v2\/types\/post"}],"author":[{"embeddable":true,"href":"https:\/\/ejornais.com.br\/index.php\/wp-json\/wp\/v2\/users\/2"}],"replies":[{"embeddable":true,"href":"https:\/\/ejornais.com.br\/index.php\/wp-json\/wp\/v2\/comments?post=65769"}],"version-history":[{"count":0,"href":"https:\/\/ejornais.com.br\/index.php\/wp-json\/wp\/v2\/posts\/65769\/revisions"}],"wp:attachment":[{"href":"https:\/\/ejornais.com.br\/index.php\/wp-json\/wp\/v2\/media?parent=65769"}],"wp:term":[{"taxonomy":"category","embeddable":true,"href":"https:\/\/ejornais.com.br\/index.php\/wp-json\/wp\/v2\/categories?post=65769"},{"taxonomy":"post_tag","embeddable":true,"href":"https:\/\/ejornais.com.br\/index.php\/wp-json\/wp\/v2\/tags?post=65769"}],"curies":[{"name":"wp","href":"https:\/\/api.w.org\/{rel}","templated":true}]}}