{"id":65871,"date":"2026-05-16T04:10:45","date_gmt":"2026-05-16T07:10:45","guid":{"rendered":"https:\/\/ejornais.com.br\/index.php\/2026\/05\/16\/ciclone-deve-provocar-temporais-e-rajadas-de-vento-em-santa-catarina\/"},"modified":"2026-05-16T04:10:45","modified_gmt":"2026-05-16T07:10:45","slug":"ciclone-deve-provocar-temporais-e-rajadas-de-vento-em-santa-catarina","status":"publish","type":"post","link":"https:\/\/ejornais.com.br\/index.php\/2026\/05\/16\/ciclone-deve-provocar-temporais-e-rajadas-de-vento-em-santa-catarina\/","title":{"rendered":"Ciclone deve provocar temporais e rajadas de vento em Santa Catarina"},"content":{"rendered":"<p> Por MRNews<br \/>\n<\/p>\n<div wp_automatic_readability=\"47.279179810726\">\n<p><strong>O estado de Santa Catarina dever\u00e1 ter temporais e ventos fortes a partir do domingo (17), em raz\u00e3o da forma\u00e7\u00e3o de um ciclone extratropical na regi\u00e3o costeira, segundo informa\u00e7\u00f5es da Defesa Civil do estado.<\/strong><\/p>\n<p>Nesta sexta (15) e s\u00e1bado (16), as chuvas dever\u00e3o ficar mais concentradas nas regi\u00f5es pr\u00f3ximas ao Paran\u00e1. No entanto, pancadas isoladas podem ocorrer em outras partes do estado.<\/p>\n<blockquote wp_automatic_readability=\"10.044247787611\">\n<p>\u201cNo domingo (17), a forma\u00e7\u00e3o de um ciclone extratropical na costa catarinense favorece a ocorr\u00eancia de temporais isolados, com chuva forte em curto per\u00edodo, raios e rajadas de vento\u201d, destacou a Defesa Civil em informe.<\/p>\n<p><strong><a href=\"https:\/\/mrnews.com.br\/index.php\/2026\/05\/16\/stf-mantem-decisao-que-rejeitou-revisao-da-vida-toda-do-inss\/\">STF mant\u00e9m decis\u00e3o que rejeitou revis\u00e3o da vida toda do INSS<\/a><\/strong><\/p>\n<p><strong><a href=\"https:\/\/mrnews.com.br\/index.php\/2026\/05\/16\/fazenda-alerta-sobre-falso-site-do-novo-desenrola\/\">Fazenda alerta sobre falso site do Novo Desenrola<\/a><\/strong><\/p>\n<\/blockquote>\n<p>De acordo com o \u00f3rg\u00e3o, <strong>as chuvas come\u00e7ar\u00e3o, no domingo, pelo oeste durante a manh\u00e3 e avan\u00e7ar\u00e3o para as demais regi\u00f5es ao longo da tarde e da noite. <\/strong>\u201cO risco de alagamentos e enxurradas \u00e9 moderado, com maior aten\u00e7\u00e3o para o Oeste, o Meio-Oeste, os Planaltos, o Vale do Itaja\u00ed, a Grande Florian\u00f3polis e o Norte catarinense\u201d, disse a Defesa CIvil.<\/p>\n<p><strong>O sistema dever\u00e1 se deslocar para o alto-mar na segunda-feira (18), mas os efeitos seguir\u00e3o atuando em Santa Catarina<\/strong>. O tempo permanecer\u00e1 fechado e com chuva persistente no Litoral Sul, na Grande Florian\u00f3polis, no Baixo Vale do Itaja\u00ed e no Litoral Norte, com risco de alagamentos pontuais.<\/p>\n<p>Com a passagem do ciclone, uma nova massa de ar frio chegar\u00e1 ao Sul do Brasil entre ter\u00e7a (19) e quarta-feira (20). <strong>As temperaturas dever\u00e3o cair de forma acentuada em todas as regi\u00f5es de Santa Catarina, com possibilidade de valores negativos nas \u00e1reas mais altas do estado. O frio dever\u00e1 persistir por alguns dias ao longo da pr\u00f3xima semana.<\/strong><\/p>\n<p><strong><a href=\"https:\/\/mrnews.com.br\/index.php\/2026\/05\/15\/justica-italiana-reforca-direito-a-cidadania-por-descendencia\/\">Justi\u00e7a italiana refor\u00e7a direito \u00e0 cidadania por descend\u00eancia<\/a><\/strong><\/p>\n<p><strong><a href=\"https:\/\/mrnews.com.br\/index.php\/2026\/05\/15\/segunda-etapa-do-revalida-ocorre-neste-fim-de-semana\/\">Segunda etapa do Revalida ocorre neste fim de semana<\/a><\/strong><\/p>\n<\/div>\n","protected":false},"excerpt":{"rendered":"<p>Por MRNews O estado de Santa Catarina dever\u00e1 ter temporais e ventos fortes a partir do domingo (17), em raz\u00e3o<\/p>\n","protected":false},"author":2,"featured_media":0,"comment_status":"","ping_status":"","sticky":false,"template":"","format":"standard","meta":{"colormag_page_container_layout":"default_layout","colormag_page_sidebar_layout":"default_layout","footnotes":""},"categories":[1],"tags":[],"class_list":["post-65871","post","type-post","status-publish","format-standard","hentry","category-ejornais"],"aioseo_notices":[],"aioseo_head":"\n\t\t<!-- All in One SEO 5.0.1.1 - aioseo.com -->\n\t<meta name=\"description\" content=\"Por MRNews O estado de Santa Catarina dever\u00e1 ter temporais e ventos fortes a partir do domingo (17), em raz\u00e3o da forma\u00e7\u00e3o de um ciclone extratropical na regi\u00e3o costeira, segundo informa\u00e7\u00f5es da Defesa Civil do estado. Nesta sexta (15) e s\u00e1bado (16), as chuvas dever\u00e3o ficar mais concentradas nas regi\u00f5es pr\u00f3ximas ao Paran\u00e1. No entanto,\" \/>\n\t<meta name=\"robots\" content=\"max-image-preview:large\" \/>\n\t<meta name=\"author\" content=\"admin1\"\/>\n\t<link rel=\"canonical\" href=\"https:\/\/ejornais.com.br\/index.php\/2026\/05\/16\/ciclone-deve-provocar-temporais-e-rajadas-de-vento-em-santa-catarina\/\" \/>\n\t<meta name=\"generator\" content=\"All in One SEO (AIOSEO) 5.0.1.1\" \/>\n\t\t<meta property=\"og:locale\" content=\"pt_BR\" \/>\n\t\t<meta property=\"og:site_name\" content=\"eJornais - Cat\u00e1logo de Jornais no mundo, Not\u00edcias, Blog e Esportes ao vivo\" \/>\n\t\t<meta property=\"og:type\" content=\"article\" \/>\n\t\t<meta property=\"og:title\" content=\"Ciclone deve provocar temporais e rajadas de vento em Santa Catarina - eJornais\" \/>\n\t\t<meta property=\"og:description\" content=\"Por MRNews O estado de Santa Catarina dever\u00e1 ter temporais e ventos fortes a partir do domingo (17), em raz\u00e3o da forma\u00e7\u00e3o de um ciclone extratropical na regi\u00e3o costeira, segundo informa\u00e7\u00f5es da Defesa Civil do estado. Nesta sexta (15) e s\u00e1bado (16), as chuvas dever\u00e3o ficar mais concentradas nas regi\u00f5es pr\u00f3ximas ao Paran\u00e1. No entanto,\" \/>\n\t\t<meta property=\"og:url\" content=\"https:\/\/ejornais.com.br\/index.php\/2026\/05\/16\/ciclone-deve-provocar-temporais-e-rajadas-de-vento-em-santa-catarina\/\" \/>\n\t\t<meta property=\"article:published_time\" content=\"2026-05-16T07:10:45+00:00\" \/>\n\t\t<meta property=\"article:modified_time\" content=\"2026-05-16T07:10:45+00:00\" \/>\n\t\t<meta name=\"twitter:card\" content=\"summary_large_image\" \/>\n\t\t<meta name=\"twitter:title\" content=\"Ciclone deve provocar temporais e rajadas de vento em Santa Catarina - eJornais\" \/>\n\t\t<meta name=\"twitter:description\" content=\"Por MRNews O estado de Santa Catarina dever\u00e1 ter temporais e ventos fortes a partir do domingo (17), em raz\u00e3o da forma\u00e7\u00e3o de um ciclone extratropical na regi\u00e3o costeira, segundo informa\u00e7\u00f5es da Defesa Civil do estado. Nesta sexta (15) e s\u00e1bado (16), as chuvas dever\u00e3o ficar mais concentradas nas regi\u00f5es pr\u00f3ximas ao Paran\u00e1. No entanto,\" \/>\n\t\t<script type=\"application\/ld+json\" class=\"aioseo-schema\">\n\t\t\t{\"@context\":\"https:\\\/\\\/schema.org\",\"@graph\":[{\"@type\":\"BlogPosting\",\"@id\":\"https:\\\/\\\/ejornais.com.br\\\/index.php\\\/2026\\\/05\\\/16\\\/ciclone-deve-provocar-temporais-e-rajadas-de-vento-em-santa-catarina\\\/#blogposting\",\"name\":\"Ciclone deve provocar temporais e rajadas de vento em Santa Catarina - eJornais\",\"headline\":\"Ciclone deve provocar temporais e rajadas de vento em Santa Catarina\",\"author\":{\"@id\":\"https:\\\/\\\/ejornais.com.br\\\/index.php\\\/author\\\/admin1\\\/#author\"},\"publisher\":{\"@id\":\"https:\\\/\\\/ejornais.com.br\\\/#organization\"},\"datePublished\":\"2026-05-16T04:10:45-03:00\",\"dateModified\":\"2026-05-16T04:10:45-03:00\",\"inLanguage\":\"pt-BR\",\"mainEntityOfPage\":{\"@id\":\"https:\\\/\\\/ejornais.com.br\\\/index.php\\\/2026\\\/05\\\/16\\\/ciclone-deve-provocar-temporais-e-rajadas-de-vento-em-santa-catarina\\\/#webpage\"},\"isPartOf\":{\"@id\":\"https:\\\/\\\/ejornais.com.br\\\/index.php\\\/2026\\\/05\\\/16\\\/ciclone-deve-provocar-temporais-e-rajadas-de-vento-em-santa-catarina\\\/#webpage\"},\"articleSection\":\"Cat\\u00e1logo de Jornais\"},{\"@type\":\"BreadcrumbList\",\"@id\":\"https:\\\/\\\/ejornais.com.br\\\/index.php\\\/2026\\\/05\\\/16\\\/ciclone-deve-provocar-temporais-e-rajadas-de-vento-em-santa-catarina\\\/#breadcrumblist\",\"itemListElement\":[{\"@type\":\"ListItem\",\"@id\":\"https:\\\/\\\/ejornais.com.br#listItem\",\"position\":1,\"name\":\"In\\u00edcio\",\"item\":\"https:\\\/\\\/ejornais.com.br\",\"nextItem\":{\"@type\":\"ListItem\",\"@id\":\"https:\\\/\\\/ejornais.com.br\\\/index.php\\\/category\\\/ejornais\\\/#listItem\",\"name\":\"Cat\\u00e1logo de Jornais\"}},{\"@type\":\"ListItem\",\"@id\":\"https:\\\/\\\/ejornais.com.br\\\/index.php\\\/category\\\/ejornais\\\/#listItem\",\"position\":2,\"name\":\"Cat\\u00e1logo de Jornais\",\"item\":\"https:\\\/\\\/ejornais.com.br\\\/index.php\\\/category\\\/ejornais\\\/\",\"nextItem\":{\"@type\":\"ListItem\",\"@id\":\"https:\\\/\\\/ejornais.com.br\\\/index.php\\\/2026\\\/05\\\/16\\\/ciclone-deve-provocar-temporais-e-rajadas-de-vento-em-santa-catarina\\\/#listItem\",\"name\":\"Ciclone deve provocar temporais e rajadas de vento em Santa Catarina\"},\"previousItem\":{\"@type\":\"ListItem\",\"@id\":\"https:\\\/\\\/ejornais.com.br#listItem\",\"name\":\"In\\u00edcio\"}},{\"@type\":\"ListItem\",\"@id\":\"https:\\\/\\\/ejornais.com.br\\\/index.php\\\/2026\\\/05\\\/16\\\/ciclone-deve-provocar-temporais-e-rajadas-de-vento-em-santa-catarina\\\/#listItem\",\"position\":3,\"name\":\"Ciclone deve provocar temporais e rajadas de vento em Santa Catarina\",\"previousItem\":{\"@type\":\"ListItem\",\"@id\":\"https:\\\/\\\/ejornais.com.br\\\/index.php\\\/category\\\/ejornais\\\/#listItem\",\"name\":\"Cat\\u00e1logo de Jornais\"}}]},{\"@type\":\"Organization\",\"@id\":\"https:\\\/\\\/ejornais.com.br\\\/#organization\",\"name\":\"eJornais\",\"description\":\"Cat\\u00e1logo de Jornais no mundo, Not\\u00edcias, Blog e Esportes ao vivo\",\"url\":\"https:\\\/\\\/ejornais.com.br\\\/\"},{\"@type\":\"Person\",\"@id\":\"https:\\\/\\\/ejornais.com.br\\\/index.php\\\/author\\\/admin1\\\/#author\",\"url\":\"https:\\\/\\\/ejornais.com.br\\\/index.php\\\/author\\\/admin1\\\/\",\"name\":\"admin1\",\"image\":{\"@type\":\"ImageObject\",\"@id\":\"https:\\\/\\\/ejornais.com.br\\\/index.php\\\/2026\\\/05\\\/16\\\/ciclone-deve-provocar-temporais-e-rajadas-de-vento-em-santa-catarina\\\/#authorImage\",\"url\":\"https:\\\/\\\/secure.gravatar.com\\\/avatar\\\/04084e6d73c042b8646e7c17b494073bf0ede3ea13c7105cfc45cbbbc28385a4?s=96&d=mm&r=g\",\"width\":96,\"height\":96,\"caption\":\"admin1\"}},{\"@type\":\"WebPage\",\"@id\":\"https:\\\/\\\/ejornais.com.br\\\/index.php\\\/2026\\\/05\\\/16\\\/ciclone-deve-provocar-temporais-e-rajadas-de-vento-em-santa-catarina\\\/#webpage\",\"url\":\"https:\\\/\\\/ejornais.com.br\\\/index.php\\\/2026\\\/05\\\/16\\\/ciclone-deve-provocar-temporais-e-rajadas-de-vento-em-santa-catarina\\\/\",\"name\":\"Ciclone deve provocar temporais e rajadas de vento em Santa Catarina - eJornais\",\"description\":\"Por MRNews O estado de Santa Catarina dever\\u00e1 ter temporais e ventos fortes a partir do domingo (17), em raz\\u00e3o da forma\\u00e7\\u00e3o de um ciclone extratropical na regi\\u00e3o costeira, segundo informa\\u00e7\\u00f5es da Defesa Civil do estado. Nesta sexta (15) e s\\u00e1bado (16), as chuvas dever\\u00e3o ficar mais concentradas nas regi\\u00f5es pr\\u00f3ximas ao Paran\\u00e1. No entanto,\",\"inLanguage\":\"pt-BR\",\"isPartOf\":{\"@id\":\"https:\\\/\\\/ejornais.com.br\\\/#website\"},\"breadcrumb\":{\"@id\":\"https:\\\/\\\/ejornais.com.br\\\/index.php\\\/2026\\\/05\\\/16\\\/ciclone-deve-provocar-temporais-e-rajadas-de-vento-em-santa-catarina\\\/#breadcrumblist\"},\"author\":{\"@id\":\"https:\\\/\\\/ejornais.com.br\\\/index.php\\\/author\\\/admin1\\\/#author\"},\"creator\":{\"@id\":\"https:\\\/\\\/ejornais.com.br\\\/index.php\\\/author\\\/admin1\\\/#author\"},\"datePublished\":\"2026-05-16T04:10:45-03:00\",\"dateModified\":\"2026-05-16T04:10:45-03:00\"},{\"@type\":\"WebSite\",\"@id\":\"https:\\\/\\\/ejornais.com.br\\\/#website\",\"url\":\"https:\\\/\\\/ejornais.com.br\\\/\",\"name\":\"eJornais\",\"description\":\"Cat\\u00e1logo de Jornais no mundo, Not\\u00edcias, Blog e Esportes ao vivo\",\"inLanguage\":\"pt-BR\",\"publisher\":{\"@id\":\"https:\\\/\\\/ejornais.com.br\\\/#organization\"}}]}\n\t\t<\/script>\n\t\t<!-- All in One SEO -->\n\n","aioseo_head_json":{"title":"Ciclone deve provocar temporais e rajadas de vento em Santa Catarina - eJornais","description":"Por MRNews O estado de Santa Catarina dever\u00e1 ter temporais e ventos fortes a partir do domingo (17), em raz\u00e3o da forma\u00e7\u00e3o de um ciclone extratropical na regi\u00e3o costeira, segundo informa\u00e7\u00f5es da Defesa Civil do estado. Nesta sexta (15) e s\u00e1bado (16), as chuvas dever\u00e3o ficar mais concentradas nas regi\u00f5es pr\u00f3ximas ao Paran\u00e1. No entanto,","canonical_url":"https:\/\/ejornais.com.br\/index.php\/2026\/05\/16\/ciclone-deve-provocar-temporais-e-rajadas-de-vento-em-santa-catarina\/","robots":"max-image-preview:large","keywords":"","webmasterTools":{"miscellaneous":""},"schema":{"@context":"https:\/\/schema.org","@graph":[{"@type":"BlogPosting","@id":"https:\/\/ejornais.com.br\/index.php\/2026\/05\/16\/ciclone-deve-provocar-temporais-e-rajadas-de-vento-em-santa-catarina\/#blogposting","name":"Ciclone deve provocar temporais e rajadas de vento em Santa Catarina - eJornais","headline":"Ciclone deve provocar temporais e rajadas de vento em Santa Catarina","author":{"@id":"https:\/\/ejornais.com.br\/index.php\/author\/admin1\/#author"},"publisher":{"@id":"https:\/\/ejornais.com.br\/#organization"},"datePublished":"2026-05-16T04:10:45-03:00","dateModified":"2026-05-16T04:10:45-03:00","inLanguage":"pt-BR","mainEntityOfPage":{"@id":"https:\/\/ejornais.com.br\/index.php\/2026\/05\/16\/ciclone-deve-provocar-temporais-e-rajadas-de-vento-em-santa-catarina\/#webpage"},"isPartOf":{"@id":"https:\/\/ejornais.com.br\/index.php\/2026\/05\/16\/ciclone-deve-provocar-temporais-e-rajadas-de-vento-em-santa-catarina\/#webpage"},"articleSection":"Cat\u00e1logo de Jornais"},{"@type":"BreadcrumbList","@id":"https:\/\/ejornais.com.br\/index.php\/2026\/05\/16\/ciclone-deve-provocar-temporais-e-rajadas-de-vento-em-santa-catarina\/#breadcrumblist","itemListElement":[{"@type":"ListItem","@id":"https:\/\/ejornais.com.br#listItem","position":1,"name":"In\u00edcio","item":"https:\/\/ejornais.com.br","nextItem":{"@type":"ListItem","@id":"https:\/\/ejornais.com.br\/index.php\/category\/ejornais\/#listItem","name":"Cat\u00e1logo de Jornais"}},{"@type":"ListItem","@id":"https:\/\/ejornais.com.br\/index.php\/category\/ejornais\/#listItem","position":2,"name":"Cat\u00e1logo de Jornais","item":"https:\/\/ejornais.com.br\/index.php\/category\/ejornais\/","nextItem":{"@type":"ListItem","@id":"https:\/\/ejornais.com.br\/index.php\/2026\/05\/16\/ciclone-deve-provocar-temporais-e-rajadas-de-vento-em-santa-catarina\/#listItem","name":"Ciclone deve provocar temporais e rajadas de vento em Santa Catarina"},"previousItem":{"@type":"ListItem","@id":"https:\/\/ejornais.com.br#listItem","name":"In\u00edcio"}},{"@type":"ListItem","@id":"https:\/\/ejornais.com.br\/index.php\/2026\/05\/16\/ciclone-deve-provocar-temporais-e-rajadas-de-vento-em-santa-catarina\/#listItem","position":3,"name":"Ciclone deve provocar temporais e rajadas de vento em Santa Catarina","previousItem":{"@type":"ListItem","@id":"https:\/\/ejornais.com.br\/index.php\/category\/ejornais\/#listItem","name":"Cat\u00e1logo de Jornais"}}]},{"@type":"Organization","@id":"https:\/\/ejornais.com.br\/#organization","name":"eJornais","description":"Cat\u00e1logo de Jornais no mundo, Not\u00edcias, Blog e Esportes ao vivo","url":"https:\/\/ejornais.com.br\/"},{"@type":"Person","@id":"https:\/\/ejornais.com.br\/index.php\/author\/admin1\/#author","url":"https:\/\/ejornais.com.br\/index.php\/author\/admin1\/","name":"admin1","image":{"@type":"ImageObject","@id":"https:\/\/ejornais.com.br\/index.php\/2026\/05\/16\/ciclone-deve-provocar-temporais-e-rajadas-de-vento-em-santa-catarina\/#authorImage","url":"https:\/\/secure.gravatar.com\/avatar\/04084e6d73c042b8646e7c17b494073bf0ede3ea13c7105cfc45cbbbc28385a4?s=96&d=mm&r=g","width":96,"height":96,"caption":"admin1"}},{"@type":"WebPage","@id":"https:\/\/ejornais.com.br\/index.php\/2026\/05\/16\/ciclone-deve-provocar-temporais-e-rajadas-de-vento-em-santa-catarina\/#webpage","url":"https:\/\/ejornais.com.br\/index.php\/2026\/05\/16\/ciclone-deve-provocar-temporais-e-rajadas-de-vento-em-santa-catarina\/","name":"Ciclone deve provocar temporais e rajadas de vento em Santa Catarina - eJornais","description":"Por MRNews O estado de Santa Catarina dever\u00e1 ter temporais e ventos fortes a partir do domingo (17), em raz\u00e3o da forma\u00e7\u00e3o de um ciclone extratropical na regi\u00e3o costeira, segundo informa\u00e7\u00f5es da Defesa Civil do estado. Nesta sexta (15) e s\u00e1bado (16), as chuvas dever\u00e3o ficar mais concentradas nas regi\u00f5es pr\u00f3ximas ao Paran\u00e1. No entanto,","inLanguage":"pt-BR","isPartOf":{"@id":"https:\/\/ejornais.com.br\/#website"},"breadcrumb":{"@id":"https:\/\/ejornais.com.br\/index.php\/2026\/05\/16\/ciclone-deve-provocar-temporais-e-rajadas-de-vento-em-santa-catarina\/#breadcrumblist"},"author":{"@id":"https:\/\/ejornais.com.br\/index.php\/author\/admin1\/#author"},"creator":{"@id":"https:\/\/ejornais.com.br\/index.php\/author\/admin1\/#author"},"datePublished":"2026-05-16T04:10:45-03:00","dateModified":"2026-05-16T04:10:45-03:00"},{"@type":"WebSite","@id":"https:\/\/ejornais.com.br\/#website","url":"https:\/\/ejornais.com.br\/","name":"eJornais","description":"Cat\u00e1logo de Jornais no mundo, Not\u00edcias, Blog e Esportes ao vivo","inLanguage":"pt-BR","publisher":{"@id":"https:\/\/ejornais.com.br\/#organization"}}]},"og:locale":"pt_BR","og:site_name":"eJornais - Cat\u00e1logo de Jornais no mundo, Not\u00edcias, Blog e Esportes ao vivo","og:type":"article","og:title":"Ciclone deve provocar temporais e rajadas de vento em Santa Catarina - eJornais","og:description":"Por MRNews O estado de Santa Catarina dever\u00e1 ter temporais e ventos fortes a partir do domingo (17), em raz\u00e3o da forma\u00e7\u00e3o de um ciclone extratropical na regi\u00e3o costeira, segundo informa\u00e7\u00f5es da Defesa Civil do estado. Nesta sexta (15) e s\u00e1bado (16), as chuvas dever\u00e3o ficar mais concentradas nas regi\u00f5es pr\u00f3ximas ao Paran\u00e1. No entanto,","og:url":"https:\/\/ejornais.com.br\/index.php\/2026\/05\/16\/ciclone-deve-provocar-temporais-e-rajadas-de-vento-em-santa-catarina\/","article:published_time":"2026-05-16T07:10:45+00:00","article:modified_time":"2026-05-16T07:10:45+00:00","twitter:card":"summary_large_image","twitter:title":"Ciclone deve provocar temporais e rajadas de vento em Santa Catarina - eJornais","twitter:description":"Por MRNews O estado de Santa Catarina dever\u00e1 ter temporais e ventos fortes a partir do domingo (17), em raz\u00e3o da forma\u00e7\u00e3o de um ciclone extratropical na regi\u00e3o costeira, segundo informa\u00e7\u00f5es da Defesa Civil do estado. Nesta sexta (15) e s\u00e1bado (16), as chuvas dever\u00e3o ficar mais concentradas nas regi\u00f5es pr\u00f3ximas ao Paran\u00e1. No entanto,"},"aioseo_meta_data":{"post_id":"65871","title":null,"description":null,"keywords":null,"keyphrases":null,"primary_term":null,"canonical_url":null,"og_title":null,"og_description":null,"og_object_type":"default","og_image_type":"default","og_image_url":null,"og_image_width":null,"og_image_height":null,"og_image_custom_url":null,"og_image_custom_fields":null,"og_video":null,"og_custom_url":null,"og_article_section":null,"og_article_tags":null,"twitter_use_og":false,"twitter_card":"default","twitter_image_type":"default","twitter_image_url":null,"twitter_image_custom_url":null,"twitter_image_custom_fields":null,"twitter_title":null,"twitter_description":null,"schema":{"blockGraphs":[],"customGraphs":[],"default":{"data":{"Article":[],"Course":[],"Dataset":[],"FAQPage":[],"Movie":[],"Person":[],"Product":[],"ProductReview":[],"Car":[],"Recipe":[],"Service":[],"SoftwareApplication":[],"WebPage":[]},"graphName":"","isEnabled":true},"graphs":[]},"schema_type":"default","schema_type_options":null,"pillar_content":false,"robots_default":true,"robots_noindex":false,"robots_noarchive":false,"robots_nosnippet":false,"robots_nofollow":false,"robots_noimageindex":false,"robots_noodp":false,"robots_notranslate":false,"robots_max_snippet":null,"robots_max_videopreview":null,"robots_max_imagepreview":"large","priority":null,"frequency":null,"local_seo":null,"breadcrumb_settings":null,"limit_modified_date":false,"ai":null,"created":"2026-05-29 09:27:41","updated":"2026-05-29 09:27:41","seo_analyzer_scan_date":null,"focus_keyword":null,"additional_keywords":null,"truseo_locale":null},"aioseo_breadcrumb":"<div class=\"aioseo-breadcrumbs\"><span class=\"aioseo-breadcrumb\">\n\t\t\t<a href=\"https:\/\/ejornais.com.br\" title=\"In\u00edcio\">In\u00edcio<\/a>\n\t\t<\/span><span class=\"aioseo-breadcrumb-separator\">&raquo;<\/span><span class=\"aioseo-breadcrumb\">\n\t\t\t<a href=\"https:\/\/ejornais.com.br\/index.php\/category\/ejornais\/\" title=\"Cat\u00e1logo de Jornais\">Cat\u00e1logo de Jornais<\/a>\n\t\t<\/span><span class=\"aioseo-breadcrumb-separator\">&raquo;<\/span><span class=\"aioseo-breadcrumb\">\n\t\t\tCiclone deve provocar temporais e rajadas de vento em Santa Catarina\n\t\t<\/span><\/div>","aioseo_breadcrumb_json":[{"label":"In\u00edcio","link":"https:\/\/ejornais.com.br"},{"label":"Cat\u00e1logo de Jornais","link":"https:\/\/ejornais.com.br\/index.php\/category\/ejornais\/"},{"label":"Ciclone deve provocar temporais e rajadas de vento em Santa Catarina","link":"https:\/\/ejornais.com.br\/index.php\/2026\/05\/16\/ciclone-deve-provocar-temporais-e-rajadas-de-vento-em-santa-catarina\/"}],"amp_enabled":true,"_links":{"self":[{"href":"https:\/\/ejornais.com.br\/index.php\/wp-json\/wp\/v2\/posts\/65871","targetHints":{"allow":["GET"]}}],"collection":[{"href":"https:\/\/ejornais.com.br\/index.php\/wp-json\/wp\/v2\/posts"}],"about":[{"href":"https:\/\/ejornais.com.br\/index.php\/wp-json\/wp\/v2\/types\/post"}],"author":[{"embeddable":true,"href":"https:\/\/ejornais.com.br\/index.php\/wp-json\/wp\/v2\/users\/2"}],"replies":[{"embeddable":true,"href":"https:\/\/ejornais.com.br\/index.php\/wp-json\/wp\/v2\/comments?post=65871"}],"version-history":[{"count":0,"href":"https:\/\/ejornais.com.br\/index.php\/wp-json\/wp\/v2\/posts\/65871\/revisions"}],"wp:attachment":[{"href":"https:\/\/ejornais.com.br\/index.php\/wp-json\/wp\/v2\/media?parent=65871"}],"wp:term":[{"taxonomy":"category","embeddable":true,"href":"https:\/\/ejornais.com.br\/index.php\/wp-json\/wp\/v2\/categories?post=65871"},{"taxonomy":"post_tag","embeddable":true,"href":"https:\/\/ejornais.com.br\/index.php\/wp-json\/wp\/v2\/tags?post=65871"}],"curies":[{"name":"wp","href":"https:\/\/api.w.org\/{rel}","templated":true}]}}