{"id":66328,"date":"2026-05-24T03:56:58","date_gmt":"2026-05-24T06:56:58","guid":{"rendered":"https:\/\/ejornais.com.br\/index.php\/2026\/05\/24\/agencia-minas-gerais-governo-de-minas-firma-acordos-para-ampliar-regularizacao-fundiaria-no-sul-de-minas-2\/"},"modified":"2026-05-24T03:56:58","modified_gmt":"2026-05-24T06:56:58","slug":"agencia-minas-gerais-governo-de-minas-firma-acordos-para-ampliar-regularizacao-fundiaria-no-sul-de-minas-2","status":"publish","type":"post","link":"https:\/\/ejornais.com.br\/index.php\/2026\/05\/24\/agencia-minas-gerais-governo-de-minas-firma-acordos-para-ampliar-regularizacao-fundiaria-no-sul-de-minas-2\/","title":{"rendered":"Ag\u00eancia Minas Gerais | Governo de Minas firma acordos para ampliar regulariza\u00e7\u00e3o fundi\u00e1ria no Sul de Minas"},"content":{"rendered":"<p><\/p>\n<div>\n<p>O Governo de Minas, por meio da Secretaria de Estado de Desenvolvimento Econ\u00f4mico (Sede-MG) e da Companhia de Habita\u00e7\u00e3o do Estado de Minas Gerais (Cohab Minas), realizou, neste s\u00e1bado (23\/5), a assinatura simb\u00f3lica de dois Acordos de Coopera\u00e7\u00e3o T\u00e9cnica (ACTs) com os munic\u00edpios de Tr\u00eas Pontas e Baependi, no Sul de Minas.<\/p>\n<p>O momento ocorreu durante a solenidade de transfer\u00eancia provis\u00f3ria da capital para Varginha, no Sul de Minas, uma inciativa do Governo Presente, que tem o objetivo de reconhecer o papel estrat\u00e9gico desempenhado pelos munic\u00edpios mineiros no fortalecimento das pol\u00edticas p\u00fablicas, na descentraliza\u00e7\u00e3o administrativa e na promo\u00e7\u00e3o do desenvolvimento regional.<\/p>\n<p>\u201cAcabei de assinar aqui o termo de coopera\u00e7\u00e3o que beneficia os munic\u00edpios de Tr\u00eas Pontas e Baependi, com projetos de regulariza\u00e7\u00e3o fundi\u00e1ria. Ser\u00e3o mais de R$ 1,5 milh\u00e3o sendo investidos para que mais de 300 fam\u00edlias sejam atendidas com esse projeto e possam, de fato, chamar o lugar onde moram de seu\u201d, destacou o governador Mateus Sim\u00f5es.<\/p>\n<p>Os acordos t\u00eam como objetivo a implementa\u00e7\u00e3o de a\u00e7\u00f5es integradas de regulariza\u00e7\u00e3o fundi\u00e1ria urbana e de fomento \u00e0 habita\u00e7\u00e3o de interesse social. O ACT n\u00e3o prev\u00ea repasse direto de recursos financeiros \u00e0s prefeituras, sendo o valor destinado exclusivamente \u00e0 presta\u00e7\u00e3o de servi\u00e7os t\u00e9cnicos especializados contratados pela Sede-MG, junto \u00e0 Cohab Minas, para condu\u00e7\u00e3o das a\u00e7\u00f5es de Reurb.<\/p>\n<p>A iniciativa \u00e9 realizada com recursos do Acordo de Repara\u00e7\u00e3o do Rio Doce, firmado em decorr\u00eancia do rompimento da Barragem de Fund\u00e3o, da Samarco S.A, em novembro de 2015, que tirou a vida de 19 pessoas.<\/p>\n<p>O Acordo do Rio Doce foi assinado em outubro de 2024, pelos governos de Minas Gerais, Esp\u00edrito Santo e Federal, os Minist\u00e9rios P\u00fablicos Federal e estaduais, as Defensorias P\u00fablicas da Uni\u00e3o e estaduais e as empresas Samarco, Vale e BHP Billiton.<\/p>\n<p>\u00a0<\/p>\n<p><strong>Nova etapa de regulariza\u00e7\u00e3o fundi\u00e1ria<\/strong><\/p>\n<p>A iniciativa integra o Minas Reurb, programa coordenado pela Sede-MG voltado \u00e0 promo\u00e7\u00e3o da regulariza\u00e7\u00e3o fundi\u00e1ria urbana em munic\u00edpios mineiros. Nesta nova etapa do programa, com recursos do Acordo de Repara\u00e7\u00e3o do Rio Doce, foi poss\u00edvel ampliar a escala das a\u00e7\u00f5es junto aos munic\u00edpios.<\/p>\n<p>Nesse contexto, a Sede-MG realizou a contrata\u00e7\u00e3o da Cohab Minas, por meio de licita\u00e7\u00e3o, para execu\u00e7\u00e3o de a\u00e7\u00f5es de regulariza\u00e7\u00e3o fundi\u00e1ria urbana em diferentes regi\u00f5es do estado, em um contrato de R$ 62 milh\u00f5es.<\/p>\n<p>A previs\u00e3o \u00e9 a emiss\u00e3o de aproximadamente 24 mil t\u00edtulos at\u00e9 2027, com impacto estimado em cerca de 72 mil benefici\u00e1rios em 80 munic\u00edpios mineiros.<\/p>\n<p>A iniciativa prev\u00ea apoio t\u00e9cnico, operacional e execut\u00f3rio do Estado, por meio da Sede-MG e da Cohab Minas, para a condu\u00e7\u00e3o das etapas necess\u00e1rias aos processos de Regulariza\u00e7\u00e3o Fundi\u00e1ria Urbana de Interesse Social (Reurb-S), incluindo medidas jur\u00eddicas, urban\u00edsticas, ambientais, sociais e administrativas.<\/p>\n<p>Como contrapartida, os munic\u00edpios participantes ir\u00e3o adotar medidas administrativas para apoiar a tramita\u00e7\u00e3o de projetos de lei voltados \u00e0 cria\u00e7\u00e3o de pol\u00edticas municipais de incentivo \u00e0 habita\u00e7\u00e3o de interesse social, fortalecendo as a\u00e7\u00f5es de desenvolvimento urbano e garantia do direito \u00e0 moradia.<\/p>\n<p>\u00a0<\/p>\n<p><strong>Benef\u00edcios e resultados<\/strong><\/p>\n<p>A regulariza\u00e7\u00e3o fundi\u00e1ria proporciona benef\u00edcios diretos \u00e0 popula\u00e7\u00e3o contemplada, incluindo valoriza\u00e7\u00e3o imobili\u00e1ria, acesso ao cr\u00e9dito, amplia\u00e7\u00e3o da seguran\u00e7a patrimonial, acesso facilitado a pol\u00edticas p\u00fablicas, est\u00edmulo ao desenvolvimento local e fortalecimento da organiza\u00e7\u00e3o urbana municipal.<\/p>\n<p>Desde 2019, j\u00e1 foram emitidos 22.596 t\u00edtulos pelo Minas Reurb, al\u00e9m de cerca de 68 mil t\u00edtulos viabilizados, totalizando mais de 91 mil t\u00edtulos em todo o estado de Minas Gerais.<\/p>\n<p>\u00a0<\/p>\n<p><strong>Governo Presente<\/strong><\/p>\n<p>A transfer\u00eancia provis\u00f3ria da capital se repete em 19 cidades at\u00e9 junho e refor\u00e7a a import\u00e2ncia de aproximar a administra\u00e7\u00e3o p\u00fablica estadual das regi\u00f5es de Minas, estimulando o di\u00e1logo federativo, a articula\u00e7\u00e3o institucional e a presen\u00e7a do Estado nos territ\u00f3rios. Tamb\u00e9m permite ampliar a participa\u00e7\u00e3o cidad\u00e3, valorizar as identidades locais e fortalecer a constru\u00e7\u00e3o de pol\u00edticas p\u00fablicas alinhadas \u00e0s necessidades espec\u00edficas de cada regi\u00e3o.<\/p>\n<p>\u00a0<\/p>\n<\/p><\/div>\n","protected":false},"excerpt":{"rendered":"<p>O Governo de Minas, por meio da Secretaria de Estado de Desenvolvimento Econ\u00f4mico (Sede-MG) e da Companhia de Habita\u00e7\u00e3o do<\/p>\n","protected":false},"author":2,"featured_media":0,"comment_status":"","ping_status":"","sticky":false,"template":"","format":"standard","meta":{"colormag_page_container_layout":"default_layout","colormag_page_sidebar_layout":"default_layout","footnotes":""},"categories":[1],"tags":[],"class_list":["post-66328","post","type-post","status-publish","format-standard","hentry","category-ejornais"],"aioseo_notices":[],"aioseo_head":"\n\t\t<!-- All in One SEO 5.0.1.1 - aioseo.com -->\n\t<meta name=\"description\" content=\"O Governo de Minas, por meio da Secretaria de Estado de Desenvolvimento Econ\u00f4mico (Sede-MG) e da Companhia de Habita\u00e7\u00e3o do Estado de Minas Gerais (Cohab Minas), realizou, neste s\u00e1bado (23\/5), a assinatura simb\u00f3lica de dois Acordos de Coopera\u00e7\u00e3o T\u00e9cnica (ACTs) com os munic\u00edpios de Tr\u00eas Pontas e Baependi, no Sul de Minas. O momento ocorreu\" \/>\n\t<meta name=\"robots\" content=\"max-image-preview:large\" \/>\n\t<meta name=\"author\" content=\"admin1\"\/>\n\t<link rel=\"canonical\" href=\"https:\/\/ejornais.com.br\/index.php\/2026\/05\/24\/agencia-minas-gerais-governo-de-minas-firma-acordos-para-ampliar-regularizacao-fundiaria-no-sul-de-minas-2\/\" \/>\n\t<meta name=\"generator\" content=\"All in One SEO (AIOSEO) 5.0.1.1\" \/>\n\t\t<meta property=\"og:locale\" content=\"pt_BR\" \/>\n\t\t<meta property=\"og:site_name\" content=\"eJornais - Cat\u00e1logo de Jornais no mundo, Not\u00edcias, Blog e Esportes ao vivo\" \/>\n\t\t<meta property=\"og:type\" content=\"article\" \/>\n\t\t<meta property=\"og:title\" content=\"Ag\u00eancia Minas Gerais | Governo de Minas firma acordos para ampliar regulariza\u00e7\u00e3o fundi\u00e1ria no Sul de Minas - eJornais\" \/>\n\t\t<meta property=\"og:description\" content=\"O Governo de Minas, por meio da Secretaria de Estado de Desenvolvimento Econ\u00f4mico (Sede-MG) e da Companhia de Habita\u00e7\u00e3o do Estado de Minas Gerais (Cohab Minas), realizou, neste s\u00e1bado (23\/5), a assinatura simb\u00f3lica de dois Acordos de Coopera\u00e7\u00e3o T\u00e9cnica (ACTs) com os munic\u00edpios de Tr\u00eas Pontas e Baependi, no Sul de Minas. O momento ocorreu\" \/>\n\t\t<meta property=\"og:url\" content=\"https:\/\/ejornais.com.br\/index.php\/2026\/05\/24\/agencia-minas-gerais-governo-de-minas-firma-acordos-para-ampliar-regularizacao-fundiaria-no-sul-de-minas-2\/\" \/>\n\t\t<meta property=\"article:published_time\" content=\"2026-05-24T06:56:58+00:00\" \/>\n\t\t<meta property=\"article:modified_time\" content=\"2026-05-24T06:56:58+00:00\" \/>\n\t\t<meta name=\"twitter:card\" content=\"summary_large_image\" \/>\n\t\t<meta name=\"twitter:title\" content=\"Ag\u00eancia Minas Gerais | Governo de Minas firma acordos para ampliar regulariza\u00e7\u00e3o fundi\u00e1ria no Sul de Minas - eJornais\" \/>\n\t\t<meta name=\"twitter:description\" content=\"O Governo de Minas, por meio da Secretaria de Estado de Desenvolvimento Econ\u00f4mico (Sede-MG) e da Companhia de Habita\u00e7\u00e3o do Estado de Minas Gerais (Cohab Minas), realizou, neste s\u00e1bado (23\/5), a assinatura simb\u00f3lica de dois Acordos de Coopera\u00e7\u00e3o T\u00e9cnica (ACTs) com os munic\u00edpios de Tr\u00eas Pontas e Baependi, no Sul de Minas. O momento ocorreu\" \/>\n\t\t<script type=\"application\/ld+json\" class=\"aioseo-schema\">\n\t\t\t{\"@context\":\"https:\\\/\\\/schema.org\",\"@graph\":[{\"@type\":\"BlogPosting\",\"@id\":\"https:\\\/\\\/ejornais.com.br\\\/index.php\\\/2026\\\/05\\\/24\\\/agencia-minas-gerais-governo-de-minas-firma-acordos-para-ampliar-regularizacao-fundiaria-no-sul-de-minas-2\\\/#blogposting\",\"name\":\"Ag\\u00eancia Minas Gerais | Governo de Minas firma acordos para ampliar regulariza\\u00e7\\u00e3o fundi\\u00e1ria no Sul de Minas - eJornais\",\"headline\":\"Ag\\u00eancia Minas Gerais | Governo de Minas firma acordos para ampliar regulariza\\u00e7\\u00e3o fundi\\u00e1ria no Sul de Minas\",\"author\":{\"@id\":\"https:\\\/\\\/ejornais.com.br\\\/index.php\\\/author\\\/admin1\\\/#author\"},\"publisher\":{\"@id\":\"https:\\\/\\\/ejornais.com.br\\\/#organization\"},\"datePublished\":\"2026-05-24T03:56:58-03:00\",\"dateModified\":\"2026-05-24T03:56:58-03:00\",\"inLanguage\":\"pt-BR\",\"mainEntityOfPage\":{\"@id\":\"https:\\\/\\\/ejornais.com.br\\\/index.php\\\/2026\\\/05\\\/24\\\/agencia-minas-gerais-governo-de-minas-firma-acordos-para-ampliar-regularizacao-fundiaria-no-sul-de-minas-2\\\/#webpage\"},\"isPartOf\":{\"@id\":\"https:\\\/\\\/ejornais.com.br\\\/index.php\\\/2026\\\/05\\\/24\\\/agencia-minas-gerais-governo-de-minas-firma-acordos-para-ampliar-regularizacao-fundiaria-no-sul-de-minas-2\\\/#webpage\"},\"articleSection\":\"Cat\\u00e1logo de Jornais\"},{\"@type\":\"BreadcrumbList\",\"@id\":\"https:\\\/\\\/ejornais.com.br\\\/index.php\\\/2026\\\/05\\\/24\\\/agencia-minas-gerais-governo-de-minas-firma-acordos-para-ampliar-regularizacao-fundiaria-no-sul-de-minas-2\\\/#breadcrumblist\",\"itemListElement\":[{\"@type\":\"ListItem\",\"@id\":\"https:\\\/\\\/ejornais.com.br#listItem\",\"position\":1,\"name\":\"In\\u00edcio\",\"item\":\"https:\\\/\\\/ejornais.com.br\",\"nextItem\":{\"@type\":\"ListItem\",\"@id\":\"https:\\\/\\\/ejornais.com.br\\\/index.php\\\/category\\\/ejornais\\\/#listItem\",\"name\":\"Cat\\u00e1logo de Jornais\"}},{\"@type\":\"ListItem\",\"@id\":\"https:\\\/\\\/ejornais.com.br\\\/index.php\\\/category\\\/ejornais\\\/#listItem\",\"position\":2,\"name\":\"Cat\\u00e1logo de Jornais\",\"item\":\"https:\\\/\\\/ejornais.com.br\\\/index.php\\\/category\\\/ejornais\\\/\",\"nextItem\":{\"@type\":\"ListItem\",\"@id\":\"https:\\\/\\\/ejornais.com.br\\\/index.php\\\/2026\\\/05\\\/24\\\/agencia-minas-gerais-governo-de-minas-firma-acordos-para-ampliar-regularizacao-fundiaria-no-sul-de-minas-2\\\/#listItem\",\"name\":\"Ag\\u00eancia Minas Gerais | Governo de Minas firma acordos para ampliar regulariza\\u00e7\\u00e3o fundi\\u00e1ria no Sul de Minas\"},\"previousItem\":{\"@type\":\"ListItem\",\"@id\":\"https:\\\/\\\/ejornais.com.br#listItem\",\"name\":\"In\\u00edcio\"}},{\"@type\":\"ListItem\",\"@id\":\"https:\\\/\\\/ejornais.com.br\\\/index.php\\\/2026\\\/05\\\/24\\\/agencia-minas-gerais-governo-de-minas-firma-acordos-para-ampliar-regularizacao-fundiaria-no-sul-de-minas-2\\\/#listItem\",\"position\":3,\"name\":\"Ag\\u00eancia Minas Gerais | Governo de Minas firma acordos para ampliar regulariza\\u00e7\\u00e3o fundi\\u00e1ria no Sul de Minas\",\"previousItem\":{\"@type\":\"ListItem\",\"@id\":\"https:\\\/\\\/ejornais.com.br\\\/index.php\\\/category\\\/ejornais\\\/#listItem\",\"name\":\"Cat\\u00e1logo de Jornais\"}}]},{\"@type\":\"Organization\",\"@id\":\"https:\\\/\\\/ejornais.com.br\\\/#organization\",\"name\":\"eJornais\",\"description\":\"Cat\\u00e1logo de Jornais no mundo, Not\\u00edcias, Blog e Esportes ao vivo\",\"url\":\"https:\\\/\\\/ejornais.com.br\\\/\"},{\"@type\":\"Person\",\"@id\":\"https:\\\/\\\/ejornais.com.br\\\/index.php\\\/author\\\/admin1\\\/#author\",\"url\":\"https:\\\/\\\/ejornais.com.br\\\/index.php\\\/author\\\/admin1\\\/\",\"name\":\"admin1\",\"image\":{\"@type\":\"ImageObject\",\"@id\":\"https:\\\/\\\/ejornais.com.br\\\/index.php\\\/2026\\\/05\\\/24\\\/agencia-minas-gerais-governo-de-minas-firma-acordos-para-ampliar-regularizacao-fundiaria-no-sul-de-minas-2\\\/#authorImage\",\"url\":\"https:\\\/\\\/secure.gravatar.com\\\/avatar\\\/04084e6d73c042b8646e7c17b494073bf0ede3ea13c7105cfc45cbbbc28385a4?s=96&d=mm&r=g\",\"width\":96,\"height\":96,\"caption\":\"admin1\"}},{\"@type\":\"WebPage\",\"@id\":\"https:\\\/\\\/ejornais.com.br\\\/index.php\\\/2026\\\/05\\\/24\\\/agencia-minas-gerais-governo-de-minas-firma-acordos-para-ampliar-regularizacao-fundiaria-no-sul-de-minas-2\\\/#webpage\",\"url\":\"https:\\\/\\\/ejornais.com.br\\\/index.php\\\/2026\\\/05\\\/24\\\/agencia-minas-gerais-governo-de-minas-firma-acordos-para-ampliar-regularizacao-fundiaria-no-sul-de-minas-2\\\/\",\"name\":\"Ag\\u00eancia Minas Gerais | Governo de Minas firma acordos para ampliar regulariza\\u00e7\\u00e3o fundi\\u00e1ria no Sul de Minas - eJornais\",\"description\":\"O Governo de Minas, por meio da Secretaria de Estado de Desenvolvimento Econ\\u00f4mico (Sede-MG) e da Companhia de Habita\\u00e7\\u00e3o do Estado de Minas Gerais (Cohab Minas), realizou, neste s\\u00e1bado (23\\\/5), a assinatura simb\\u00f3lica de dois Acordos de Coopera\\u00e7\\u00e3o T\\u00e9cnica (ACTs) com os munic\\u00edpios de Tr\\u00eas Pontas e Baependi, no Sul de Minas. O momento ocorreu\",\"inLanguage\":\"pt-BR\",\"isPartOf\":{\"@id\":\"https:\\\/\\\/ejornais.com.br\\\/#website\"},\"breadcrumb\":{\"@id\":\"https:\\\/\\\/ejornais.com.br\\\/index.php\\\/2026\\\/05\\\/24\\\/agencia-minas-gerais-governo-de-minas-firma-acordos-para-ampliar-regularizacao-fundiaria-no-sul-de-minas-2\\\/#breadcrumblist\"},\"author\":{\"@id\":\"https:\\\/\\\/ejornais.com.br\\\/index.php\\\/author\\\/admin1\\\/#author\"},\"creator\":{\"@id\":\"https:\\\/\\\/ejornais.com.br\\\/index.php\\\/author\\\/admin1\\\/#author\"},\"datePublished\":\"2026-05-24T03:56:58-03:00\",\"dateModified\":\"2026-05-24T03:56:58-03:00\"},{\"@type\":\"WebSite\",\"@id\":\"https:\\\/\\\/ejornais.com.br\\\/#website\",\"url\":\"https:\\\/\\\/ejornais.com.br\\\/\",\"name\":\"eJornais\",\"description\":\"Cat\\u00e1logo de Jornais no mundo, Not\\u00edcias, Blog e Esportes ao vivo\",\"inLanguage\":\"pt-BR\",\"publisher\":{\"@id\":\"https:\\\/\\\/ejornais.com.br\\\/#organization\"}}]}\n\t\t<\/script>\n\t\t<!-- All in One SEO -->\n\n","aioseo_head_json":{"title":"Ag\u00eancia Minas Gerais | Governo de Minas firma acordos para ampliar regulariza\u00e7\u00e3o fundi\u00e1ria no Sul de Minas - eJornais","description":"O Governo de Minas, por meio da Secretaria de Estado de Desenvolvimento Econ\u00f4mico (Sede-MG) e da Companhia de Habita\u00e7\u00e3o do Estado de Minas Gerais (Cohab Minas), realizou, neste s\u00e1bado (23\/5), a assinatura simb\u00f3lica de dois Acordos de Coopera\u00e7\u00e3o T\u00e9cnica (ACTs) com os munic\u00edpios de Tr\u00eas Pontas e Baependi, no Sul de Minas. O momento ocorreu","canonical_url":"https:\/\/ejornais.com.br\/index.php\/2026\/05\/24\/agencia-minas-gerais-governo-de-minas-firma-acordos-para-ampliar-regularizacao-fundiaria-no-sul-de-minas-2\/","robots":"max-image-preview:large","keywords":"","webmasterTools":{"miscellaneous":""},"schema":{"@context":"https:\/\/schema.org","@graph":[{"@type":"BlogPosting","@id":"https:\/\/ejornais.com.br\/index.php\/2026\/05\/24\/agencia-minas-gerais-governo-de-minas-firma-acordos-para-ampliar-regularizacao-fundiaria-no-sul-de-minas-2\/#blogposting","name":"Ag\u00eancia Minas Gerais | Governo de Minas firma acordos para ampliar regulariza\u00e7\u00e3o fundi\u00e1ria no Sul de Minas - eJornais","headline":"Ag\u00eancia Minas Gerais | Governo de Minas firma acordos para ampliar regulariza\u00e7\u00e3o fundi\u00e1ria no Sul de Minas","author":{"@id":"https:\/\/ejornais.com.br\/index.php\/author\/admin1\/#author"},"publisher":{"@id":"https:\/\/ejornais.com.br\/#organization"},"datePublished":"2026-05-24T03:56:58-03:00","dateModified":"2026-05-24T03:56:58-03:00","inLanguage":"pt-BR","mainEntityOfPage":{"@id":"https:\/\/ejornais.com.br\/index.php\/2026\/05\/24\/agencia-minas-gerais-governo-de-minas-firma-acordos-para-ampliar-regularizacao-fundiaria-no-sul-de-minas-2\/#webpage"},"isPartOf":{"@id":"https:\/\/ejornais.com.br\/index.php\/2026\/05\/24\/agencia-minas-gerais-governo-de-minas-firma-acordos-para-ampliar-regularizacao-fundiaria-no-sul-de-minas-2\/#webpage"},"articleSection":"Cat\u00e1logo de Jornais"},{"@type":"BreadcrumbList","@id":"https:\/\/ejornais.com.br\/index.php\/2026\/05\/24\/agencia-minas-gerais-governo-de-minas-firma-acordos-para-ampliar-regularizacao-fundiaria-no-sul-de-minas-2\/#breadcrumblist","itemListElement":[{"@type":"ListItem","@id":"https:\/\/ejornais.com.br#listItem","position":1,"name":"In\u00edcio","item":"https:\/\/ejornais.com.br","nextItem":{"@type":"ListItem","@id":"https:\/\/ejornais.com.br\/index.php\/category\/ejornais\/#listItem","name":"Cat\u00e1logo de Jornais"}},{"@type":"ListItem","@id":"https:\/\/ejornais.com.br\/index.php\/category\/ejornais\/#listItem","position":2,"name":"Cat\u00e1logo de Jornais","item":"https:\/\/ejornais.com.br\/index.php\/category\/ejornais\/","nextItem":{"@type":"ListItem","@id":"https:\/\/ejornais.com.br\/index.php\/2026\/05\/24\/agencia-minas-gerais-governo-de-minas-firma-acordos-para-ampliar-regularizacao-fundiaria-no-sul-de-minas-2\/#listItem","name":"Ag\u00eancia Minas Gerais | Governo de Minas firma acordos para ampliar regulariza\u00e7\u00e3o fundi\u00e1ria no Sul de Minas"},"previousItem":{"@type":"ListItem","@id":"https:\/\/ejornais.com.br#listItem","name":"In\u00edcio"}},{"@type":"ListItem","@id":"https:\/\/ejornais.com.br\/index.php\/2026\/05\/24\/agencia-minas-gerais-governo-de-minas-firma-acordos-para-ampliar-regularizacao-fundiaria-no-sul-de-minas-2\/#listItem","position":3,"name":"Ag\u00eancia Minas Gerais | Governo de Minas firma acordos para ampliar regulariza\u00e7\u00e3o fundi\u00e1ria no Sul de Minas","previousItem":{"@type":"ListItem","@id":"https:\/\/ejornais.com.br\/index.php\/category\/ejornais\/#listItem","name":"Cat\u00e1logo de Jornais"}}]},{"@type":"Organization","@id":"https:\/\/ejornais.com.br\/#organization","name":"eJornais","description":"Cat\u00e1logo de Jornais no mundo, Not\u00edcias, Blog e Esportes ao vivo","url":"https:\/\/ejornais.com.br\/"},{"@type":"Person","@id":"https:\/\/ejornais.com.br\/index.php\/author\/admin1\/#author","url":"https:\/\/ejornais.com.br\/index.php\/author\/admin1\/","name":"admin1","image":{"@type":"ImageObject","@id":"https:\/\/ejornais.com.br\/index.php\/2026\/05\/24\/agencia-minas-gerais-governo-de-minas-firma-acordos-para-ampliar-regularizacao-fundiaria-no-sul-de-minas-2\/#authorImage","url":"https:\/\/secure.gravatar.com\/avatar\/04084e6d73c042b8646e7c17b494073bf0ede3ea13c7105cfc45cbbbc28385a4?s=96&d=mm&r=g","width":96,"height":96,"caption":"admin1"}},{"@type":"WebPage","@id":"https:\/\/ejornais.com.br\/index.php\/2026\/05\/24\/agencia-minas-gerais-governo-de-minas-firma-acordos-para-ampliar-regularizacao-fundiaria-no-sul-de-minas-2\/#webpage","url":"https:\/\/ejornais.com.br\/index.php\/2026\/05\/24\/agencia-minas-gerais-governo-de-minas-firma-acordos-para-ampliar-regularizacao-fundiaria-no-sul-de-minas-2\/","name":"Ag\u00eancia Minas Gerais | Governo de Minas firma acordos para ampliar regulariza\u00e7\u00e3o fundi\u00e1ria no Sul de Minas - eJornais","description":"O Governo de Minas, por meio da Secretaria de Estado de Desenvolvimento Econ\u00f4mico (Sede-MG) e da Companhia de Habita\u00e7\u00e3o do Estado de Minas Gerais (Cohab Minas), realizou, neste s\u00e1bado (23\/5), a assinatura simb\u00f3lica de dois Acordos de Coopera\u00e7\u00e3o T\u00e9cnica (ACTs) com os munic\u00edpios de Tr\u00eas Pontas e Baependi, no Sul de Minas. O momento ocorreu","inLanguage":"pt-BR","isPartOf":{"@id":"https:\/\/ejornais.com.br\/#website"},"breadcrumb":{"@id":"https:\/\/ejornais.com.br\/index.php\/2026\/05\/24\/agencia-minas-gerais-governo-de-minas-firma-acordos-para-ampliar-regularizacao-fundiaria-no-sul-de-minas-2\/#breadcrumblist"},"author":{"@id":"https:\/\/ejornais.com.br\/index.php\/author\/admin1\/#author"},"creator":{"@id":"https:\/\/ejornais.com.br\/index.php\/author\/admin1\/#author"},"datePublished":"2026-05-24T03:56:58-03:00","dateModified":"2026-05-24T03:56:58-03:00"},{"@type":"WebSite","@id":"https:\/\/ejornais.com.br\/#website","url":"https:\/\/ejornais.com.br\/","name":"eJornais","description":"Cat\u00e1logo de Jornais no mundo, Not\u00edcias, Blog e Esportes ao vivo","inLanguage":"pt-BR","publisher":{"@id":"https:\/\/ejornais.com.br\/#organization"}}]},"og:locale":"pt_BR","og:site_name":"eJornais - Cat\u00e1logo de Jornais no mundo, Not\u00edcias, Blog e Esportes ao vivo","og:type":"article","og:title":"Ag\u00eancia Minas Gerais | Governo de Minas firma acordos para ampliar regulariza\u00e7\u00e3o fundi\u00e1ria no Sul de Minas - eJornais","og:description":"O Governo de Minas, por meio da Secretaria de Estado de Desenvolvimento Econ\u00f4mico (Sede-MG) e da Companhia de Habita\u00e7\u00e3o do Estado de Minas Gerais (Cohab Minas), realizou, neste s\u00e1bado (23\/5), a assinatura simb\u00f3lica de dois Acordos de Coopera\u00e7\u00e3o T\u00e9cnica (ACTs) com os munic\u00edpios de Tr\u00eas Pontas e Baependi, no Sul de Minas. O momento ocorreu","og:url":"https:\/\/ejornais.com.br\/index.php\/2026\/05\/24\/agencia-minas-gerais-governo-de-minas-firma-acordos-para-ampliar-regularizacao-fundiaria-no-sul-de-minas-2\/","article:published_time":"2026-05-24T06:56:58+00:00","article:modified_time":"2026-05-24T06:56:58+00:00","twitter:card":"summary_large_image","twitter:title":"Ag\u00eancia Minas Gerais | Governo de Minas firma acordos para ampliar regulariza\u00e7\u00e3o fundi\u00e1ria no Sul de Minas - eJornais","twitter:description":"O Governo de Minas, por meio da Secretaria de Estado de Desenvolvimento Econ\u00f4mico (Sede-MG) e da Companhia de Habita\u00e7\u00e3o do Estado de Minas Gerais (Cohab Minas), realizou, neste s\u00e1bado (23\/5), a assinatura simb\u00f3lica de dois Acordos de Coopera\u00e7\u00e3o T\u00e9cnica (ACTs) com os munic\u00edpios de Tr\u00eas Pontas e Baependi, no Sul de Minas. O momento ocorreu"},"aioseo_meta_data":{"post_id":"66328","title":null,"description":null,"keywords":null,"keyphrases":null,"primary_term":null,"canonical_url":null,"og_title":null,"og_description":null,"og_object_type":"default","og_image_type":"default","og_image_url":null,"og_image_width":null,"og_image_height":null,"og_image_custom_url":null,"og_image_custom_fields":null,"og_video":null,"og_custom_url":null,"og_article_section":null,"og_article_tags":null,"twitter_use_og":false,"twitter_card":"default","twitter_image_type":"default","twitter_image_url":null,"twitter_image_custom_url":null,"twitter_image_custom_fields":null,"twitter_title":null,"twitter_description":null,"schema":{"blockGraphs":[],"customGraphs":[],"default":{"data":{"Article":[],"Course":[],"Dataset":[],"FAQPage":[],"Movie":[],"Person":[],"Product":[],"ProductReview":[],"Car":[],"Recipe":[],"Service":[],"SoftwareApplication":[],"WebPage":[]},"graphName":"","isEnabled":true},"graphs":[]},"schema_type":"default","schema_type_options":null,"pillar_content":false,"robots_default":true,"robots_noindex":false,"robots_noarchive":false,"robots_nosnippet":false,"robots_nofollow":false,"robots_noimageindex":false,"robots_noodp":false,"robots_notranslate":false,"robots_max_snippet":null,"robots_max_videopreview":null,"robots_max_imagepreview":"large","priority":null,"frequency":null,"local_seo":null,"breadcrumb_settings":null,"limit_modified_date":false,"ai":null,"created":"2026-05-29 10:41:24","updated":"2026-05-29 10:41:24","seo_analyzer_scan_date":null,"focus_keyword":null,"additional_keywords":null,"truseo_locale":null},"aioseo_breadcrumb":"<div class=\"aioseo-breadcrumbs\"><span class=\"aioseo-breadcrumb\">\n\t\t\t<a href=\"https:\/\/ejornais.com.br\" title=\"In\u00edcio\">In\u00edcio<\/a>\n\t\t<\/span><span class=\"aioseo-breadcrumb-separator\">&raquo;<\/span><span class=\"aioseo-breadcrumb\">\n\t\t\t<a href=\"https:\/\/ejornais.com.br\/index.php\/category\/ejornais\/\" title=\"Cat\u00e1logo de Jornais\">Cat\u00e1logo de Jornais<\/a>\n\t\t<\/span><span class=\"aioseo-breadcrumb-separator\">&raquo;<\/span><span class=\"aioseo-breadcrumb\">\n\t\t\tAg\u00eancia Minas Gerais | Governo de Minas firma acordos para ampliar regulariza\u00e7\u00e3o fundi\u00e1ria no Sul de Minas\n\t\t<\/span><\/div>","aioseo_breadcrumb_json":[{"label":"In\u00edcio","link":"https:\/\/ejornais.com.br"},{"label":"Cat\u00e1logo de Jornais","link":"https:\/\/ejornais.com.br\/index.php\/category\/ejornais\/"},{"label":"Ag\u00eancia Minas Gerais | Governo de Minas firma acordos para ampliar regulariza\u00e7\u00e3o fundi\u00e1ria no Sul de Minas","link":"https:\/\/ejornais.com.br\/index.php\/2026\/05\/24\/agencia-minas-gerais-governo-de-minas-firma-acordos-para-ampliar-regularizacao-fundiaria-no-sul-de-minas-2\/"}],"amp_enabled":true,"_links":{"self":[{"href":"https:\/\/ejornais.com.br\/index.php\/wp-json\/wp\/v2\/posts\/66328","targetHints":{"allow":["GET"]}}],"collection":[{"href":"https:\/\/ejornais.com.br\/index.php\/wp-json\/wp\/v2\/posts"}],"about":[{"href":"https:\/\/ejornais.com.br\/index.php\/wp-json\/wp\/v2\/types\/post"}],"author":[{"embeddable":true,"href":"https:\/\/ejornais.com.br\/index.php\/wp-json\/wp\/v2\/users\/2"}],"replies":[{"embeddable":true,"href":"https:\/\/ejornais.com.br\/index.php\/wp-json\/wp\/v2\/comments?post=66328"}],"version-history":[{"count":0,"href":"https:\/\/ejornais.com.br\/index.php\/wp-json\/wp\/v2\/posts\/66328\/revisions"}],"wp:attachment":[{"href":"https:\/\/ejornais.com.br\/index.php\/wp-json\/wp\/v2\/media?parent=66328"}],"wp:term":[{"taxonomy":"category","embeddable":true,"href":"https:\/\/ejornais.com.br\/index.php\/wp-json\/wp\/v2\/categories?post=66328"},{"taxonomy":"post_tag","embeddable":true,"href":"https:\/\/ejornais.com.br\/index.php\/wp-json\/wp\/v2\/tags?post=66328"}],"curies":[{"name":"wp","href":"https:\/\/api.w.org\/{rel}","templated":true}]}}