{"id":66580,"date":"2026-05-28T13:56:02","date_gmt":"2026-05-28T16:56:02","guid":{"rendered":"https:\/\/ejornais.com.br\/index.php\/2026\/05\/28\/gcm-de-sorocaba-faz-acao-solidaria-de-doacao-de-sangue-em-apoio-a-bebe-com-anemia-hemolitica-autoimune-agencia-de-noticias\/"},"modified":"2026-05-28T13:56:02","modified_gmt":"2026-05-28T16:56:02","slug":"gcm-de-sorocaba-faz-acao-solidaria-de-doacao-de-sangue-em-apoio-a-bebe-com-anemia-hemolitica-autoimune-agencia-de-noticias","status":"publish","type":"post","link":"https:\/\/ejornais.com.br\/index.php\/2026\/05\/28\/gcm-de-sorocaba-faz-acao-solidaria-de-doacao-de-sangue-em-apoio-a-bebe-com-anemia-hemolitica-autoimune-agencia-de-noticias\/","title":{"rendered":"GCM de Sorocaba faz a\u00e7\u00e3o solid\u00e1ria de doa\u00e7\u00e3o de sangue em apoio a beb\u00ea com anemia hemol\u00edtica autoimune \u2013 Ag\u00eancia de Not\u00edcias"},"content":{"rendered":"<p><\/p>\n<div wp_automatic_readability=\"31\">\n<div class=\"col\" wp_automatic_readability=\"7\">\n<p class=\"mt-0\">\n                        <strong><br \/>\n                            <span class=\"far fa-calendar mr-1 mt-2\"\/><br \/>\n                            28 de maio de 2026<br \/>\n                            <span class=\"far fa-clock ml-3 mt-2\"\/><br \/>\n                            13:12<br \/>\n                        <\/strong>\n                    <\/p>\n<p class=\"mb-0\">Por: <strong>Eduardo Santinon (esantinon@sorocaba.sp.gov.br)<\/strong><\/p>\n<\/p><\/div>\n<\/p><\/div>\n<div wp_automatic_readability=\"68.882750153468\">\n<figure id=\"attachment_189171\" aria-describedby=\"caption-attachment-189171\" style=\"width: 768px\" class=\"wp-caption aligncenter\"><figcaption id=\"caption-attachment-189171\" class=\"wp-caption-text\">Fotos: GCM<\/figcaption><\/figure>\n<p>\u00a0<\/p>\n<p>A Guarda Civil Municipal (GCM) de Sorocaba, por meio da sua Escola de Forma\u00e7\u00e3o, Aperfei\u00e7oamento e Especializa\u00e7\u00e3o (Efae), promoveu uma a\u00e7\u00e3o volunt\u00e1ria de doa\u00e7\u00e3o de sangue, envolvendo os integrantes da Corpora\u00e7\u00e3o, em apoio a um beb\u00ea de 11 meses de idade, diagnosticado com anemia hemol\u00edtica autoimune. Ao todo, 26 GCMs estiveram nesta quinta-feira (28) no Hemon\u00facleo de Sorocaba, para esse ato solid\u00e1rio.<\/p>\n<p>Os participantes da GCM atualmente s\u00e3o alunos no curso de forma\u00e7\u00e3o da Corpora\u00e7\u00e3o. \u201cA mobiliza\u00e7\u00e3o foi organizada de forma espont\u00e2nea entre eles, demonstrando esp\u00edrito de solidariedade, empatia e compromisso social. Essa iniciativa refor\u00e7a que a atua\u00e7\u00e3o da GCM vai al\u00e9m da seguran\u00e7a p\u00fablica, estando tamb\u00e9m presente em a\u00e7\u00f5es humanit\u00e1rias e de apoio \u00e0 comunidade\u201d, aponta o comandante-geral da Guarda, Davi Dutra.<\/p>\n<p>O gesto solid\u00e1rio dos agentes contribui diretamente para fortalecer os estoques do Hemon\u00facleo e auxiliar no tratamento do beb\u00ea Liam Vaz Pereira. \u201cA a\u00e7\u00e3o evidencia o comprometimento da institui\u00e7\u00e3o com a valoriza\u00e7\u00e3o da vida e com o princ\u00edpio que norteia a corpora\u00e7\u00e3o: \u2018Proteger e Servir a popula\u00e7\u00e3o\u2019\u201d, complementa o secret\u00e1rio de Seguran\u00e7a Urbana (Sesu) de Sorocaba, Jo\u00e3o Alberto Corr\u00eaa Maia.<\/p>\n<p>O Hemon\u00facleo \u00e9 administrado pela Associa\u00e7\u00e3o Beneficente de Coleta de Sangue (Colsan) e est\u00e1 localizado na Av. Comendador Pereira In\u00e1cio, 564, no Jardim Vergueiro, funcionando de segunda-feira a s\u00e1bado, das 7h \u00e0s 12h30. Mais informa\u00e7\u00f5es sobre a institui\u00e7\u00e3o e como se tornar um doador de sangue, pelo site: www.https:\/\/colsan.org.br\/.<\/p>\n<p><!-- Root element of PhotoSwipe. Must have class pswp. --><\/p><\/div>\n","protected":false},"excerpt":{"rendered":"<p>28 de maio de 2026 13:12 Por: Eduardo Santinon (esantinon@sorocaba.sp.gov.br) Fotos: GCM \u00a0 A Guarda Civil Municipal (GCM) de Sorocaba,<\/p>\n","protected":false},"author":2,"featured_media":0,"comment_status":"","ping_status":"","sticky":false,"template":"","format":"standard","meta":{"colormag_page_container_layout":"default_layout","colormag_page_sidebar_layout":"default_layout","footnotes":""},"categories":[1],"tags":[],"class_list":["post-66580","post","type-post","status-publish","format-standard","hentry","category-ejornais"],"aioseo_notices":[],"aioseo_head":"\n\t\t<!-- All in One SEO 5.0.1.1 - aioseo.com -->\n\t<meta name=\"description\" content=\"28 de maio de 2026 13:12 Por: Eduardo Santinon (esantinon@sorocaba.sp.gov.br) A Guarda Civil Municipal (GCM) de Sorocaba, por meio da sua Escola de Forma\u00e7\u00e3o, Aperfei\u00e7oamento e Especializa\u00e7\u00e3o (Efae), promoveu uma a\u00e7\u00e3o volunt\u00e1ria de doa\u00e7\u00e3o de sangue, envolvendo os integrantes da Corpora\u00e7\u00e3o, em apoio a um beb\u00ea de 11 meses de idade, diagnosticado com anemia\" \/>\n\t<meta name=\"robots\" content=\"max-image-preview:large\" \/>\n\t<meta name=\"author\" content=\"admin1\"\/>\n\t<link rel=\"canonical\" href=\"https:\/\/ejornais.com.br\/index.php\/2026\/05\/28\/gcm-de-sorocaba-faz-acao-solidaria-de-doacao-de-sangue-em-apoio-a-bebe-com-anemia-hemolitica-autoimune-agencia-de-noticias\/\" \/>\n\t<meta name=\"generator\" content=\"All in One SEO (AIOSEO) 5.0.1.1\" \/>\n\t\t<meta property=\"og:locale\" content=\"pt_BR\" \/>\n\t\t<meta property=\"og:site_name\" content=\"eJornais - Cat\u00e1logo de Jornais no mundo, Not\u00edcias, Blog e Esportes ao vivo\" \/>\n\t\t<meta property=\"og:type\" content=\"article\" \/>\n\t\t<meta property=\"og:title\" content=\"GCM de Sorocaba faz a\u00e7\u00e3o solid\u00e1ria de doa\u00e7\u00e3o de sangue em apoio a beb\u00ea com anemia hemol\u00edtica autoimune \u2013 Ag\u00eancia de Not\u00edcias - eJornais\" \/>\n\t\t<meta property=\"og:description\" content=\"28 de maio de 2026 13:12 Por: Eduardo Santinon (esantinon@sorocaba.sp.gov.br) A Guarda Civil Municipal (GCM) de Sorocaba, por meio da sua Escola de Forma\u00e7\u00e3o, Aperfei\u00e7oamento e Especializa\u00e7\u00e3o (Efae), promoveu uma a\u00e7\u00e3o volunt\u00e1ria de doa\u00e7\u00e3o de sangue, envolvendo os integrantes da Corpora\u00e7\u00e3o, em apoio a um beb\u00ea de 11 meses de idade, diagnosticado com anemia\" \/>\n\t\t<meta property=\"og:url\" content=\"https:\/\/ejornais.com.br\/index.php\/2026\/05\/28\/gcm-de-sorocaba-faz-acao-solidaria-de-doacao-de-sangue-em-apoio-a-bebe-com-anemia-hemolitica-autoimune-agencia-de-noticias\/\" \/>\n\t\t<meta property=\"article:published_time\" content=\"2026-05-28T16:56:02+00:00\" \/>\n\t\t<meta property=\"article:modified_time\" content=\"2026-05-28T16:56:02+00:00\" \/>\n\t\t<meta name=\"twitter:card\" content=\"summary_large_image\" \/>\n\t\t<meta name=\"twitter:title\" content=\"GCM de Sorocaba faz a\u00e7\u00e3o solid\u00e1ria de doa\u00e7\u00e3o de sangue em apoio a beb\u00ea com anemia hemol\u00edtica autoimune \u2013 Ag\u00eancia de Not\u00edcias - eJornais\" \/>\n\t\t<meta name=\"twitter:description\" content=\"28 de maio de 2026 13:12 Por: Eduardo Santinon (esantinon@sorocaba.sp.gov.br) A Guarda Civil Municipal (GCM) de Sorocaba, por meio da sua Escola de Forma\u00e7\u00e3o, Aperfei\u00e7oamento e Especializa\u00e7\u00e3o (Efae), promoveu uma a\u00e7\u00e3o volunt\u00e1ria de doa\u00e7\u00e3o de sangue, envolvendo os integrantes da Corpora\u00e7\u00e3o, em apoio a um beb\u00ea de 11 meses de idade, diagnosticado com anemia\" \/>\n\t\t<script type=\"application\/ld+json\" class=\"aioseo-schema\">\n\t\t\t{\"@context\":\"https:\\\/\\\/schema.org\",\"@graph\":[{\"@type\":\"BlogPosting\",\"@id\":\"https:\\\/\\\/ejornais.com.br\\\/index.php\\\/2026\\\/05\\\/28\\\/gcm-de-sorocaba-faz-acao-solidaria-de-doacao-de-sangue-em-apoio-a-bebe-com-anemia-hemolitica-autoimune-agencia-de-noticias\\\/#blogposting\",\"name\":\"GCM de Sorocaba faz a\\u00e7\\u00e3o solid\\u00e1ria de doa\\u00e7\\u00e3o de sangue em apoio a beb\\u00ea com anemia hemol\\u00edtica autoimune \\u2013 Ag\\u00eancia de Not\\u00edcias - eJornais\",\"headline\":\"GCM de Sorocaba faz a\\u00e7\\u00e3o solid\\u00e1ria de doa\\u00e7\\u00e3o de sangue em apoio a beb\\u00ea com anemia hemol\\u00edtica autoimune \\u2013 Ag\\u00eancia de Not\\u00edcias\",\"author\":{\"@id\":\"https:\\\/\\\/ejornais.com.br\\\/index.php\\\/author\\\/admin1\\\/#author\"},\"publisher\":{\"@id\":\"https:\\\/\\\/ejornais.com.br\\\/#organization\"},\"datePublished\":\"2026-05-28T13:56:02-03:00\",\"dateModified\":\"2026-05-28T13:56:02-03:00\",\"inLanguage\":\"pt-BR\",\"mainEntityOfPage\":{\"@id\":\"https:\\\/\\\/ejornais.com.br\\\/index.php\\\/2026\\\/05\\\/28\\\/gcm-de-sorocaba-faz-acao-solidaria-de-doacao-de-sangue-em-apoio-a-bebe-com-anemia-hemolitica-autoimune-agencia-de-noticias\\\/#webpage\"},\"isPartOf\":{\"@id\":\"https:\\\/\\\/ejornais.com.br\\\/index.php\\\/2026\\\/05\\\/28\\\/gcm-de-sorocaba-faz-acao-solidaria-de-doacao-de-sangue-em-apoio-a-bebe-com-anemia-hemolitica-autoimune-agencia-de-noticias\\\/#webpage\"},\"articleSection\":\"Cat\\u00e1logo de Jornais\"},{\"@type\":\"BreadcrumbList\",\"@id\":\"https:\\\/\\\/ejornais.com.br\\\/index.php\\\/2026\\\/05\\\/28\\\/gcm-de-sorocaba-faz-acao-solidaria-de-doacao-de-sangue-em-apoio-a-bebe-com-anemia-hemolitica-autoimune-agencia-de-noticias\\\/#breadcrumblist\",\"itemListElement\":[{\"@type\":\"ListItem\",\"@id\":\"https:\\\/\\\/ejornais.com.br#listItem\",\"position\":1,\"name\":\"In\\u00edcio\",\"item\":\"https:\\\/\\\/ejornais.com.br\",\"nextItem\":{\"@type\":\"ListItem\",\"@id\":\"https:\\\/\\\/ejornais.com.br\\\/index.php\\\/category\\\/ejornais\\\/#listItem\",\"name\":\"Cat\\u00e1logo de Jornais\"}},{\"@type\":\"ListItem\",\"@id\":\"https:\\\/\\\/ejornais.com.br\\\/index.php\\\/category\\\/ejornais\\\/#listItem\",\"position\":2,\"name\":\"Cat\\u00e1logo de Jornais\",\"item\":\"https:\\\/\\\/ejornais.com.br\\\/index.php\\\/category\\\/ejornais\\\/\",\"nextItem\":{\"@type\":\"ListItem\",\"@id\":\"https:\\\/\\\/ejornais.com.br\\\/index.php\\\/2026\\\/05\\\/28\\\/gcm-de-sorocaba-faz-acao-solidaria-de-doacao-de-sangue-em-apoio-a-bebe-com-anemia-hemolitica-autoimune-agencia-de-noticias\\\/#listItem\",\"name\":\"GCM de Sorocaba faz a\\u00e7\\u00e3o solid\\u00e1ria de doa\\u00e7\\u00e3o de sangue em apoio a beb\\u00ea com anemia hemol\\u00edtica autoimune \\u2013 Ag\\u00eancia de Not\\u00edcias\"},\"previousItem\":{\"@type\":\"ListItem\",\"@id\":\"https:\\\/\\\/ejornais.com.br#listItem\",\"name\":\"In\\u00edcio\"}},{\"@type\":\"ListItem\",\"@id\":\"https:\\\/\\\/ejornais.com.br\\\/index.php\\\/2026\\\/05\\\/28\\\/gcm-de-sorocaba-faz-acao-solidaria-de-doacao-de-sangue-em-apoio-a-bebe-com-anemia-hemolitica-autoimune-agencia-de-noticias\\\/#listItem\",\"position\":3,\"name\":\"GCM de Sorocaba faz a\\u00e7\\u00e3o solid\\u00e1ria de doa\\u00e7\\u00e3o de sangue em apoio a beb\\u00ea com anemia hemol\\u00edtica autoimune \\u2013 Ag\\u00eancia de Not\\u00edcias\",\"previousItem\":{\"@type\":\"ListItem\",\"@id\":\"https:\\\/\\\/ejornais.com.br\\\/index.php\\\/category\\\/ejornais\\\/#listItem\",\"name\":\"Cat\\u00e1logo de Jornais\"}}]},{\"@type\":\"Organization\",\"@id\":\"https:\\\/\\\/ejornais.com.br\\\/#organization\",\"name\":\"eJornais\",\"description\":\"Cat\\u00e1logo de Jornais no mundo, Not\\u00edcias, Blog e Esportes ao vivo\",\"url\":\"https:\\\/\\\/ejornais.com.br\\\/\"},{\"@type\":\"Person\",\"@id\":\"https:\\\/\\\/ejornais.com.br\\\/index.php\\\/author\\\/admin1\\\/#author\",\"url\":\"https:\\\/\\\/ejornais.com.br\\\/index.php\\\/author\\\/admin1\\\/\",\"name\":\"admin1\",\"image\":{\"@type\":\"ImageObject\",\"@id\":\"https:\\\/\\\/ejornais.com.br\\\/index.php\\\/2026\\\/05\\\/28\\\/gcm-de-sorocaba-faz-acao-solidaria-de-doacao-de-sangue-em-apoio-a-bebe-com-anemia-hemolitica-autoimune-agencia-de-noticias\\\/#authorImage\",\"url\":\"https:\\\/\\\/secure.gravatar.com\\\/avatar\\\/04084e6d73c042b8646e7c17b494073bf0ede3ea13c7105cfc45cbbbc28385a4?s=96&d=mm&r=g\",\"width\":96,\"height\":96,\"caption\":\"admin1\"}},{\"@type\":\"WebPage\",\"@id\":\"https:\\\/\\\/ejornais.com.br\\\/index.php\\\/2026\\\/05\\\/28\\\/gcm-de-sorocaba-faz-acao-solidaria-de-doacao-de-sangue-em-apoio-a-bebe-com-anemia-hemolitica-autoimune-agencia-de-noticias\\\/#webpage\",\"url\":\"https:\\\/\\\/ejornais.com.br\\\/index.php\\\/2026\\\/05\\\/28\\\/gcm-de-sorocaba-faz-acao-solidaria-de-doacao-de-sangue-em-apoio-a-bebe-com-anemia-hemolitica-autoimune-agencia-de-noticias\\\/\",\"name\":\"GCM de Sorocaba faz a\\u00e7\\u00e3o solid\\u00e1ria de doa\\u00e7\\u00e3o de sangue em apoio a beb\\u00ea com anemia hemol\\u00edtica autoimune \\u2013 Ag\\u00eancia de Not\\u00edcias - eJornais\",\"description\":\"28 de maio de 2026 13:12 Por: Eduardo Santinon (esantinon@sorocaba.sp.gov.br) A Guarda Civil Municipal (GCM) de Sorocaba, por meio da sua Escola de Forma\\u00e7\\u00e3o, Aperfei\\u00e7oamento e Especializa\\u00e7\\u00e3o (Efae), promoveu uma a\\u00e7\\u00e3o volunt\\u00e1ria de doa\\u00e7\\u00e3o de sangue, envolvendo os integrantes da Corpora\\u00e7\\u00e3o, em apoio a um beb\\u00ea de 11 meses de idade, diagnosticado com anemia\",\"inLanguage\":\"pt-BR\",\"isPartOf\":{\"@id\":\"https:\\\/\\\/ejornais.com.br\\\/#website\"},\"breadcrumb\":{\"@id\":\"https:\\\/\\\/ejornais.com.br\\\/index.php\\\/2026\\\/05\\\/28\\\/gcm-de-sorocaba-faz-acao-solidaria-de-doacao-de-sangue-em-apoio-a-bebe-com-anemia-hemolitica-autoimune-agencia-de-noticias\\\/#breadcrumblist\"},\"author\":{\"@id\":\"https:\\\/\\\/ejornais.com.br\\\/index.php\\\/author\\\/admin1\\\/#author\"},\"creator\":{\"@id\":\"https:\\\/\\\/ejornais.com.br\\\/index.php\\\/author\\\/admin1\\\/#author\"},\"datePublished\":\"2026-05-28T13:56:02-03:00\",\"dateModified\":\"2026-05-28T13:56:02-03:00\"},{\"@type\":\"WebSite\",\"@id\":\"https:\\\/\\\/ejornais.com.br\\\/#website\",\"url\":\"https:\\\/\\\/ejornais.com.br\\\/\",\"name\":\"eJornais\",\"description\":\"Cat\\u00e1logo de Jornais no mundo, Not\\u00edcias, Blog e Esportes ao vivo\",\"inLanguage\":\"pt-BR\",\"publisher\":{\"@id\":\"https:\\\/\\\/ejornais.com.br\\\/#organization\"}}]}\n\t\t<\/script>\n\t\t<!-- All in One SEO -->\n\n","aioseo_head_json":{"title":"GCM de Sorocaba faz a\u00e7\u00e3o solid\u00e1ria de doa\u00e7\u00e3o de sangue em apoio a beb\u00ea com anemia hemol\u00edtica autoimune \u2013 Ag\u00eancia de Not\u00edcias - eJornais","description":"28 de maio de 2026 13:12 Por: Eduardo Santinon (esantinon@sorocaba.sp.gov.br) A Guarda Civil Municipal (GCM) de Sorocaba, por meio da sua Escola de Forma\u00e7\u00e3o, Aperfei\u00e7oamento e Especializa\u00e7\u00e3o (Efae), promoveu uma a\u00e7\u00e3o volunt\u00e1ria de doa\u00e7\u00e3o de sangue, envolvendo os integrantes da Corpora\u00e7\u00e3o, em apoio a um beb\u00ea de 11 meses de idade, diagnosticado com anemia","canonical_url":"https:\/\/ejornais.com.br\/index.php\/2026\/05\/28\/gcm-de-sorocaba-faz-acao-solidaria-de-doacao-de-sangue-em-apoio-a-bebe-com-anemia-hemolitica-autoimune-agencia-de-noticias\/","robots":"max-image-preview:large","keywords":"","webmasterTools":{"miscellaneous":""},"schema":{"@context":"https:\/\/schema.org","@graph":[{"@type":"BlogPosting","@id":"https:\/\/ejornais.com.br\/index.php\/2026\/05\/28\/gcm-de-sorocaba-faz-acao-solidaria-de-doacao-de-sangue-em-apoio-a-bebe-com-anemia-hemolitica-autoimune-agencia-de-noticias\/#blogposting","name":"GCM de Sorocaba faz a\u00e7\u00e3o solid\u00e1ria de doa\u00e7\u00e3o de sangue em apoio a beb\u00ea com anemia hemol\u00edtica autoimune \u2013 Ag\u00eancia de Not\u00edcias - eJornais","headline":"GCM de Sorocaba faz a\u00e7\u00e3o solid\u00e1ria de doa\u00e7\u00e3o de sangue em apoio a beb\u00ea com anemia hemol\u00edtica autoimune \u2013 Ag\u00eancia de Not\u00edcias","author":{"@id":"https:\/\/ejornais.com.br\/index.php\/author\/admin1\/#author"},"publisher":{"@id":"https:\/\/ejornais.com.br\/#organization"},"datePublished":"2026-05-28T13:56:02-03:00","dateModified":"2026-05-28T13:56:02-03:00","inLanguage":"pt-BR","mainEntityOfPage":{"@id":"https:\/\/ejornais.com.br\/index.php\/2026\/05\/28\/gcm-de-sorocaba-faz-acao-solidaria-de-doacao-de-sangue-em-apoio-a-bebe-com-anemia-hemolitica-autoimune-agencia-de-noticias\/#webpage"},"isPartOf":{"@id":"https:\/\/ejornais.com.br\/index.php\/2026\/05\/28\/gcm-de-sorocaba-faz-acao-solidaria-de-doacao-de-sangue-em-apoio-a-bebe-com-anemia-hemolitica-autoimune-agencia-de-noticias\/#webpage"},"articleSection":"Cat\u00e1logo de Jornais"},{"@type":"BreadcrumbList","@id":"https:\/\/ejornais.com.br\/index.php\/2026\/05\/28\/gcm-de-sorocaba-faz-acao-solidaria-de-doacao-de-sangue-em-apoio-a-bebe-com-anemia-hemolitica-autoimune-agencia-de-noticias\/#breadcrumblist","itemListElement":[{"@type":"ListItem","@id":"https:\/\/ejornais.com.br#listItem","position":1,"name":"In\u00edcio","item":"https:\/\/ejornais.com.br","nextItem":{"@type":"ListItem","@id":"https:\/\/ejornais.com.br\/index.php\/category\/ejornais\/#listItem","name":"Cat\u00e1logo de Jornais"}},{"@type":"ListItem","@id":"https:\/\/ejornais.com.br\/index.php\/category\/ejornais\/#listItem","position":2,"name":"Cat\u00e1logo de Jornais","item":"https:\/\/ejornais.com.br\/index.php\/category\/ejornais\/","nextItem":{"@type":"ListItem","@id":"https:\/\/ejornais.com.br\/index.php\/2026\/05\/28\/gcm-de-sorocaba-faz-acao-solidaria-de-doacao-de-sangue-em-apoio-a-bebe-com-anemia-hemolitica-autoimune-agencia-de-noticias\/#listItem","name":"GCM de Sorocaba faz a\u00e7\u00e3o solid\u00e1ria de doa\u00e7\u00e3o de sangue em apoio a beb\u00ea com anemia hemol\u00edtica autoimune \u2013 Ag\u00eancia de Not\u00edcias"},"previousItem":{"@type":"ListItem","@id":"https:\/\/ejornais.com.br#listItem","name":"In\u00edcio"}},{"@type":"ListItem","@id":"https:\/\/ejornais.com.br\/index.php\/2026\/05\/28\/gcm-de-sorocaba-faz-acao-solidaria-de-doacao-de-sangue-em-apoio-a-bebe-com-anemia-hemolitica-autoimune-agencia-de-noticias\/#listItem","position":3,"name":"GCM de Sorocaba faz a\u00e7\u00e3o solid\u00e1ria de doa\u00e7\u00e3o de sangue em apoio a beb\u00ea com anemia hemol\u00edtica autoimune \u2013 Ag\u00eancia de Not\u00edcias","previousItem":{"@type":"ListItem","@id":"https:\/\/ejornais.com.br\/index.php\/category\/ejornais\/#listItem","name":"Cat\u00e1logo de Jornais"}}]},{"@type":"Organization","@id":"https:\/\/ejornais.com.br\/#organization","name":"eJornais","description":"Cat\u00e1logo de Jornais no mundo, Not\u00edcias, Blog e Esportes ao vivo","url":"https:\/\/ejornais.com.br\/"},{"@type":"Person","@id":"https:\/\/ejornais.com.br\/index.php\/author\/admin1\/#author","url":"https:\/\/ejornais.com.br\/index.php\/author\/admin1\/","name":"admin1","image":{"@type":"ImageObject","@id":"https:\/\/ejornais.com.br\/index.php\/2026\/05\/28\/gcm-de-sorocaba-faz-acao-solidaria-de-doacao-de-sangue-em-apoio-a-bebe-com-anemia-hemolitica-autoimune-agencia-de-noticias\/#authorImage","url":"https:\/\/secure.gravatar.com\/avatar\/04084e6d73c042b8646e7c17b494073bf0ede3ea13c7105cfc45cbbbc28385a4?s=96&d=mm&r=g","width":96,"height":96,"caption":"admin1"}},{"@type":"WebPage","@id":"https:\/\/ejornais.com.br\/index.php\/2026\/05\/28\/gcm-de-sorocaba-faz-acao-solidaria-de-doacao-de-sangue-em-apoio-a-bebe-com-anemia-hemolitica-autoimune-agencia-de-noticias\/#webpage","url":"https:\/\/ejornais.com.br\/index.php\/2026\/05\/28\/gcm-de-sorocaba-faz-acao-solidaria-de-doacao-de-sangue-em-apoio-a-bebe-com-anemia-hemolitica-autoimune-agencia-de-noticias\/","name":"GCM de Sorocaba faz a\u00e7\u00e3o solid\u00e1ria de doa\u00e7\u00e3o de sangue em apoio a beb\u00ea com anemia hemol\u00edtica autoimune \u2013 Ag\u00eancia de Not\u00edcias - eJornais","description":"28 de maio de 2026 13:12 Por: Eduardo Santinon (esantinon@sorocaba.sp.gov.br) A Guarda Civil Municipal (GCM) de Sorocaba, por meio da sua Escola de Forma\u00e7\u00e3o, Aperfei\u00e7oamento e Especializa\u00e7\u00e3o (Efae), promoveu uma a\u00e7\u00e3o volunt\u00e1ria de doa\u00e7\u00e3o de sangue, envolvendo os integrantes da Corpora\u00e7\u00e3o, em apoio a um beb\u00ea de 11 meses de idade, diagnosticado com anemia","inLanguage":"pt-BR","isPartOf":{"@id":"https:\/\/ejornais.com.br\/#website"},"breadcrumb":{"@id":"https:\/\/ejornais.com.br\/index.php\/2026\/05\/28\/gcm-de-sorocaba-faz-acao-solidaria-de-doacao-de-sangue-em-apoio-a-bebe-com-anemia-hemolitica-autoimune-agencia-de-noticias\/#breadcrumblist"},"author":{"@id":"https:\/\/ejornais.com.br\/index.php\/author\/admin1\/#author"},"creator":{"@id":"https:\/\/ejornais.com.br\/index.php\/author\/admin1\/#author"},"datePublished":"2026-05-28T13:56:02-03:00","dateModified":"2026-05-28T13:56:02-03:00"},{"@type":"WebSite","@id":"https:\/\/ejornais.com.br\/#website","url":"https:\/\/ejornais.com.br\/","name":"eJornais","description":"Cat\u00e1logo de Jornais no mundo, Not\u00edcias, Blog e Esportes ao vivo","inLanguage":"pt-BR","publisher":{"@id":"https:\/\/ejornais.com.br\/#organization"}}]},"og:locale":"pt_BR","og:site_name":"eJornais - Cat\u00e1logo de Jornais no mundo, Not\u00edcias, Blog e Esportes ao vivo","og:type":"article","og:title":"GCM de Sorocaba faz a\u00e7\u00e3o solid\u00e1ria de doa\u00e7\u00e3o de sangue em apoio a beb\u00ea com anemia hemol\u00edtica autoimune \u2013 Ag\u00eancia de Not\u00edcias - eJornais","og:description":"28 de maio de 2026 13:12 Por: Eduardo Santinon (esantinon@sorocaba.sp.gov.br) A Guarda Civil Municipal (GCM) de Sorocaba, por meio da sua Escola de Forma\u00e7\u00e3o, Aperfei\u00e7oamento e Especializa\u00e7\u00e3o (Efae), promoveu uma a\u00e7\u00e3o volunt\u00e1ria de doa\u00e7\u00e3o de sangue, envolvendo os integrantes da Corpora\u00e7\u00e3o, em apoio a um beb\u00ea de 11 meses de idade, diagnosticado com anemia","og:url":"https:\/\/ejornais.com.br\/index.php\/2026\/05\/28\/gcm-de-sorocaba-faz-acao-solidaria-de-doacao-de-sangue-em-apoio-a-bebe-com-anemia-hemolitica-autoimune-agencia-de-noticias\/","article:published_time":"2026-05-28T16:56:02+00:00","article:modified_time":"2026-05-28T16:56:02+00:00","twitter:card":"summary_large_image","twitter:title":"GCM de Sorocaba faz a\u00e7\u00e3o solid\u00e1ria de doa\u00e7\u00e3o de sangue em apoio a beb\u00ea com anemia hemol\u00edtica autoimune \u2013 Ag\u00eancia de Not\u00edcias - eJornais","twitter:description":"28 de maio de 2026 13:12 Por: Eduardo Santinon (esantinon@sorocaba.sp.gov.br) A Guarda Civil Municipal (GCM) de Sorocaba, por meio da sua Escola de Forma\u00e7\u00e3o, Aperfei\u00e7oamento e Especializa\u00e7\u00e3o (Efae), promoveu uma a\u00e7\u00e3o volunt\u00e1ria de doa\u00e7\u00e3o de sangue, envolvendo os integrantes da Corpora\u00e7\u00e3o, em apoio a um beb\u00ea de 11 meses de idade, diagnosticado com anemia"},"aioseo_meta_data":{"post_id":"66580","title":null,"description":null,"keywords":null,"keyphrases":null,"primary_term":null,"canonical_url":null,"og_title":null,"og_description":null,"og_object_type":"default","og_image_type":"default","og_image_url":null,"og_image_width":null,"og_image_height":null,"og_image_custom_url":null,"og_image_custom_fields":null,"og_video":null,"og_custom_url":null,"og_article_section":null,"og_article_tags":null,"twitter_use_og":false,"twitter_card":"default","twitter_image_type":"default","twitter_image_url":null,"twitter_image_custom_url":null,"twitter_image_custom_fields":null,"twitter_title":null,"twitter_description":null,"schema":{"blockGraphs":[],"customGraphs":[],"default":{"data":{"Article":[],"Course":[],"Dataset":[],"FAQPage":[],"Movie":[],"Person":[],"Product":[],"ProductReview":[],"Car":[],"Recipe":[],"Service":[],"SoftwareApplication":[],"WebPage":[]},"graphName":"","isEnabled":true},"graphs":[]},"schema_type":"default","schema_type_options":null,"pillar_content":false,"robots_default":true,"robots_noindex":false,"robots_noarchive":false,"robots_nosnippet":false,"robots_nofollow":false,"robots_noimageindex":false,"robots_noodp":false,"robots_notranslate":false,"robots_max_snippet":null,"robots_max_videopreview":null,"robots_max_imagepreview":"large","priority":null,"frequency":null,"local_seo":null,"breadcrumb_settings":null,"limit_modified_date":false,"ai":null,"created":"2026-05-29 11:22:15","updated":"2026-05-29 11:22:15","seo_analyzer_scan_date":null,"focus_keyword":null,"additional_keywords":null,"truseo_locale":null},"aioseo_breadcrumb":"<div class=\"aioseo-breadcrumbs\"><span class=\"aioseo-breadcrumb\">\n\t\t\t<a href=\"https:\/\/ejornais.com.br\" title=\"In\u00edcio\">In\u00edcio<\/a>\n\t\t<\/span><span class=\"aioseo-breadcrumb-separator\">&raquo;<\/span><span class=\"aioseo-breadcrumb\">\n\t\t\t<a href=\"https:\/\/ejornais.com.br\/index.php\/category\/ejornais\/\" title=\"Cat\u00e1logo de Jornais\">Cat\u00e1logo de Jornais<\/a>\n\t\t<\/span><span class=\"aioseo-breadcrumb-separator\">&raquo;<\/span><span class=\"aioseo-breadcrumb\">\n\t\t\tGCM de Sorocaba faz a\u00e7\u00e3o solid\u00e1ria de doa\u00e7\u00e3o de sangue em apoio a beb\u00ea com anemia hemol\u00edtica autoimune \u2013 Ag\u00eancia de Not\u00edcias\n\t\t<\/span><\/div>","aioseo_breadcrumb_json":[{"label":"In\u00edcio","link":"https:\/\/ejornais.com.br"},{"label":"Cat\u00e1logo de Jornais","link":"https:\/\/ejornais.com.br\/index.php\/category\/ejornais\/"},{"label":"GCM de Sorocaba faz a\u00e7\u00e3o solid\u00e1ria de doa\u00e7\u00e3o de sangue em apoio a beb\u00ea com anemia hemol\u00edtica autoimune \u2013 Ag\u00eancia de Not\u00edcias","link":"https:\/\/ejornais.com.br\/index.php\/2026\/05\/28\/gcm-de-sorocaba-faz-acao-solidaria-de-doacao-de-sangue-em-apoio-a-bebe-com-anemia-hemolitica-autoimune-agencia-de-noticias\/"}],"amp_enabled":true,"_links":{"self":[{"href":"https:\/\/ejornais.com.br\/index.php\/wp-json\/wp\/v2\/posts\/66580","targetHints":{"allow":["GET"]}}],"collection":[{"href":"https:\/\/ejornais.com.br\/index.php\/wp-json\/wp\/v2\/posts"}],"about":[{"href":"https:\/\/ejornais.com.br\/index.php\/wp-json\/wp\/v2\/types\/post"}],"author":[{"embeddable":true,"href":"https:\/\/ejornais.com.br\/index.php\/wp-json\/wp\/v2\/users\/2"}],"replies":[{"embeddable":true,"href":"https:\/\/ejornais.com.br\/index.php\/wp-json\/wp\/v2\/comments?post=66580"}],"version-history":[{"count":0,"href":"https:\/\/ejornais.com.br\/index.php\/wp-json\/wp\/v2\/posts\/66580\/revisions"}],"wp:attachment":[{"href":"https:\/\/ejornais.com.br\/index.php\/wp-json\/wp\/v2\/media?parent=66580"}],"wp:term":[{"taxonomy":"category","embeddable":true,"href":"https:\/\/ejornais.com.br\/index.php\/wp-json\/wp\/v2\/categories?post=66580"},{"taxonomy":"post_tag","embeddable":true,"href":"https:\/\/ejornais.com.br\/index.php\/wp-json\/wp\/v2\/tags?post=66580"}],"curies":[{"name":"wp","href":"https:\/\/api.w.org\/{rel}","templated":true}]}}