{"id":66660,"date":"2026-05-29T20:05:16","date_gmt":"2026-05-29T23:05:16","guid":{"rendered":"https:\/\/ejornais.com.br\/index.php\/2026\/05\/29\/gestao-sustentavel-ganha-forca-em-campo-grande-cgnoticias\/"},"modified":"2026-05-29T20:05:16","modified_gmt":"2026-05-29T23:05:16","slug":"gestao-sustentavel-ganha-forca-em-campo-grande-cgnoticias","status":"publish","type":"post","link":"https:\/\/ejornais.com.br\/index.php\/2026\/05\/29\/gestao-sustentavel-ganha-forca-em-campo-grande-cgnoticias\/","title":{"rendered":"Gest\u00e3o sustent\u00e1vel ganha for\u00e7a em Campo Grande \u2013 CGNot\u00edcias"},"content":{"rendered":"<p><\/p>\n<div>\n<p>A Prefeitura de Campo Grande segue consolidando a\u00e7\u00f5es voltadas \u00e0 sustentabilidade, inova\u00e7\u00e3o e moderniza\u00e7\u00e3o da gest\u00e3o p\u00fablica. O compromisso do munic\u00edpio com pr\u00e1ticas alinhadas aos princ\u00edpios ambientais, sociais e de governan\u00e7a (ESG) foi refor\u00e7ado durante a participa\u00e7\u00e3o da Secretaria Municipal de Meio Ambiente, Gest\u00e3o Urbana e Desenvolvimento Econ\u00f4mico, Tur\u00edstico e Sustent\u00e1vel (Semades) no 1\u00ba Semin\u00e1rio Construindo a Sustentabilidade na Gest\u00e3o P\u00fablica, realizado nesta sexta-feira (29) pelo o Tribunal de Contas de Mato Grosso do Sul (TCE-MS).<\/p>\n<p>O evento reuniu gestores e servidores p\u00fablicos para discutir a integra\u00e7\u00e3o de pr\u00e1ticas sustent\u00e1veis nas rotinas administrativas, nos processos de compras p\u00fablicas e na formula\u00e7\u00e3o de pol\u00edticas p\u00fablicas, fortalecendo uma administra\u00e7\u00e3o mais eficiente, transparente e alinhada aos Objetivos de Desenvolvimento Sustent\u00e1vel (ODS).<\/p>\n<p>Durante o semin\u00e1rio, foram debatidas estrat\u00e9gias que j\u00e1 v\u00eam sendo implementadas pela Prefeitura de Campo Grande em diferentes \u00e1reas da administra\u00e7\u00e3o municipal, demonstrando que o munic\u00edpio acompanha uma agenda moderna de governan\u00e7a e sustentabilidade.<\/p>\n<p>Entre os modelos j\u00e1 utilizados pela gest\u00e3o municipal est\u00e1 a ado\u00e7\u00e3o de crit\u00e9rios sustent\u00e1veis nas contrata\u00e7\u00f5es p\u00fablicas, iniciativa que fortalece a responsabilidade socioambiental nas aquisi\u00e7\u00f5es e servi\u00e7os realizados pelo munic\u00edpio. A medida busca incentivar pr\u00e1ticas mais conscientes e sustent\u00e1veis dentro da administra\u00e7\u00e3o p\u00fablica.<\/p>\n<figure class=\"wp-block-image size-large\"><\/figure>\n<p>A moderniza\u00e7\u00e3o de processos administrativos tamb\u00e9m integra esse conjunto de a\u00e7\u00f5es. A Prefeitura vem investindo em medidas que simplificam procedimentos, reduzem burocracias e tornam mais \u00e1gil o atendimento aos cidad\u00e3os e investidores, fortalecendo o ambiente de neg\u00f3cios e promovendo desenvolvimento sustent\u00e1vel, como por exemplo a digitaliza\u00e7\u00e3o total dos processos cartogr\u00e1ficos, que passaram a tramitar exclusivamente em meio eletr\u00f4nico.<\/p>\n<p>Outro destaque \u00e9 a implanta\u00e7\u00e3o de solu\u00e7\u00f5es inovadoras de drenagem urbana sustent\u00e1vel, como os jardins de chuva, que auxiliam no escoamento das \u00e1guas pluviais, contribuem para a redu\u00e7\u00e3o de alagamentos e promovem benef\u00edcios ambientais e urban\u00edsticos para a cidade.<\/p>\n<p>O secret\u00e1rio municipal de Meio Ambiente, Gest\u00e3o Urbana e Desenvolvimento Econ\u00f4mico, Tur\u00edstico e Sustent\u00e1vel (Semades), Ademar Silva Junior, comentou sobre a import\u00e2ncia da pauta ESG na administra\u00e7\u00e3o p\u00fablica e as iniciativas concretas voltadas \u00e0 sustentabilidade e \u00e0 inova\u00e7\u00e3o na gest\u00e3o municipal \u201cParticipar deste semin\u00e1rio \u00e9 uma oportunidade importante para compartilhar experi\u00eancias e tamb\u00e9m conhecer pr\u00e1ticas que fortalecem a gest\u00e3o p\u00fablica sustent\u00e1vel. Campo Grande j\u00e1 vem avan\u00e7ando nessa agenda, com a\u00e7\u00f5es que unem responsabilidade ambiental, moderniza\u00e7\u00e3o administrativa e desenvolvimento econ\u00f4mico sustent\u00e1vel. Um exemplo s\u00e3o os avan\u00e7os tecnol\u00f3gicos na \u00e1rea urban\u00edstica que t\u00eam contribu\u00eddo para tornar os processos mais eficientes, transparentes e integrados, auxiliando no planejamento urbano e ambiental da Capital\u201d.<\/p>\n<p>A participa\u00e7\u00e3o da Prefeitura no semin\u00e1rio refor\u00e7a o compromisso da gest\u00e3o municipal em ampliar pol\u00edticas p\u00fablicas voltadas \u00e0 sustentabilidade, inova\u00e7\u00e3o e efici\u00eancia administrativa, promovendo uma cidade cada vez mais preparada para os desafios do futuro.<\/p>\n<\/div>\n<p><script async defer async defer src=\"https:\/\/connect.facebook.net\/en_US\/sdk.js?ver=1#xfbml=1&amp;version=v3.2\" id=\"prefeitura-campogrande-script-facebook-sdk-js\"><\/script><\/p>\n","protected":false},"excerpt":{"rendered":"<p>A Prefeitura de Campo Grande segue consolidando a\u00e7\u00f5es voltadas \u00e0 sustentabilidade, inova\u00e7\u00e3o e moderniza\u00e7\u00e3o da gest\u00e3o p\u00fablica. O compromisso do<\/p>\n","protected":false},"author":2,"featured_media":0,"comment_status":"","ping_status":"","sticky":false,"template":"","format":"standard","meta":{"colormag_page_container_layout":"default_layout","colormag_page_sidebar_layout":"default_layout","footnotes":""},"categories":[1],"tags":[],"class_list":["post-66660","post","type-post","status-publish","format-standard","hentry","category-ejornais"],"aioseo_notices":[],"aioseo_head":"\n\t\t<!-- All in One SEO 5.0.1.1 - aioseo.com -->\n\t<meta name=\"description\" content=\"A Prefeitura de Campo Grande segue consolidando a\u00e7\u00f5es voltadas \u00e0 sustentabilidade, inova\u00e7\u00e3o e moderniza\u00e7\u00e3o da gest\u00e3o p\u00fablica. O compromisso do munic\u00edpio com pr\u00e1ticas alinhadas aos princ\u00edpios ambientais, sociais e de governan\u00e7a (ESG) foi refor\u00e7ado durante a participa\u00e7\u00e3o da Secretaria Municipal de Meio Ambiente, Gest\u00e3o Urbana e Desenvolvimento Econ\u00f4mico, Tur\u00edstico e Sustent\u00e1vel (Semades) no 1\u00ba Semin\u00e1rio\" \/>\n\t<meta name=\"robots\" content=\"max-image-preview:large\" \/>\n\t<meta name=\"author\" content=\"admin1\"\/>\n\t<link rel=\"canonical\" href=\"https:\/\/ejornais.com.br\/index.php\/2026\/05\/29\/gestao-sustentavel-ganha-forca-em-campo-grande-cgnoticias\/\" \/>\n\t<meta name=\"generator\" content=\"All in One SEO (AIOSEO) 5.0.1.1\" \/>\n\t\t<meta property=\"og:locale\" content=\"pt_BR\" \/>\n\t\t<meta property=\"og:site_name\" content=\"eJornais - Cat\u00e1logo de Jornais no mundo, Not\u00edcias, Blog e Esportes ao vivo\" \/>\n\t\t<meta property=\"og:type\" content=\"article\" \/>\n\t\t<meta property=\"og:title\" content=\"Gest\u00e3o sustent\u00e1vel ganha for\u00e7a em Campo Grande \u2013 CGNot\u00edcias - eJornais\" \/>\n\t\t<meta property=\"og:description\" content=\"A Prefeitura de Campo Grande segue consolidando a\u00e7\u00f5es voltadas \u00e0 sustentabilidade, inova\u00e7\u00e3o e moderniza\u00e7\u00e3o da gest\u00e3o p\u00fablica. O compromisso do munic\u00edpio com pr\u00e1ticas alinhadas aos princ\u00edpios ambientais, sociais e de governan\u00e7a (ESG) foi refor\u00e7ado durante a participa\u00e7\u00e3o da Secretaria Municipal de Meio Ambiente, Gest\u00e3o Urbana e Desenvolvimento Econ\u00f4mico, Tur\u00edstico e Sustent\u00e1vel (Semades) no 1\u00ba Semin\u00e1rio\" \/>\n\t\t<meta property=\"og:url\" content=\"https:\/\/ejornais.com.br\/index.php\/2026\/05\/29\/gestao-sustentavel-ganha-forca-em-campo-grande-cgnoticias\/\" \/>\n\t\t<meta property=\"article:published_time\" content=\"2026-05-29T23:05:16+00:00\" \/>\n\t\t<meta property=\"article:modified_time\" content=\"2026-05-29T23:05:16+00:00\" \/>\n\t\t<meta name=\"twitter:card\" content=\"summary_large_image\" \/>\n\t\t<meta name=\"twitter:title\" content=\"Gest\u00e3o sustent\u00e1vel ganha for\u00e7a em Campo Grande \u2013 CGNot\u00edcias - eJornais\" \/>\n\t\t<meta name=\"twitter:description\" content=\"A Prefeitura de Campo Grande segue consolidando a\u00e7\u00f5es voltadas \u00e0 sustentabilidade, inova\u00e7\u00e3o e moderniza\u00e7\u00e3o da gest\u00e3o p\u00fablica. O compromisso do munic\u00edpio com pr\u00e1ticas alinhadas aos princ\u00edpios ambientais, sociais e de governan\u00e7a (ESG) foi refor\u00e7ado durante a participa\u00e7\u00e3o da Secretaria Municipal de Meio Ambiente, Gest\u00e3o Urbana e Desenvolvimento Econ\u00f4mico, Tur\u00edstico e Sustent\u00e1vel (Semades) no 1\u00ba Semin\u00e1rio\" \/>\n\t\t<script type=\"application\/ld+json\" class=\"aioseo-schema\">\n\t\t\t{\"@context\":\"https:\\\/\\\/schema.org\",\"@graph\":[{\"@type\":\"BlogPosting\",\"@id\":\"https:\\\/\\\/ejornais.com.br\\\/index.php\\\/2026\\\/05\\\/29\\\/gestao-sustentavel-ganha-forca-em-campo-grande-cgnoticias\\\/#blogposting\",\"name\":\"Gest\\u00e3o sustent\\u00e1vel ganha for\\u00e7a em Campo Grande \\u2013 CGNot\\u00edcias - eJornais\",\"headline\":\"Gest\\u00e3o sustent\\u00e1vel ganha for\\u00e7a em Campo Grande \\u2013 CGNot\\u00edcias\",\"author\":{\"@id\":\"https:\\\/\\\/ejornais.com.br\\\/index.php\\\/author\\\/admin1\\\/#author\"},\"publisher\":{\"@id\":\"https:\\\/\\\/ejornais.com.br\\\/#organization\"},\"datePublished\":\"2026-05-29T20:05:16-03:00\",\"dateModified\":\"2026-05-29T20:05:16-03:00\",\"inLanguage\":\"pt-BR\",\"mainEntityOfPage\":{\"@id\":\"https:\\\/\\\/ejornais.com.br\\\/index.php\\\/2026\\\/05\\\/29\\\/gestao-sustentavel-ganha-forca-em-campo-grande-cgnoticias\\\/#webpage\"},\"isPartOf\":{\"@id\":\"https:\\\/\\\/ejornais.com.br\\\/index.php\\\/2026\\\/05\\\/29\\\/gestao-sustentavel-ganha-forca-em-campo-grande-cgnoticias\\\/#webpage\"},\"articleSection\":\"Cat\\u00e1logo de Jornais\"},{\"@type\":\"BreadcrumbList\",\"@id\":\"https:\\\/\\\/ejornais.com.br\\\/index.php\\\/2026\\\/05\\\/29\\\/gestao-sustentavel-ganha-forca-em-campo-grande-cgnoticias\\\/#breadcrumblist\",\"itemListElement\":[{\"@type\":\"ListItem\",\"@id\":\"https:\\\/\\\/ejornais.com.br#listItem\",\"position\":1,\"name\":\"In\\u00edcio\",\"item\":\"https:\\\/\\\/ejornais.com.br\",\"nextItem\":{\"@type\":\"ListItem\",\"@id\":\"https:\\\/\\\/ejornais.com.br\\\/index.php\\\/category\\\/ejornais\\\/#listItem\",\"name\":\"Cat\\u00e1logo de Jornais\"}},{\"@type\":\"ListItem\",\"@id\":\"https:\\\/\\\/ejornais.com.br\\\/index.php\\\/category\\\/ejornais\\\/#listItem\",\"position\":2,\"name\":\"Cat\\u00e1logo de Jornais\",\"item\":\"https:\\\/\\\/ejornais.com.br\\\/index.php\\\/category\\\/ejornais\\\/\",\"nextItem\":{\"@type\":\"ListItem\",\"@id\":\"https:\\\/\\\/ejornais.com.br\\\/index.php\\\/2026\\\/05\\\/29\\\/gestao-sustentavel-ganha-forca-em-campo-grande-cgnoticias\\\/#listItem\",\"name\":\"Gest\\u00e3o sustent\\u00e1vel ganha for\\u00e7a em Campo Grande \\u2013 CGNot\\u00edcias\"},\"previousItem\":{\"@type\":\"ListItem\",\"@id\":\"https:\\\/\\\/ejornais.com.br#listItem\",\"name\":\"In\\u00edcio\"}},{\"@type\":\"ListItem\",\"@id\":\"https:\\\/\\\/ejornais.com.br\\\/index.php\\\/2026\\\/05\\\/29\\\/gestao-sustentavel-ganha-forca-em-campo-grande-cgnoticias\\\/#listItem\",\"position\":3,\"name\":\"Gest\\u00e3o sustent\\u00e1vel ganha for\\u00e7a em Campo Grande \\u2013 CGNot\\u00edcias\",\"previousItem\":{\"@type\":\"ListItem\",\"@id\":\"https:\\\/\\\/ejornais.com.br\\\/index.php\\\/category\\\/ejornais\\\/#listItem\",\"name\":\"Cat\\u00e1logo de Jornais\"}}]},{\"@type\":\"Organization\",\"@id\":\"https:\\\/\\\/ejornais.com.br\\\/#organization\",\"name\":\"eJornais\",\"description\":\"Cat\\u00e1logo de Jornais no mundo, Not\\u00edcias, Blog e Esportes ao vivo\",\"url\":\"https:\\\/\\\/ejornais.com.br\\\/\"},{\"@type\":\"Person\",\"@id\":\"https:\\\/\\\/ejornais.com.br\\\/index.php\\\/author\\\/admin1\\\/#author\",\"url\":\"https:\\\/\\\/ejornais.com.br\\\/index.php\\\/author\\\/admin1\\\/\",\"name\":\"admin1\",\"image\":{\"@type\":\"ImageObject\",\"@id\":\"https:\\\/\\\/ejornais.com.br\\\/index.php\\\/2026\\\/05\\\/29\\\/gestao-sustentavel-ganha-forca-em-campo-grande-cgnoticias\\\/#authorImage\",\"url\":\"https:\\\/\\\/secure.gravatar.com\\\/avatar\\\/04084e6d73c042b8646e7c17b494073bf0ede3ea13c7105cfc45cbbbc28385a4?s=96&d=mm&r=g\",\"width\":96,\"height\":96,\"caption\":\"admin1\"}},{\"@type\":\"WebPage\",\"@id\":\"https:\\\/\\\/ejornais.com.br\\\/index.php\\\/2026\\\/05\\\/29\\\/gestao-sustentavel-ganha-forca-em-campo-grande-cgnoticias\\\/#webpage\",\"url\":\"https:\\\/\\\/ejornais.com.br\\\/index.php\\\/2026\\\/05\\\/29\\\/gestao-sustentavel-ganha-forca-em-campo-grande-cgnoticias\\\/\",\"name\":\"Gest\\u00e3o sustent\\u00e1vel ganha for\\u00e7a em Campo Grande \\u2013 CGNot\\u00edcias - eJornais\",\"description\":\"A Prefeitura de Campo Grande segue consolidando a\\u00e7\\u00f5es voltadas \\u00e0 sustentabilidade, inova\\u00e7\\u00e3o e moderniza\\u00e7\\u00e3o da gest\\u00e3o p\\u00fablica. O compromisso do munic\\u00edpio com pr\\u00e1ticas alinhadas aos princ\\u00edpios ambientais, sociais e de governan\\u00e7a (ESG) foi refor\\u00e7ado durante a participa\\u00e7\\u00e3o da Secretaria Municipal de Meio Ambiente, Gest\\u00e3o Urbana e Desenvolvimento Econ\\u00f4mico, Tur\\u00edstico e Sustent\\u00e1vel (Semades) no 1\\u00ba Semin\\u00e1rio\",\"inLanguage\":\"pt-BR\",\"isPartOf\":{\"@id\":\"https:\\\/\\\/ejornais.com.br\\\/#website\"},\"breadcrumb\":{\"@id\":\"https:\\\/\\\/ejornais.com.br\\\/index.php\\\/2026\\\/05\\\/29\\\/gestao-sustentavel-ganha-forca-em-campo-grande-cgnoticias\\\/#breadcrumblist\"},\"author\":{\"@id\":\"https:\\\/\\\/ejornais.com.br\\\/index.php\\\/author\\\/admin1\\\/#author\"},\"creator\":{\"@id\":\"https:\\\/\\\/ejornais.com.br\\\/index.php\\\/author\\\/admin1\\\/#author\"},\"datePublished\":\"2026-05-29T20:05:16-03:00\",\"dateModified\":\"2026-05-29T20:05:16-03:00\"},{\"@type\":\"WebSite\",\"@id\":\"https:\\\/\\\/ejornais.com.br\\\/#website\",\"url\":\"https:\\\/\\\/ejornais.com.br\\\/\",\"name\":\"eJornais\",\"description\":\"Cat\\u00e1logo de Jornais no mundo, Not\\u00edcias, Blog e Esportes ao vivo\",\"inLanguage\":\"pt-BR\",\"publisher\":{\"@id\":\"https:\\\/\\\/ejornais.com.br\\\/#organization\"}}]}\n\t\t<\/script>\n\t\t<!-- All in One SEO -->\n\n","aioseo_head_json":{"title":"Gest\u00e3o sustent\u00e1vel ganha for\u00e7a em Campo Grande \u2013 CGNot\u00edcias - eJornais","description":"A Prefeitura de Campo Grande segue consolidando a\u00e7\u00f5es voltadas \u00e0 sustentabilidade, inova\u00e7\u00e3o e moderniza\u00e7\u00e3o da gest\u00e3o p\u00fablica. O compromisso do munic\u00edpio com pr\u00e1ticas alinhadas aos princ\u00edpios ambientais, sociais e de governan\u00e7a (ESG) foi refor\u00e7ado durante a participa\u00e7\u00e3o da Secretaria Municipal de Meio Ambiente, Gest\u00e3o Urbana e Desenvolvimento Econ\u00f4mico, Tur\u00edstico e Sustent\u00e1vel (Semades) no 1\u00ba Semin\u00e1rio","canonical_url":"https:\/\/ejornais.com.br\/index.php\/2026\/05\/29\/gestao-sustentavel-ganha-forca-em-campo-grande-cgnoticias\/","robots":"max-image-preview:large","keywords":"","webmasterTools":{"miscellaneous":""},"schema":{"@context":"https:\/\/schema.org","@graph":[{"@type":"BlogPosting","@id":"https:\/\/ejornais.com.br\/index.php\/2026\/05\/29\/gestao-sustentavel-ganha-forca-em-campo-grande-cgnoticias\/#blogposting","name":"Gest\u00e3o sustent\u00e1vel ganha for\u00e7a em Campo Grande \u2013 CGNot\u00edcias - eJornais","headline":"Gest\u00e3o sustent\u00e1vel ganha for\u00e7a em Campo Grande \u2013 CGNot\u00edcias","author":{"@id":"https:\/\/ejornais.com.br\/index.php\/author\/admin1\/#author"},"publisher":{"@id":"https:\/\/ejornais.com.br\/#organization"},"datePublished":"2026-05-29T20:05:16-03:00","dateModified":"2026-05-29T20:05:16-03:00","inLanguage":"pt-BR","mainEntityOfPage":{"@id":"https:\/\/ejornais.com.br\/index.php\/2026\/05\/29\/gestao-sustentavel-ganha-forca-em-campo-grande-cgnoticias\/#webpage"},"isPartOf":{"@id":"https:\/\/ejornais.com.br\/index.php\/2026\/05\/29\/gestao-sustentavel-ganha-forca-em-campo-grande-cgnoticias\/#webpage"},"articleSection":"Cat\u00e1logo de Jornais"},{"@type":"BreadcrumbList","@id":"https:\/\/ejornais.com.br\/index.php\/2026\/05\/29\/gestao-sustentavel-ganha-forca-em-campo-grande-cgnoticias\/#breadcrumblist","itemListElement":[{"@type":"ListItem","@id":"https:\/\/ejornais.com.br#listItem","position":1,"name":"In\u00edcio","item":"https:\/\/ejornais.com.br","nextItem":{"@type":"ListItem","@id":"https:\/\/ejornais.com.br\/index.php\/category\/ejornais\/#listItem","name":"Cat\u00e1logo de Jornais"}},{"@type":"ListItem","@id":"https:\/\/ejornais.com.br\/index.php\/category\/ejornais\/#listItem","position":2,"name":"Cat\u00e1logo de Jornais","item":"https:\/\/ejornais.com.br\/index.php\/category\/ejornais\/","nextItem":{"@type":"ListItem","@id":"https:\/\/ejornais.com.br\/index.php\/2026\/05\/29\/gestao-sustentavel-ganha-forca-em-campo-grande-cgnoticias\/#listItem","name":"Gest\u00e3o sustent\u00e1vel ganha for\u00e7a em Campo Grande \u2013 CGNot\u00edcias"},"previousItem":{"@type":"ListItem","@id":"https:\/\/ejornais.com.br#listItem","name":"In\u00edcio"}},{"@type":"ListItem","@id":"https:\/\/ejornais.com.br\/index.php\/2026\/05\/29\/gestao-sustentavel-ganha-forca-em-campo-grande-cgnoticias\/#listItem","position":3,"name":"Gest\u00e3o sustent\u00e1vel ganha for\u00e7a em Campo Grande \u2013 CGNot\u00edcias","previousItem":{"@type":"ListItem","@id":"https:\/\/ejornais.com.br\/index.php\/category\/ejornais\/#listItem","name":"Cat\u00e1logo de Jornais"}}]},{"@type":"Organization","@id":"https:\/\/ejornais.com.br\/#organization","name":"eJornais","description":"Cat\u00e1logo de Jornais no mundo, Not\u00edcias, Blog e Esportes ao vivo","url":"https:\/\/ejornais.com.br\/"},{"@type":"Person","@id":"https:\/\/ejornais.com.br\/index.php\/author\/admin1\/#author","url":"https:\/\/ejornais.com.br\/index.php\/author\/admin1\/","name":"admin1","image":{"@type":"ImageObject","@id":"https:\/\/ejornais.com.br\/index.php\/2026\/05\/29\/gestao-sustentavel-ganha-forca-em-campo-grande-cgnoticias\/#authorImage","url":"https:\/\/secure.gravatar.com\/avatar\/04084e6d73c042b8646e7c17b494073bf0ede3ea13c7105cfc45cbbbc28385a4?s=96&d=mm&r=g","width":96,"height":96,"caption":"admin1"}},{"@type":"WebPage","@id":"https:\/\/ejornais.com.br\/index.php\/2026\/05\/29\/gestao-sustentavel-ganha-forca-em-campo-grande-cgnoticias\/#webpage","url":"https:\/\/ejornais.com.br\/index.php\/2026\/05\/29\/gestao-sustentavel-ganha-forca-em-campo-grande-cgnoticias\/","name":"Gest\u00e3o sustent\u00e1vel ganha for\u00e7a em Campo Grande \u2013 CGNot\u00edcias - eJornais","description":"A Prefeitura de Campo Grande segue consolidando a\u00e7\u00f5es voltadas \u00e0 sustentabilidade, inova\u00e7\u00e3o e moderniza\u00e7\u00e3o da gest\u00e3o p\u00fablica. O compromisso do munic\u00edpio com pr\u00e1ticas alinhadas aos princ\u00edpios ambientais, sociais e de governan\u00e7a (ESG) foi refor\u00e7ado durante a participa\u00e7\u00e3o da Secretaria Municipal de Meio Ambiente, Gest\u00e3o Urbana e Desenvolvimento Econ\u00f4mico, Tur\u00edstico e Sustent\u00e1vel (Semades) no 1\u00ba Semin\u00e1rio","inLanguage":"pt-BR","isPartOf":{"@id":"https:\/\/ejornais.com.br\/#website"},"breadcrumb":{"@id":"https:\/\/ejornais.com.br\/index.php\/2026\/05\/29\/gestao-sustentavel-ganha-forca-em-campo-grande-cgnoticias\/#breadcrumblist"},"author":{"@id":"https:\/\/ejornais.com.br\/index.php\/author\/admin1\/#author"},"creator":{"@id":"https:\/\/ejornais.com.br\/index.php\/author\/admin1\/#author"},"datePublished":"2026-05-29T20:05:16-03:00","dateModified":"2026-05-29T20:05:16-03:00"},{"@type":"WebSite","@id":"https:\/\/ejornais.com.br\/#website","url":"https:\/\/ejornais.com.br\/","name":"eJornais","description":"Cat\u00e1logo de Jornais no mundo, Not\u00edcias, Blog e Esportes ao vivo","inLanguage":"pt-BR","publisher":{"@id":"https:\/\/ejornais.com.br\/#organization"}}]},"og:locale":"pt_BR","og:site_name":"eJornais - Cat\u00e1logo de Jornais no mundo, Not\u00edcias, Blog e Esportes ao vivo","og:type":"article","og:title":"Gest\u00e3o sustent\u00e1vel ganha for\u00e7a em Campo Grande \u2013 CGNot\u00edcias - eJornais","og:description":"A Prefeitura de Campo Grande segue consolidando a\u00e7\u00f5es voltadas \u00e0 sustentabilidade, inova\u00e7\u00e3o e moderniza\u00e7\u00e3o da gest\u00e3o p\u00fablica. O compromisso do munic\u00edpio com pr\u00e1ticas alinhadas aos princ\u00edpios ambientais, sociais e de governan\u00e7a (ESG) foi refor\u00e7ado durante a participa\u00e7\u00e3o da Secretaria Municipal de Meio Ambiente, Gest\u00e3o Urbana e Desenvolvimento Econ\u00f4mico, Tur\u00edstico e Sustent\u00e1vel (Semades) no 1\u00ba Semin\u00e1rio","og:url":"https:\/\/ejornais.com.br\/index.php\/2026\/05\/29\/gestao-sustentavel-ganha-forca-em-campo-grande-cgnoticias\/","article:published_time":"2026-05-29T23:05:16+00:00","article:modified_time":"2026-05-29T23:05:16+00:00","twitter:card":"summary_large_image","twitter:title":"Gest\u00e3o sustent\u00e1vel ganha for\u00e7a em Campo Grande \u2013 CGNot\u00edcias - eJornais","twitter:description":"A Prefeitura de Campo Grande segue consolidando a\u00e7\u00f5es voltadas \u00e0 sustentabilidade, inova\u00e7\u00e3o e moderniza\u00e7\u00e3o da gest\u00e3o p\u00fablica. O compromisso do munic\u00edpio com pr\u00e1ticas alinhadas aos princ\u00edpios ambientais, sociais e de governan\u00e7a (ESG) foi refor\u00e7ado durante a participa\u00e7\u00e3o da Secretaria Municipal de Meio Ambiente, Gest\u00e3o Urbana e Desenvolvimento Econ\u00f4mico, Tur\u00edstico e Sustent\u00e1vel (Semades) no 1\u00ba Semin\u00e1rio"},"aioseo_meta_data":{"post_id":"66660","title":null,"description":null,"keywords":null,"keyphrases":null,"primary_term":null,"canonical_url":null,"og_title":null,"og_description":null,"og_object_type":"default","og_image_type":"default","og_image_url":null,"og_image_width":null,"og_image_height":null,"og_image_custom_url":null,"og_image_custom_fields":null,"og_video":null,"og_custom_url":null,"og_article_section":null,"og_article_tags":null,"twitter_use_og":false,"twitter_card":"default","twitter_image_type":"default","twitter_image_url":null,"twitter_image_custom_url":null,"twitter_image_custom_fields":null,"twitter_title":null,"twitter_description":null,"schema":{"blockGraphs":[],"customGraphs":[],"default":{"data":{"Article":[],"Course":[],"Dataset":[],"FAQPage":[],"Movie":[],"Person":[],"Product":[],"ProductReview":[],"Car":[],"Recipe":[],"Service":[],"SoftwareApplication":[],"WebPage":[]},"graphName":"","isEnabled":true},"graphs":[]},"schema_type":"default","schema_type_options":null,"pillar_content":false,"robots_default":true,"robots_noindex":false,"robots_noarchive":false,"robots_nosnippet":false,"robots_nofollow":false,"robots_noimageindex":false,"robots_noodp":false,"robots_notranslate":false,"robots_max_snippet":null,"robots_max_videopreview":null,"robots_max_imagepreview":"large","priority":null,"frequency":null,"local_seo":null,"breadcrumb_settings":null,"limit_modified_date":false,"ai":null,"created":"2026-05-29 23:06:16","updated":"2026-05-29 23:06:16","seo_analyzer_scan_date":null,"focus_keyword":null,"additional_keywords":null,"truseo_locale":null},"aioseo_breadcrumb":"<div class=\"aioseo-breadcrumbs\"><span class=\"aioseo-breadcrumb\">\n\t\t\t<a href=\"https:\/\/ejornais.com.br\" title=\"In\u00edcio\">In\u00edcio<\/a>\n\t\t<\/span><span class=\"aioseo-breadcrumb-separator\">&raquo;<\/span><span class=\"aioseo-breadcrumb\">\n\t\t\t<a href=\"https:\/\/ejornais.com.br\/index.php\/category\/ejornais\/\" title=\"Cat\u00e1logo de Jornais\">Cat\u00e1logo de Jornais<\/a>\n\t\t<\/span><span class=\"aioseo-breadcrumb-separator\">&raquo;<\/span><span class=\"aioseo-breadcrumb\">\n\t\t\tGest\u00e3o sustent\u00e1vel ganha for\u00e7a em Campo Grande \u2013 CGNot\u00edcias\n\t\t<\/span><\/div>","aioseo_breadcrumb_json":[{"label":"In\u00edcio","link":"https:\/\/ejornais.com.br"},{"label":"Cat\u00e1logo de Jornais","link":"https:\/\/ejornais.com.br\/index.php\/category\/ejornais\/"},{"label":"Gest\u00e3o sustent\u00e1vel ganha for\u00e7a em Campo Grande \u2013 CGNot\u00edcias","link":"https:\/\/ejornais.com.br\/index.php\/2026\/05\/29\/gestao-sustentavel-ganha-forca-em-campo-grande-cgnoticias\/"}],"amp_enabled":true,"_links":{"self":[{"href":"https:\/\/ejornais.com.br\/index.php\/wp-json\/wp\/v2\/posts\/66660","targetHints":{"allow":["GET"]}}],"collection":[{"href":"https:\/\/ejornais.com.br\/index.php\/wp-json\/wp\/v2\/posts"}],"about":[{"href":"https:\/\/ejornais.com.br\/index.php\/wp-json\/wp\/v2\/types\/post"}],"author":[{"embeddable":true,"href":"https:\/\/ejornais.com.br\/index.php\/wp-json\/wp\/v2\/users\/2"}],"replies":[{"embeddable":true,"href":"https:\/\/ejornais.com.br\/index.php\/wp-json\/wp\/v2\/comments?post=66660"}],"version-history":[{"count":0,"href":"https:\/\/ejornais.com.br\/index.php\/wp-json\/wp\/v2\/posts\/66660\/revisions"}],"wp:attachment":[{"href":"https:\/\/ejornais.com.br\/index.php\/wp-json\/wp\/v2\/media?parent=66660"}],"wp:term":[{"taxonomy":"category","embeddable":true,"href":"https:\/\/ejornais.com.br\/index.php\/wp-json\/wp\/v2\/categories?post=66660"},{"taxonomy":"post_tag","embeddable":true,"href":"https:\/\/ejornais.com.br\/index.php\/wp-json\/wp\/v2\/tags?post=66660"}],"curies":[{"name":"wp","href":"https:\/\/api.w.org\/{rel}","templated":true}]}}