{"id":67250,"date":"2026-06-10T07:27:46","date_gmt":"2026-06-10T10:27:46","guid":{"rendered":"https:\/\/ejornais.com.br\/index.php\/2026\/06\/10\/ms-lidera-debate-nacional-sobre-compras-publicas-sustentaveis-e-fortalece-municipalismo-agencia-de-noticias-do-governo-de-mato-grosso-do-sul\/"},"modified":"2026-06-10T07:27:46","modified_gmt":"2026-06-10T10:27:46","slug":"ms-lidera-debate-nacional-sobre-compras-publicas-sustentaveis-e-fortalece-municipalismo-agencia-de-noticias-do-governo-de-mato-grosso-do-sul","status":"publish","type":"post","link":"https:\/\/ejornais.com.br\/index.php\/2026\/06\/10\/ms-lidera-debate-nacional-sobre-compras-publicas-sustentaveis-e-fortalece-municipalismo-agencia-de-noticias-do-governo-de-mato-grosso-do-sul\/","title":{"rendered":"MS lidera debate nacional sobre compras p\u00fablicas sustent\u00e1veis e fortalece municipalismo \u2013 Ag\u00eancia de Noticias do Governo de Mato Grosso do Sul"},"content":{"rendered":"<p><\/p>\n<div>\n<p style=\"text-align: center;\"><em>Licicomp e Congresso dos Munic\u00edpios re\u00fanem gestores, especialistas e lideran\u00e7as para discutir inova\u00e7\u00e3o, efici\u00eancia administrativa e desenvolvimento regional nos 79 munic\u00edpios<\/em><\/p>\n<p>Mato Grosso do Sul voltou a se posicionar como refer\u00eancia nacional em moderniza\u00e7\u00e3o da gest\u00e3o p\u00fablica ao sediar, ter\u00e7a-feira (9), em Campo Grande, o 2\u00ba Licicomp \u2013 Congresso Estadual de Licita\u00e7\u00f5es e Compras P\u00fablicas, realizado simultaneamente \u00e0 4\u00aa edi\u00e7\u00e3o do Congresso dos Munic\u00edpios de Mato Grosso do Sul.<\/p>\n<p>Promovidos pela Assomasul, Sebrae\/MS e Governo do Estado, os eventos transformam a capital em um grande ambiente de debates sobre inova\u00e7\u00e3o administrativa, sustentabilidade, efici\u00eancia p\u00fablica e fortalecimento das cidades sul-mato-grossenses.<\/p>\n<p>Com foco na constru\u00e7\u00e3o de modelos mais modernos, transparentes e sustent\u00e1veis de gest\u00e3o p\u00fablica, o Licicomp re\u00fane gestores estaduais e municipais, \u00f3rg\u00e3os de controle, especialistas, t\u00e9cnicos e representantes do setor produtivo para discutir os impactos das compras governamentais no desenvolvimento econ\u00f4mico e social dos munic\u00edpios.<\/p>\n<p>A programa\u00e7\u00e3o aborda temas ligados \u00e0 nova Lei de Licita\u00e7\u00f5es, governan\u00e7a p\u00fablica, transforma\u00e7\u00e3o digital, sustentabilidade nas contrata\u00e7\u00f5es p\u00fablicas e moderniza\u00e7\u00e3o administrativa, refor\u00e7ando o papel estrat\u00e9gico das compras p\u00fablicas como instrumento de desenvolvimento regional, est\u00edmulo \u00e0 economia local e melhoria dos servi\u00e7os prestados \u00e0 popula\u00e7\u00e3o.<\/p>\n<p>Representando o governador Eduardo Riedel, o vice-governador Jos\u00e9 Carlos Barbosa, o Barbosinha, destacou que Mato Grosso do Sul vem consolidando um modelo de gest\u00e3o baseado em efici\u00eancia, responsabilidade fiscal, inova\u00e7\u00e3o e parceria permanente com os munic\u00edpios.<\/p>\n<p>\u201cEstamos construindo um Estado moderno, eficiente e preparado para os desafios do futuro. E isso passa diretamente pela capacidade de inovar na gest\u00e3o p\u00fablica, fortalecer os munic\u00edpios e transformar investimentos em resultados concretos para a popula\u00e7\u00e3o. O Licicomp amplia um debate essencial sobre transpar\u00eancia, sustentabilidade e efici\u00eancia administrativa, mostrando que gest\u00e3o p\u00fablica de qualidade tamb\u00e9m \u00e9 instrumento de desenvolvimento\u201d, afirmou.<\/p>\n<p>O secret\u00e1rio de Estado de Administra\u00e7\u00e3o, Roberto Gurgel de Oliveira Filho, ressaltou que as compras p\u00fablicas possuem impacto direto no fortalecimento das economias locais e na melhoria da gest\u00e3o governamental.<\/p>\n<p>\u201cAs licita\u00e7\u00f5es e contrata\u00e7\u00f5es p\u00fablicas deixaram de ser apenas processos administrativos. Hoje elas representam estrat\u00e9gia de desenvolvimento, incentivo \u00e0 inova\u00e7\u00e3o, fortalecimento de empresas locais e melhoria da efici\u00eancia dos servi\u00e7os p\u00fablicos. Mato Grosso do Sul vem avan\u00e7ando fortemente nessa agenda\u201d, pontuou.<\/p>\n<p>Paralelamente ao Licicomp, o Congresso dos Munic\u00edpios discute os desafios contempor\u00e2neos da administra\u00e7\u00e3o municipal. Com o tema \u201cA efici\u00eancia do Municipalismo na constru\u00e7\u00e3o do Brasil\u201d, o encontro refor\u00e7ou o papel dos munic\u00edpios como protagonistas na execu\u00e7\u00e3o das pol\u00edticas p\u00fablicas e no desenvolvimento regional.<\/p>\n<p>Durante a programa\u00e7\u00e3o, ser\u00e3o debatidos temas estrat\u00e9gicos como reforma tribut\u00e1ria, arrecada\u00e7\u00e3o municipal, sustentabilidade, empreendedorismo, inova\u00e7\u00e3o, planejamento urbano, sa\u00fade p\u00fablica e moderniza\u00e7\u00e3o administrativa.<\/p>\n<p>O presidente da Assomasul e prefeito de Itaquira\u00ed, Thalles Tomazelli, destacou que o congresso fortalece a integra\u00e7\u00e3o institucional e amplia a capacidade t\u00e9cnica das administra\u00e7\u00f5es municipais.<\/p>\n<p>\u201cOs munic\u00edpios est\u00e3o cada vez mais desafiados a entregar resultados r\u00e1pidos e eficientes para a popula\u00e7\u00e3o. Eventos como este fortalecem a troca de experi\u00eancias, aproximam institui\u00e7\u00f5es e ajudam a construir solu\u00e7\u00f5es conjuntas para uma gest\u00e3o p\u00fablica mais moderna, eficiente e preparada para o futuro\u201d, afirmou.<\/p>\n<p>A programa\u00e7\u00e3o tamb\u00e9m conta com palestrantes de destaque nacional, como o economista Bernard Appy, um dos formuladores da Reforma Tribut\u00e1ria; a jornalista e especialista em ESG Rosana Jatob\u00e1; a pesquisadora Juliana Ben\u00edcio; e o comentarista pol\u00edtico Caio Coppolla.<\/p>\n<p>Durante a cerim\u00f4nia de abertura, ainda foram realizadas entregas institucionais importantes, como o Certificado ISO 9001 para a Assomasul, o Selo de Sustentabilidade da AGEMS, o Lab\u00f4 MS e o Selo A3P concedido pelo Minist\u00e9rio do Meio Ambiente e Mudan\u00e7a do Clima ao Estado de Mato Grosso do Sul, em decorr\u00eancia da renova\u00e7\u00e3o da ades\u00e3o \u00e0 Agenda Ambiental na Administra\u00e7\u00e3o P\u00fablica e cumprimento de todas as metas do programa pela gest\u00e3o estadual em 2025. Em MS, a execu\u00e7\u00e3o da A3P \u00e9 coordenada pela SAD, refor\u00e7ando o compromisso das institui\u00e7\u00f5es p\u00fablicas com qualidade, sustentabilidade e inova\u00e7\u00e3o administrativa.<\/p>\n<p>O vice-governador tamb\u00e9m ressaltou que o atual ciclo de crescimento de Mato Grosso do Sul \u00e9 resultado de uma pol\u00edtica permanente de coopera\u00e7\u00e3o entre Estado e munic\u00edpios, constru\u00edda a partir do fortalecimento do municipalismo.<\/p>\n<p>\u201cN\u00e3o existe Estado forte sem munic\u00edpios fortes. Mato Grosso do Sul cresceu porque aprendeu a construir solu\u00e7\u00f5es de forma compartilhada, ouvindo os prefeitos, respeitando as diferen\u00e7as regionais e trabalhando em parceria permanente com os 79 munic\u00edpios. \u00c9 essa uni\u00e3o que permite ao Estado avan\u00e7ar em desenvolvimento, inclus\u00e3o social, sustentabilidade e qualidade de vida\u201d, concluiu Barbosinha.<\/p>\n<p><em>Lucas Cavalheiro, Comunica\u00e7\u00e3o Vice-governadoria<\/em><br \/><em>Fotos: Jo\u00e3o Garrig\u00f3\/Vice-governadoria<\/em><\/p>\n<\/div>\n","protected":false},"excerpt":{"rendered":"<p>Licicomp e Congresso dos Munic\u00edpios re\u00fanem gestores, especialistas e lideran\u00e7as para discutir inova\u00e7\u00e3o, efici\u00eancia administrativa e desenvolvimento regional nos 79<\/p>\n","protected":false},"author":2,"featured_media":0,"comment_status":"","ping_status":"","sticky":false,"template":"","format":"standard","meta":{"colormag_page_container_layout":"default_layout","colormag_page_sidebar_layout":"default_layout","footnotes":""},"categories":[1],"tags":[],"class_list":["post-67250","post","type-post","status-publish","format-standard","hentry","category-ejornais"],"aioseo_notices":[],"aioseo_head":"\n\t\t<!-- All in One SEO 5.0.1.1 - aioseo.com -->\n\t<meta name=\"description\" content=\"Licicomp e Congresso dos Munic\u00edpios re\u00fanem gestores, especialistas e lideran\u00e7as para discutir inova\u00e7\u00e3o, efici\u00eancia administrativa e desenvolvimento regional nos 79 munic\u00edpios Mato Grosso do Sul voltou a se posicionar como refer\u00eancia nacional em moderniza\u00e7\u00e3o da gest\u00e3o p\u00fablica ao sediar, ter\u00e7a-feira (9), em Campo Grande, o 2\u00ba Licicomp \u2013 Congresso Estadual de Licita\u00e7\u00f5es e Compras P\u00fablicas,\" \/>\n\t<meta name=\"robots\" content=\"max-image-preview:large\" \/>\n\t<meta name=\"author\" content=\"admin1\"\/>\n\t<link rel=\"canonical\" href=\"https:\/\/ejornais.com.br\/index.php\/2026\/06\/10\/ms-lidera-debate-nacional-sobre-compras-publicas-sustentaveis-e-fortalece-municipalismo-agencia-de-noticias-do-governo-de-mato-grosso-do-sul\/\" \/>\n\t<meta name=\"generator\" content=\"All in One SEO (AIOSEO) 5.0.1.1\" \/>\n\t\t<meta property=\"og:locale\" content=\"pt_BR\" \/>\n\t\t<meta property=\"og:site_name\" content=\"eJornais - Cat\u00e1logo de Jornais no mundo, Not\u00edcias, Blog e Esportes ao vivo\" \/>\n\t\t<meta property=\"og:type\" content=\"article\" \/>\n\t\t<meta property=\"og:title\" content=\"MS lidera debate nacional sobre compras p\u00fablicas sustent\u00e1veis e fortalece municipalismo \u2013 Ag\u00eancia de Noticias do Governo de Mato Grosso do Sul - eJornais\" \/>\n\t\t<meta property=\"og:description\" content=\"Licicomp e Congresso dos Munic\u00edpios re\u00fanem gestores, especialistas e lideran\u00e7as para discutir inova\u00e7\u00e3o, efici\u00eancia administrativa e desenvolvimento regional nos 79 munic\u00edpios Mato Grosso do Sul voltou a se posicionar como refer\u00eancia nacional em moderniza\u00e7\u00e3o da gest\u00e3o p\u00fablica ao sediar, ter\u00e7a-feira (9), em Campo Grande, o 2\u00ba Licicomp \u2013 Congresso Estadual de Licita\u00e7\u00f5es e Compras P\u00fablicas,\" \/>\n\t\t<meta property=\"og:url\" content=\"https:\/\/ejornais.com.br\/index.php\/2026\/06\/10\/ms-lidera-debate-nacional-sobre-compras-publicas-sustentaveis-e-fortalece-municipalismo-agencia-de-noticias-do-governo-de-mato-grosso-do-sul\/\" \/>\n\t\t<meta property=\"article:published_time\" content=\"2026-06-10T10:27:46+00:00\" \/>\n\t\t<meta property=\"article:modified_time\" content=\"2026-06-10T10:27:46+00:00\" \/>\n\t\t<meta name=\"twitter:card\" content=\"summary_large_image\" \/>\n\t\t<meta name=\"twitter:title\" content=\"MS lidera debate nacional sobre compras p\u00fablicas sustent\u00e1veis e fortalece municipalismo \u2013 Ag\u00eancia de Noticias do Governo de Mato Grosso do Sul - eJornais\" \/>\n\t\t<meta name=\"twitter:description\" content=\"Licicomp e Congresso dos Munic\u00edpios re\u00fanem gestores, especialistas e lideran\u00e7as para discutir inova\u00e7\u00e3o, efici\u00eancia administrativa e desenvolvimento regional nos 79 munic\u00edpios Mato Grosso do Sul voltou a se posicionar como refer\u00eancia nacional em moderniza\u00e7\u00e3o da gest\u00e3o p\u00fablica ao sediar, ter\u00e7a-feira (9), em Campo Grande, o 2\u00ba Licicomp \u2013 Congresso Estadual de Licita\u00e7\u00f5es e Compras P\u00fablicas,\" \/>\n\t\t<script type=\"application\/ld+json\" class=\"aioseo-schema\">\n\t\t\t{\"@context\":\"https:\\\/\\\/schema.org\",\"@graph\":[{\"@type\":\"BlogPosting\",\"@id\":\"https:\\\/\\\/ejornais.com.br\\\/index.php\\\/2026\\\/06\\\/10\\\/ms-lidera-debate-nacional-sobre-compras-publicas-sustentaveis-e-fortalece-municipalismo-agencia-de-noticias-do-governo-de-mato-grosso-do-sul\\\/#blogposting\",\"name\":\"MS lidera debate nacional sobre compras p\\u00fablicas sustent\\u00e1veis e fortalece municipalismo \\u2013 Ag\\u00eancia de Noticias do Governo de Mato Grosso do Sul - eJornais\",\"headline\":\"MS lidera debate nacional sobre compras p\\u00fablicas sustent\\u00e1veis e fortalece municipalismo \\u2013 Ag\\u00eancia de Noticias do Governo de Mato Grosso do Sul\",\"author\":{\"@id\":\"https:\\\/\\\/ejornais.com.br\\\/index.php\\\/author\\\/admin1\\\/#author\"},\"publisher\":{\"@id\":\"https:\\\/\\\/ejornais.com.br\\\/#organization\"},\"datePublished\":\"2026-06-10T07:27:46-03:00\",\"dateModified\":\"2026-06-10T07:27:46-03:00\",\"inLanguage\":\"pt-BR\",\"mainEntityOfPage\":{\"@id\":\"https:\\\/\\\/ejornais.com.br\\\/index.php\\\/2026\\\/06\\\/10\\\/ms-lidera-debate-nacional-sobre-compras-publicas-sustentaveis-e-fortalece-municipalismo-agencia-de-noticias-do-governo-de-mato-grosso-do-sul\\\/#webpage\"},\"isPartOf\":{\"@id\":\"https:\\\/\\\/ejornais.com.br\\\/index.php\\\/2026\\\/06\\\/10\\\/ms-lidera-debate-nacional-sobre-compras-publicas-sustentaveis-e-fortalece-municipalismo-agencia-de-noticias-do-governo-de-mato-grosso-do-sul\\\/#webpage\"},\"articleSection\":\"Cat\\u00e1logo de Jornais\"},{\"@type\":\"BreadcrumbList\",\"@id\":\"https:\\\/\\\/ejornais.com.br\\\/index.php\\\/2026\\\/06\\\/10\\\/ms-lidera-debate-nacional-sobre-compras-publicas-sustentaveis-e-fortalece-municipalismo-agencia-de-noticias-do-governo-de-mato-grosso-do-sul\\\/#breadcrumblist\",\"itemListElement\":[{\"@type\":\"ListItem\",\"@id\":\"https:\\\/\\\/ejornais.com.br#listItem\",\"position\":1,\"name\":\"In\\u00edcio\",\"item\":\"https:\\\/\\\/ejornais.com.br\",\"nextItem\":{\"@type\":\"ListItem\",\"@id\":\"https:\\\/\\\/ejornais.com.br\\\/index.php\\\/category\\\/ejornais\\\/#listItem\",\"name\":\"Cat\\u00e1logo de Jornais\"}},{\"@type\":\"ListItem\",\"@id\":\"https:\\\/\\\/ejornais.com.br\\\/index.php\\\/category\\\/ejornais\\\/#listItem\",\"position\":2,\"name\":\"Cat\\u00e1logo de Jornais\",\"item\":\"https:\\\/\\\/ejornais.com.br\\\/index.php\\\/category\\\/ejornais\\\/\",\"nextItem\":{\"@type\":\"ListItem\",\"@id\":\"https:\\\/\\\/ejornais.com.br\\\/index.php\\\/2026\\\/06\\\/10\\\/ms-lidera-debate-nacional-sobre-compras-publicas-sustentaveis-e-fortalece-municipalismo-agencia-de-noticias-do-governo-de-mato-grosso-do-sul\\\/#listItem\",\"name\":\"MS lidera debate nacional sobre compras p\\u00fablicas sustent\\u00e1veis e fortalece municipalismo \\u2013 Ag\\u00eancia de Noticias do Governo de Mato Grosso do Sul\"},\"previousItem\":{\"@type\":\"ListItem\",\"@id\":\"https:\\\/\\\/ejornais.com.br#listItem\",\"name\":\"In\\u00edcio\"}},{\"@type\":\"ListItem\",\"@id\":\"https:\\\/\\\/ejornais.com.br\\\/index.php\\\/2026\\\/06\\\/10\\\/ms-lidera-debate-nacional-sobre-compras-publicas-sustentaveis-e-fortalece-municipalismo-agencia-de-noticias-do-governo-de-mato-grosso-do-sul\\\/#listItem\",\"position\":3,\"name\":\"MS lidera debate nacional sobre compras p\\u00fablicas sustent\\u00e1veis e fortalece municipalismo \\u2013 Ag\\u00eancia de Noticias do Governo de Mato Grosso do Sul\",\"previousItem\":{\"@type\":\"ListItem\",\"@id\":\"https:\\\/\\\/ejornais.com.br\\\/index.php\\\/category\\\/ejornais\\\/#listItem\",\"name\":\"Cat\\u00e1logo de Jornais\"}}]},{\"@type\":\"Organization\",\"@id\":\"https:\\\/\\\/ejornais.com.br\\\/#organization\",\"name\":\"eJornais\",\"description\":\"Cat\\u00e1logo de Jornais no mundo, Not\\u00edcias, Blog e Esportes ao vivo\",\"url\":\"https:\\\/\\\/ejornais.com.br\\\/\"},{\"@type\":\"Person\",\"@id\":\"https:\\\/\\\/ejornais.com.br\\\/index.php\\\/author\\\/admin1\\\/#author\",\"url\":\"https:\\\/\\\/ejornais.com.br\\\/index.php\\\/author\\\/admin1\\\/\",\"name\":\"admin1\",\"image\":{\"@type\":\"ImageObject\",\"@id\":\"https:\\\/\\\/ejornais.com.br\\\/index.php\\\/2026\\\/06\\\/10\\\/ms-lidera-debate-nacional-sobre-compras-publicas-sustentaveis-e-fortalece-municipalismo-agencia-de-noticias-do-governo-de-mato-grosso-do-sul\\\/#authorImage\",\"url\":\"https:\\\/\\\/secure.gravatar.com\\\/avatar\\\/04084e6d73c042b8646e7c17b494073bf0ede3ea13c7105cfc45cbbbc28385a4?s=96&d=mm&r=g\",\"width\":96,\"height\":96,\"caption\":\"admin1\"}},{\"@type\":\"WebPage\",\"@id\":\"https:\\\/\\\/ejornais.com.br\\\/index.php\\\/2026\\\/06\\\/10\\\/ms-lidera-debate-nacional-sobre-compras-publicas-sustentaveis-e-fortalece-municipalismo-agencia-de-noticias-do-governo-de-mato-grosso-do-sul\\\/#webpage\",\"url\":\"https:\\\/\\\/ejornais.com.br\\\/index.php\\\/2026\\\/06\\\/10\\\/ms-lidera-debate-nacional-sobre-compras-publicas-sustentaveis-e-fortalece-municipalismo-agencia-de-noticias-do-governo-de-mato-grosso-do-sul\\\/\",\"name\":\"MS lidera debate nacional sobre compras p\\u00fablicas sustent\\u00e1veis e fortalece municipalismo \\u2013 Ag\\u00eancia de Noticias do Governo de Mato Grosso do Sul - eJornais\",\"description\":\"Licicomp e Congresso dos Munic\\u00edpios re\\u00fanem gestores, especialistas e lideran\\u00e7as para discutir inova\\u00e7\\u00e3o, efici\\u00eancia administrativa e desenvolvimento regional nos 79 munic\\u00edpios Mato Grosso do Sul voltou a se posicionar como refer\\u00eancia nacional em moderniza\\u00e7\\u00e3o da gest\\u00e3o p\\u00fablica ao sediar, ter\\u00e7a-feira (9), em Campo Grande, o 2\\u00ba Licicomp \\u2013 Congresso Estadual de Licita\\u00e7\\u00f5es e Compras P\\u00fablicas,\",\"inLanguage\":\"pt-BR\",\"isPartOf\":{\"@id\":\"https:\\\/\\\/ejornais.com.br\\\/#website\"},\"breadcrumb\":{\"@id\":\"https:\\\/\\\/ejornais.com.br\\\/index.php\\\/2026\\\/06\\\/10\\\/ms-lidera-debate-nacional-sobre-compras-publicas-sustentaveis-e-fortalece-municipalismo-agencia-de-noticias-do-governo-de-mato-grosso-do-sul\\\/#breadcrumblist\"},\"author\":{\"@id\":\"https:\\\/\\\/ejornais.com.br\\\/index.php\\\/author\\\/admin1\\\/#author\"},\"creator\":{\"@id\":\"https:\\\/\\\/ejornais.com.br\\\/index.php\\\/author\\\/admin1\\\/#author\"},\"datePublished\":\"2026-06-10T07:27:46-03:00\",\"dateModified\":\"2026-06-10T07:27:46-03:00\"},{\"@type\":\"WebSite\",\"@id\":\"https:\\\/\\\/ejornais.com.br\\\/#website\",\"url\":\"https:\\\/\\\/ejornais.com.br\\\/\",\"name\":\"eJornais\",\"description\":\"Cat\\u00e1logo de Jornais no mundo, Not\\u00edcias, Blog e Esportes ao vivo\",\"inLanguage\":\"pt-BR\",\"publisher\":{\"@id\":\"https:\\\/\\\/ejornais.com.br\\\/#organization\"}}]}\n\t\t<\/script>\n\t\t<!-- All in One SEO -->\n\n","aioseo_head_json":{"title":"MS lidera debate nacional sobre compras p\u00fablicas sustent\u00e1veis e fortalece municipalismo \u2013 Ag\u00eancia de Noticias do Governo de Mato Grosso do Sul - eJornais","description":"Licicomp e Congresso dos Munic\u00edpios re\u00fanem gestores, especialistas e lideran\u00e7as para discutir inova\u00e7\u00e3o, efici\u00eancia administrativa e desenvolvimento regional nos 79 munic\u00edpios Mato Grosso do Sul voltou a se posicionar como refer\u00eancia nacional em moderniza\u00e7\u00e3o da gest\u00e3o p\u00fablica ao sediar, ter\u00e7a-feira (9), em Campo Grande, o 2\u00ba Licicomp \u2013 Congresso Estadual de Licita\u00e7\u00f5es e Compras P\u00fablicas,","canonical_url":"https:\/\/ejornais.com.br\/index.php\/2026\/06\/10\/ms-lidera-debate-nacional-sobre-compras-publicas-sustentaveis-e-fortalece-municipalismo-agencia-de-noticias-do-governo-de-mato-grosso-do-sul\/","robots":"max-image-preview:large","keywords":"","webmasterTools":{"miscellaneous":""},"schema":{"@context":"https:\/\/schema.org","@graph":[{"@type":"BlogPosting","@id":"https:\/\/ejornais.com.br\/index.php\/2026\/06\/10\/ms-lidera-debate-nacional-sobre-compras-publicas-sustentaveis-e-fortalece-municipalismo-agencia-de-noticias-do-governo-de-mato-grosso-do-sul\/#blogposting","name":"MS lidera debate nacional sobre compras p\u00fablicas sustent\u00e1veis e fortalece municipalismo \u2013 Ag\u00eancia de Noticias do Governo de Mato Grosso do Sul - eJornais","headline":"MS lidera debate nacional sobre compras p\u00fablicas sustent\u00e1veis e fortalece municipalismo \u2013 Ag\u00eancia de Noticias do Governo de Mato Grosso do Sul","author":{"@id":"https:\/\/ejornais.com.br\/index.php\/author\/admin1\/#author"},"publisher":{"@id":"https:\/\/ejornais.com.br\/#organization"},"datePublished":"2026-06-10T07:27:46-03:00","dateModified":"2026-06-10T07:27:46-03:00","inLanguage":"pt-BR","mainEntityOfPage":{"@id":"https:\/\/ejornais.com.br\/index.php\/2026\/06\/10\/ms-lidera-debate-nacional-sobre-compras-publicas-sustentaveis-e-fortalece-municipalismo-agencia-de-noticias-do-governo-de-mato-grosso-do-sul\/#webpage"},"isPartOf":{"@id":"https:\/\/ejornais.com.br\/index.php\/2026\/06\/10\/ms-lidera-debate-nacional-sobre-compras-publicas-sustentaveis-e-fortalece-municipalismo-agencia-de-noticias-do-governo-de-mato-grosso-do-sul\/#webpage"},"articleSection":"Cat\u00e1logo de Jornais"},{"@type":"BreadcrumbList","@id":"https:\/\/ejornais.com.br\/index.php\/2026\/06\/10\/ms-lidera-debate-nacional-sobre-compras-publicas-sustentaveis-e-fortalece-municipalismo-agencia-de-noticias-do-governo-de-mato-grosso-do-sul\/#breadcrumblist","itemListElement":[{"@type":"ListItem","@id":"https:\/\/ejornais.com.br#listItem","position":1,"name":"In\u00edcio","item":"https:\/\/ejornais.com.br","nextItem":{"@type":"ListItem","@id":"https:\/\/ejornais.com.br\/index.php\/category\/ejornais\/#listItem","name":"Cat\u00e1logo de Jornais"}},{"@type":"ListItem","@id":"https:\/\/ejornais.com.br\/index.php\/category\/ejornais\/#listItem","position":2,"name":"Cat\u00e1logo de Jornais","item":"https:\/\/ejornais.com.br\/index.php\/category\/ejornais\/","nextItem":{"@type":"ListItem","@id":"https:\/\/ejornais.com.br\/index.php\/2026\/06\/10\/ms-lidera-debate-nacional-sobre-compras-publicas-sustentaveis-e-fortalece-municipalismo-agencia-de-noticias-do-governo-de-mato-grosso-do-sul\/#listItem","name":"MS lidera debate nacional sobre compras p\u00fablicas sustent\u00e1veis e fortalece municipalismo \u2013 Ag\u00eancia de Noticias do Governo de Mato Grosso do Sul"},"previousItem":{"@type":"ListItem","@id":"https:\/\/ejornais.com.br#listItem","name":"In\u00edcio"}},{"@type":"ListItem","@id":"https:\/\/ejornais.com.br\/index.php\/2026\/06\/10\/ms-lidera-debate-nacional-sobre-compras-publicas-sustentaveis-e-fortalece-municipalismo-agencia-de-noticias-do-governo-de-mato-grosso-do-sul\/#listItem","position":3,"name":"MS lidera debate nacional sobre compras p\u00fablicas sustent\u00e1veis e fortalece municipalismo \u2013 Ag\u00eancia de Noticias do Governo de Mato Grosso do Sul","previousItem":{"@type":"ListItem","@id":"https:\/\/ejornais.com.br\/index.php\/category\/ejornais\/#listItem","name":"Cat\u00e1logo de Jornais"}}]},{"@type":"Organization","@id":"https:\/\/ejornais.com.br\/#organization","name":"eJornais","description":"Cat\u00e1logo de Jornais no mundo, Not\u00edcias, Blog e Esportes ao vivo","url":"https:\/\/ejornais.com.br\/"},{"@type":"Person","@id":"https:\/\/ejornais.com.br\/index.php\/author\/admin1\/#author","url":"https:\/\/ejornais.com.br\/index.php\/author\/admin1\/","name":"admin1","image":{"@type":"ImageObject","@id":"https:\/\/ejornais.com.br\/index.php\/2026\/06\/10\/ms-lidera-debate-nacional-sobre-compras-publicas-sustentaveis-e-fortalece-municipalismo-agencia-de-noticias-do-governo-de-mato-grosso-do-sul\/#authorImage","url":"https:\/\/secure.gravatar.com\/avatar\/04084e6d73c042b8646e7c17b494073bf0ede3ea13c7105cfc45cbbbc28385a4?s=96&d=mm&r=g","width":96,"height":96,"caption":"admin1"}},{"@type":"WebPage","@id":"https:\/\/ejornais.com.br\/index.php\/2026\/06\/10\/ms-lidera-debate-nacional-sobre-compras-publicas-sustentaveis-e-fortalece-municipalismo-agencia-de-noticias-do-governo-de-mato-grosso-do-sul\/#webpage","url":"https:\/\/ejornais.com.br\/index.php\/2026\/06\/10\/ms-lidera-debate-nacional-sobre-compras-publicas-sustentaveis-e-fortalece-municipalismo-agencia-de-noticias-do-governo-de-mato-grosso-do-sul\/","name":"MS lidera debate nacional sobre compras p\u00fablicas sustent\u00e1veis e fortalece municipalismo \u2013 Ag\u00eancia de Noticias do Governo de Mato Grosso do Sul - eJornais","description":"Licicomp e Congresso dos Munic\u00edpios re\u00fanem gestores, especialistas e lideran\u00e7as para discutir inova\u00e7\u00e3o, efici\u00eancia administrativa e desenvolvimento regional nos 79 munic\u00edpios Mato Grosso do Sul voltou a se posicionar como refer\u00eancia nacional em moderniza\u00e7\u00e3o da gest\u00e3o p\u00fablica ao sediar, ter\u00e7a-feira (9), em Campo Grande, o 2\u00ba Licicomp \u2013 Congresso Estadual de Licita\u00e7\u00f5es e Compras P\u00fablicas,","inLanguage":"pt-BR","isPartOf":{"@id":"https:\/\/ejornais.com.br\/#website"},"breadcrumb":{"@id":"https:\/\/ejornais.com.br\/index.php\/2026\/06\/10\/ms-lidera-debate-nacional-sobre-compras-publicas-sustentaveis-e-fortalece-municipalismo-agencia-de-noticias-do-governo-de-mato-grosso-do-sul\/#breadcrumblist"},"author":{"@id":"https:\/\/ejornais.com.br\/index.php\/author\/admin1\/#author"},"creator":{"@id":"https:\/\/ejornais.com.br\/index.php\/author\/admin1\/#author"},"datePublished":"2026-06-10T07:27:46-03:00","dateModified":"2026-06-10T07:27:46-03:00"},{"@type":"WebSite","@id":"https:\/\/ejornais.com.br\/#website","url":"https:\/\/ejornais.com.br\/","name":"eJornais","description":"Cat\u00e1logo de Jornais no mundo, Not\u00edcias, Blog e Esportes ao vivo","inLanguage":"pt-BR","publisher":{"@id":"https:\/\/ejornais.com.br\/#organization"}}]},"og:locale":"pt_BR","og:site_name":"eJornais - Cat\u00e1logo de Jornais no mundo, Not\u00edcias, Blog e Esportes ao vivo","og:type":"article","og:title":"MS lidera debate nacional sobre compras p\u00fablicas sustent\u00e1veis e fortalece municipalismo \u2013 Ag\u00eancia de Noticias do Governo de Mato Grosso do Sul - eJornais","og:description":"Licicomp e Congresso dos Munic\u00edpios re\u00fanem gestores, especialistas e lideran\u00e7as para discutir inova\u00e7\u00e3o, efici\u00eancia administrativa e desenvolvimento regional nos 79 munic\u00edpios Mato Grosso do Sul voltou a se posicionar como refer\u00eancia nacional em moderniza\u00e7\u00e3o da gest\u00e3o p\u00fablica ao sediar, ter\u00e7a-feira (9), em Campo Grande, o 2\u00ba Licicomp \u2013 Congresso Estadual de Licita\u00e7\u00f5es e Compras P\u00fablicas,","og:url":"https:\/\/ejornais.com.br\/index.php\/2026\/06\/10\/ms-lidera-debate-nacional-sobre-compras-publicas-sustentaveis-e-fortalece-municipalismo-agencia-de-noticias-do-governo-de-mato-grosso-do-sul\/","article:published_time":"2026-06-10T10:27:46+00:00","article:modified_time":"2026-06-10T10:27:46+00:00","twitter:card":"summary_large_image","twitter:title":"MS lidera debate nacional sobre compras p\u00fablicas sustent\u00e1veis e fortalece municipalismo \u2013 Ag\u00eancia de Noticias do Governo de Mato Grosso do Sul - eJornais","twitter:description":"Licicomp e Congresso dos Munic\u00edpios re\u00fanem gestores, especialistas e lideran\u00e7as para discutir inova\u00e7\u00e3o, efici\u00eancia administrativa e desenvolvimento regional nos 79 munic\u00edpios Mato Grosso do Sul voltou a se posicionar como refer\u00eancia nacional em moderniza\u00e7\u00e3o da gest\u00e3o p\u00fablica ao sediar, ter\u00e7a-feira (9), em Campo Grande, o 2\u00ba Licicomp \u2013 Congresso Estadual de Licita\u00e7\u00f5es e Compras P\u00fablicas,"},"aioseo_meta_data":{"post_id":"67250","title":null,"description":null,"keywords":null,"keyphrases":null,"primary_term":null,"canonical_url":null,"og_title":null,"og_description":null,"og_object_type":"default","og_image_type":"default","og_image_url":null,"og_image_width":null,"og_image_height":null,"og_image_custom_url":null,"og_image_custom_fields":null,"og_video":null,"og_custom_url":null,"og_article_section":null,"og_article_tags":null,"twitter_use_og":false,"twitter_card":"default","twitter_image_type":"default","twitter_image_url":null,"twitter_image_custom_url":null,"twitter_image_custom_fields":null,"twitter_title":null,"twitter_description":null,"schema":{"blockGraphs":[],"customGraphs":[],"default":{"data":{"Article":[],"Course":[],"Dataset":[],"FAQPage":[],"Movie":[],"Person":[],"Product":[],"ProductReview":[],"Car":[],"Recipe":[],"Service":[],"SoftwareApplication":[],"WebPage":[]},"graphName":"","isEnabled":true},"graphs":[]},"schema_type":"default","schema_type_options":null,"pillar_content":false,"robots_default":true,"robots_noindex":false,"robots_noarchive":false,"robots_nosnippet":false,"robots_nofollow":false,"robots_noimageindex":false,"robots_noodp":false,"robots_notranslate":false,"robots_max_snippet":null,"robots_max_videopreview":null,"robots_max_imagepreview":"large","priority":null,"frequency":null,"local_seo":null,"breadcrumb_settings":null,"limit_modified_date":false,"ai":null,"created":"2026-06-15 15:02:27","updated":"2026-06-15 15:02:27","seo_analyzer_scan_date":null,"focus_keyword":null,"additional_keywords":null,"truseo_locale":null},"aioseo_breadcrumb":"<div class=\"aioseo-breadcrumbs\"><span class=\"aioseo-breadcrumb\">\n\t\t\t<a href=\"https:\/\/ejornais.com.br\" title=\"In\u00edcio\">In\u00edcio<\/a>\n\t\t<\/span><span class=\"aioseo-breadcrumb-separator\">&raquo;<\/span><span class=\"aioseo-breadcrumb\">\n\t\t\t<a href=\"https:\/\/ejornais.com.br\/index.php\/category\/ejornais\/\" title=\"Cat\u00e1logo de Jornais\">Cat\u00e1logo de Jornais<\/a>\n\t\t<\/span><span class=\"aioseo-breadcrumb-separator\">&raquo;<\/span><span class=\"aioseo-breadcrumb\">\n\t\t\tMS lidera debate nacional sobre compras p\u00fablicas sustent\u00e1veis e fortalece municipalismo \u2013 Ag\u00eancia de Noticias do Governo de Mato Grosso do Sul\n\t\t<\/span><\/div>","aioseo_breadcrumb_json":[{"label":"In\u00edcio","link":"https:\/\/ejornais.com.br"},{"label":"Cat\u00e1logo de Jornais","link":"https:\/\/ejornais.com.br\/index.php\/category\/ejornais\/"},{"label":"MS lidera debate nacional sobre compras p\u00fablicas sustent\u00e1veis e fortalece municipalismo \u2013 Ag\u00eancia de Noticias do Governo de Mato Grosso do Sul","link":"https:\/\/ejornais.com.br\/index.php\/2026\/06\/10\/ms-lidera-debate-nacional-sobre-compras-publicas-sustentaveis-e-fortalece-municipalismo-agencia-de-noticias-do-governo-de-mato-grosso-do-sul\/"}],"amp_enabled":true,"_links":{"self":[{"href":"https:\/\/ejornais.com.br\/index.php\/wp-json\/wp\/v2\/posts\/67250","targetHints":{"allow":["GET"]}}],"collection":[{"href":"https:\/\/ejornais.com.br\/index.php\/wp-json\/wp\/v2\/posts"}],"about":[{"href":"https:\/\/ejornais.com.br\/index.php\/wp-json\/wp\/v2\/types\/post"}],"author":[{"embeddable":true,"href":"https:\/\/ejornais.com.br\/index.php\/wp-json\/wp\/v2\/users\/2"}],"replies":[{"embeddable":true,"href":"https:\/\/ejornais.com.br\/index.php\/wp-json\/wp\/v2\/comments?post=67250"}],"version-history":[{"count":0,"href":"https:\/\/ejornais.com.br\/index.php\/wp-json\/wp\/v2\/posts\/67250\/revisions"}],"wp:attachment":[{"href":"https:\/\/ejornais.com.br\/index.php\/wp-json\/wp\/v2\/media?parent=67250"}],"wp:term":[{"taxonomy":"category","embeddable":true,"href":"https:\/\/ejornais.com.br\/index.php\/wp-json\/wp\/v2\/categories?post=67250"},{"taxonomy":"post_tag","embeddable":true,"href":"https:\/\/ejornais.com.br\/index.php\/wp-json\/wp\/v2\/tags?post=67250"}],"curies":[{"name":"wp","href":"https:\/\/api.w.org\/{rel}","templated":true}]}}