{"id":67979,"date":"2026-06-22T14:59:40","date_gmt":"2026-06-22T17:59:40","guid":{"rendered":"https:\/\/ejornais.com.br\/index.php\/2026\/06\/22\/linha-463-comeca-a-operar-como-lecd-153-e-volta-a-ligar-sao-cristovao-a-copacabana-prefeitura-da-cidade-do-rio-de-janeiro\/"},"modified":"2026-06-22T14:59:40","modified_gmt":"2026-06-22T17:59:40","slug":"linha-463-comeca-a-operar-como-lecd-153-e-volta-a-ligar-sao-cristovao-a-copacabana-prefeitura-da-cidade-do-rio-de-janeiro","status":"publish","type":"post","link":"https:\/\/ejornais.com.br\/index.php\/2026\/06\/22\/linha-463-comeca-a-operar-como-lecd-153-e-volta-a-ligar-sao-cristovao-a-copacabana-prefeitura-da-cidade-do-rio-de-janeiro\/","title":{"rendered":"Linha 463 come\u00e7a a operar como LECD 153 e volta a ligar S\u00e3o Crist\u00f3v\u00e3o a Copacabana &#8211; Prefeitura da Cidade do Rio de Janeiro"},"content":{"rendered":"<p><\/p>\n<div>\n<p>A Prefeitura do Rio retomou, a partir deste domingo (21\/06), a opera\u00e7\u00e3o da linha 463, que, neste primeiro momento, circular\u00e1 com a numera\u00e7\u00e3o LECD 153, ligando S\u00e3o Crist\u00f3v\u00e3o a Copacabana. O servi\u00e7o ser\u00e1 realizado com ve\u00edculos novos, equipados com ar-condicionado, acessibilidade e a nova identidade visual do Sistema RIO.<\/p>\n<p>A linha ter\u00e1 ponto inicial em frente \u00e0 esta\u00e7\u00e3o de metr\u00f4 de S\u00e3o Crist\u00f3v\u00e3o e seguir\u00e1 pela Avenida Francisco Bicalho, Centro, T\u00fanel Rebou\u00e7as, Humait\u00e1, Botafogo e Copacabana, com ponto regulador nas proximidades da esta\u00e7\u00e3o Siqueira Campos.<\/p>\n<p>A retomada da linha faz parte do processo de reorganiza\u00e7\u00e3o da rede municipal de \u00f4nibus ap\u00f3s a substitui\u00e7\u00e3o das antigas operadoras Real Auto \u00d4nibus e Vila Isabel por empresas do cons\u00f3rcio Intersul. Tamb\u00e9m est\u00e3o previstas as reativa\u00e7\u00f5es da linha 439 (Vila Isabel x Leblon), em 5 de julho, e da linha 222 (Vila Isabel x Gamboa), em 19 de julho.<\/p>\n<p>Vale lembrar que a linha 433 (Graja\u00fa x Siqueira Campos) j\u00e1 voltou a operar desde 9 de junho e, neste primeiro momento, circula com a numera\u00e7\u00e3o LECD 150. A \u00fanica altera\u00e7\u00e3o em rela\u00e7\u00e3o \u00e0 opera\u00e7\u00e3o anterior foi o ponto final no Graja\u00fa, transferido para a Pra\u00e7a Malvino Reis (Planalto do Chopp).<\/p>\n<\/div>\n","protected":false},"excerpt":{"rendered":"<p>A Prefeitura do Rio retomou, a partir deste domingo (21\/06), a opera\u00e7\u00e3o da linha 463, que, neste primeiro momento, circular\u00e1<\/p>\n","protected":false},"author":2,"featured_media":0,"comment_status":"","ping_status":"","sticky":false,"template":"","format":"standard","meta":{"colormag_page_container_layout":"default_layout","colormag_page_sidebar_layout":"default_layout","footnotes":""},"categories":[1],"tags":[],"class_list":["post-67979","post","type-post","status-publish","format-standard","hentry","category-ejornais"],"aioseo_notices":[],"aioseo_head":"\n\t\t<!-- All in One SEO 5.0.1.1 - aioseo.com -->\n\t<meta name=\"description\" content=\"A Prefeitura do Rio retomou, a partir deste domingo (21\/06), a opera\u00e7\u00e3o da linha 463, que, neste primeiro momento, circular\u00e1 com a numera\u00e7\u00e3o LECD 153, ligando S\u00e3o Crist\u00f3v\u00e3o a Copacabana. O servi\u00e7o ser\u00e1 realizado com ve\u00edculos novos, equipados com ar-condicionado, acessibilidade e a nova identidade visual do Sistema RIO. A linha ter\u00e1 ponto inicial em\" \/>\n\t<meta name=\"robots\" content=\"max-image-preview:large\" \/>\n\t<meta name=\"author\" content=\"admin1\"\/>\n\t<link rel=\"canonical\" href=\"https:\/\/ejornais.com.br\/index.php\/2026\/06\/22\/linha-463-comeca-a-operar-como-lecd-153-e-volta-a-ligar-sao-cristovao-a-copacabana-prefeitura-da-cidade-do-rio-de-janeiro\/\" \/>\n\t<meta name=\"generator\" content=\"All in One SEO (AIOSEO) 5.0.1.1\" \/>\n\t\t<meta property=\"og:locale\" content=\"pt_BR\" \/>\n\t\t<meta property=\"og:site_name\" content=\"eJornais - Cat\u00e1logo de Jornais no mundo, Not\u00edcias, Blog e Esportes ao vivo\" \/>\n\t\t<meta property=\"og:type\" content=\"article\" \/>\n\t\t<meta property=\"og:title\" content=\"Linha 463 come\u00e7a a operar como LECD 153 e volta a ligar S\u00e3o Crist\u00f3v\u00e3o a Copacabana \u2013 Prefeitura da Cidade do Rio de Janeiro - eJornais\" \/>\n\t\t<meta property=\"og:description\" content=\"A Prefeitura do Rio retomou, a partir deste domingo (21\/06), a opera\u00e7\u00e3o da linha 463, que, neste primeiro momento, circular\u00e1 com a numera\u00e7\u00e3o LECD 153, ligando S\u00e3o Crist\u00f3v\u00e3o a Copacabana. O servi\u00e7o ser\u00e1 realizado com ve\u00edculos novos, equipados com ar-condicionado, acessibilidade e a nova identidade visual do Sistema RIO. A linha ter\u00e1 ponto inicial em\" \/>\n\t\t<meta property=\"og:url\" content=\"https:\/\/ejornais.com.br\/index.php\/2026\/06\/22\/linha-463-comeca-a-operar-como-lecd-153-e-volta-a-ligar-sao-cristovao-a-copacabana-prefeitura-da-cidade-do-rio-de-janeiro\/\" \/>\n\t\t<meta property=\"article:published_time\" content=\"2026-06-22T17:59:40+00:00\" \/>\n\t\t<meta property=\"article:modified_time\" content=\"2026-06-22T17:59:40+00:00\" \/>\n\t\t<meta name=\"twitter:card\" content=\"summary_large_image\" \/>\n\t\t<meta name=\"twitter:title\" content=\"Linha 463 come\u00e7a a operar como LECD 153 e volta a ligar S\u00e3o Crist\u00f3v\u00e3o a Copacabana \u2013 Prefeitura da Cidade do Rio de Janeiro - eJornais\" \/>\n\t\t<meta name=\"twitter:description\" content=\"A Prefeitura do Rio retomou, a partir deste domingo (21\/06), a opera\u00e7\u00e3o da linha 463, que, neste primeiro momento, circular\u00e1 com a numera\u00e7\u00e3o LECD 153, ligando S\u00e3o Crist\u00f3v\u00e3o a Copacabana. O servi\u00e7o ser\u00e1 realizado com ve\u00edculos novos, equipados com ar-condicionado, acessibilidade e a nova identidade visual do Sistema RIO. A linha ter\u00e1 ponto inicial em\" \/>\n\t\t<script type=\"application\/ld+json\" class=\"aioseo-schema\">\n\t\t\t{\"@context\":\"https:\\\/\\\/schema.org\",\"@graph\":[{\"@type\":\"BlogPosting\",\"@id\":\"https:\\\/\\\/ejornais.com.br\\\/index.php\\\/2026\\\/06\\\/22\\\/linha-463-comeca-a-operar-como-lecd-153-e-volta-a-ligar-sao-cristovao-a-copacabana-prefeitura-da-cidade-do-rio-de-janeiro\\\/#blogposting\",\"name\":\"Linha 463 come\\u00e7a a operar como LECD 153 e volta a ligar S\\u00e3o Crist\\u00f3v\\u00e3o a Copacabana \\u2013 Prefeitura da Cidade do Rio de Janeiro - eJornais\",\"headline\":\"Linha 463 come\\u00e7a a operar como LECD 153 e volta a ligar S\\u00e3o Crist\\u00f3v\\u00e3o a Copacabana &#8211; Prefeitura da Cidade do Rio de Janeiro\",\"author\":{\"@id\":\"https:\\\/\\\/ejornais.com.br\\\/index.php\\\/author\\\/admin1\\\/#author\"},\"publisher\":{\"@id\":\"https:\\\/\\\/ejornais.com.br\\\/#organization\"},\"datePublished\":\"2026-06-22T14:59:40-03:00\",\"dateModified\":\"2026-06-22T14:59:40-03:00\",\"inLanguage\":\"pt-BR\",\"mainEntityOfPage\":{\"@id\":\"https:\\\/\\\/ejornais.com.br\\\/index.php\\\/2026\\\/06\\\/22\\\/linha-463-comeca-a-operar-como-lecd-153-e-volta-a-ligar-sao-cristovao-a-copacabana-prefeitura-da-cidade-do-rio-de-janeiro\\\/#webpage\"},\"isPartOf\":{\"@id\":\"https:\\\/\\\/ejornais.com.br\\\/index.php\\\/2026\\\/06\\\/22\\\/linha-463-comeca-a-operar-como-lecd-153-e-volta-a-ligar-sao-cristovao-a-copacabana-prefeitura-da-cidade-do-rio-de-janeiro\\\/#webpage\"},\"articleSection\":\"Cat\\u00e1logo de Jornais\"},{\"@type\":\"BreadcrumbList\",\"@id\":\"https:\\\/\\\/ejornais.com.br\\\/index.php\\\/2026\\\/06\\\/22\\\/linha-463-comeca-a-operar-como-lecd-153-e-volta-a-ligar-sao-cristovao-a-copacabana-prefeitura-da-cidade-do-rio-de-janeiro\\\/#breadcrumblist\",\"itemListElement\":[{\"@type\":\"ListItem\",\"@id\":\"https:\\\/\\\/ejornais.com.br#listItem\",\"position\":1,\"name\":\"In\\u00edcio\",\"item\":\"https:\\\/\\\/ejornais.com.br\",\"nextItem\":{\"@type\":\"ListItem\",\"@id\":\"https:\\\/\\\/ejornais.com.br\\\/index.php\\\/category\\\/ejornais\\\/#listItem\",\"name\":\"Cat\\u00e1logo de Jornais\"}},{\"@type\":\"ListItem\",\"@id\":\"https:\\\/\\\/ejornais.com.br\\\/index.php\\\/category\\\/ejornais\\\/#listItem\",\"position\":2,\"name\":\"Cat\\u00e1logo de Jornais\",\"item\":\"https:\\\/\\\/ejornais.com.br\\\/index.php\\\/category\\\/ejornais\\\/\",\"nextItem\":{\"@type\":\"ListItem\",\"@id\":\"https:\\\/\\\/ejornais.com.br\\\/index.php\\\/2026\\\/06\\\/22\\\/linha-463-comeca-a-operar-como-lecd-153-e-volta-a-ligar-sao-cristovao-a-copacabana-prefeitura-da-cidade-do-rio-de-janeiro\\\/#listItem\",\"name\":\"Linha 463 come\\u00e7a a operar como LECD 153 e volta a ligar S\\u00e3o Crist\\u00f3v\\u00e3o a Copacabana &#8211; Prefeitura da Cidade do Rio de Janeiro\"},\"previousItem\":{\"@type\":\"ListItem\",\"@id\":\"https:\\\/\\\/ejornais.com.br#listItem\",\"name\":\"In\\u00edcio\"}},{\"@type\":\"ListItem\",\"@id\":\"https:\\\/\\\/ejornais.com.br\\\/index.php\\\/2026\\\/06\\\/22\\\/linha-463-comeca-a-operar-como-lecd-153-e-volta-a-ligar-sao-cristovao-a-copacabana-prefeitura-da-cidade-do-rio-de-janeiro\\\/#listItem\",\"position\":3,\"name\":\"Linha 463 come\\u00e7a a operar como LECD 153 e volta a ligar S\\u00e3o Crist\\u00f3v\\u00e3o a Copacabana &#8211; Prefeitura da Cidade do Rio de Janeiro\",\"previousItem\":{\"@type\":\"ListItem\",\"@id\":\"https:\\\/\\\/ejornais.com.br\\\/index.php\\\/category\\\/ejornais\\\/#listItem\",\"name\":\"Cat\\u00e1logo de Jornais\"}}]},{\"@type\":\"Organization\",\"@id\":\"https:\\\/\\\/ejornais.com.br\\\/#organization\",\"name\":\"eJornais\",\"description\":\"Cat\\u00e1logo de Jornais no mundo, Not\\u00edcias, Blog e Esportes ao vivo\",\"url\":\"https:\\\/\\\/ejornais.com.br\\\/\"},{\"@type\":\"Person\",\"@id\":\"https:\\\/\\\/ejornais.com.br\\\/index.php\\\/author\\\/admin1\\\/#author\",\"url\":\"https:\\\/\\\/ejornais.com.br\\\/index.php\\\/author\\\/admin1\\\/\",\"name\":\"admin1\",\"image\":{\"@type\":\"ImageObject\",\"@id\":\"https:\\\/\\\/ejornais.com.br\\\/index.php\\\/2026\\\/06\\\/22\\\/linha-463-comeca-a-operar-como-lecd-153-e-volta-a-ligar-sao-cristovao-a-copacabana-prefeitura-da-cidade-do-rio-de-janeiro\\\/#authorImage\",\"url\":\"https:\\\/\\\/secure.gravatar.com\\\/avatar\\\/04084e6d73c042b8646e7c17b494073bf0ede3ea13c7105cfc45cbbbc28385a4?s=96&d=mm&r=g\",\"width\":96,\"height\":96,\"caption\":\"admin1\"}},{\"@type\":\"WebPage\",\"@id\":\"https:\\\/\\\/ejornais.com.br\\\/index.php\\\/2026\\\/06\\\/22\\\/linha-463-comeca-a-operar-como-lecd-153-e-volta-a-ligar-sao-cristovao-a-copacabana-prefeitura-da-cidade-do-rio-de-janeiro\\\/#webpage\",\"url\":\"https:\\\/\\\/ejornais.com.br\\\/index.php\\\/2026\\\/06\\\/22\\\/linha-463-comeca-a-operar-como-lecd-153-e-volta-a-ligar-sao-cristovao-a-copacabana-prefeitura-da-cidade-do-rio-de-janeiro\\\/\",\"name\":\"Linha 463 come\\u00e7a a operar como LECD 153 e volta a ligar S\\u00e3o Crist\\u00f3v\\u00e3o a Copacabana \\u2013 Prefeitura da Cidade do Rio de Janeiro - eJornais\",\"description\":\"A Prefeitura do Rio retomou, a partir deste domingo (21\\\/06), a opera\\u00e7\\u00e3o da linha 463, que, neste primeiro momento, circular\\u00e1 com a numera\\u00e7\\u00e3o LECD 153, ligando S\\u00e3o Crist\\u00f3v\\u00e3o a Copacabana. O servi\\u00e7o ser\\u00e1 realizado com ve\\u00edculos novos, equipados com ar-condicionado, acessibilidade e a nova identidade visual do Sistema RIO. A linha ter\\u00e1 ponto inicial em\",\"inLanguage\":\"pt-BR\",\"isPartOf\":{\"@id\":\"https:\\\/\\\/ejornais.com.br\\\/#website\"},\"breadcrumb\":{\"@id\":\"https:\\\/\\\/ejornais.com.br\\\/index.php\\\/2026\\\/06\\\/22\\\/linha-463-comeca-a-operar-como-lecd-153-e-volta-a-ligar-sao-cristovao-a-copacabana-prefeitura-da-cidade-do-rio-de-janeiro\\\/#breadcrumblist\"},\"author\":{\"@id\":\"https:\\\/\\\/ejornais.com.br\\\/index.php\\\/author\\\/admin1\\\/#author\"},\"creator\":{\"@id\":\"https:\\\/\\\/ejornais.com.br\\\/index.php\\\/author\\\/admin1\\\/#author\"},\"datePublished\":\"2026-06-22T14:59:40-03:00\",\"dateModified\":\"2026-06-22T14:59:40-03:00\"},{\"@type\":\"WebSite\",\"@id\":\"https:\\\/\\\/ejornais.com.br\\\/#website\",\"url\":\"https:\\\/\\\/ejornais.com.br\\\/\",\"name\":\"eJornais\",\"description\":\"Cat\\u00e1logo de Jornais no mundo, Not\\u00edcias, Blog e Esportes ao vivo\",\"inLanguage\":\"pt-BR\",\"publisher\":{\"@id\":\"https:\\\/\\\/ejornais.com.br\\\/#organization\"}}]}\n\t\t<\/script>\n\t\t<!-- All in One SEO -->\n\n","aioseo_head_json":{"title":"Linha 463 come\u00e7a a operar como LECD 153 e volta a ligar S\u00e3o Crist\u00f3v\u00e3o a Copacabana \u2013 Prefeitura da Cidade do Rio de Janeiro - eJornais","description":"A Prefeitura do Rio retomou, a partir deste domingo (21\/06), a opera\u00e7\u00e3o da linha 463, que, neste primeiro momento, circular\u00e1 com a numera\u00e7\u00e3o LECD 153, ligando S\u00e3o Crist\u00f3v\u00e3o a Copacabana. O servi\u00e7o ser\u00e1 realizado com ve\u00edculos novos, equipados com ar-condicionado, acessibilidade e a nova identidade visual do Sistema RIO. A linha ter\u00e1 ponto inicial em","canonical_url":"https:\/\/ejornais.com.br\/index.php\/2026\/06\/22\/linha-463-comeca-a-operar-como-lecd-153-e-volta-a-ligar-sao-cristovao-a-copacabana-prefeitura-da-cidade-do-rio-de-janeiro\/","robots":"max-image-preview:large","keywords":"","webmasterTools":{"miscellaneous":""},"schema":{"@context":"https:\/\/schema.org","@graph":[{"@type":"BlogPosting","@id":"https:\/\/ejornais.com.br\/index.php\/2026\/06\/22\/linha-463-comeca-a-operar-como-lecd-153-e-volta-a-ligar-sao-cristovao-a-copacabana-prefeitura-da-cidade-do-rio-de-janeiro\/#blogposting","name":"Linha 463 come\u00e7a a operar como LECD 153 e volta a ligar S\u00e3o Crist\u00f3v\u00e3o a Copacabana \u2013 Prefeitura da Cidade do Rio de Janeiro - eJornais","headline":"Linha 463 come\u00e7a a operar como LECD 153 e volta a ligar S\u00e3o Crist\u00f3v\u00e3o a Copacabana &#8211; Prefeitura da Cidade do Rio de Janeiro","author":{"@id":"https:\/\/ejornais.com.br\/index.php\/author\/admin1\/#author"},"publisher":{"@id":"https:\/\/ejornais.com.br\/#organization"},"datePublished":"2026-06-22T14:59:40-03:00","dateModified":"2026-06-22T14:59:40-03:00","inLanguage":"pt-BR","mainEntityOfPage":{"@id":"https:\/\/ejornais.com.br\/index.php\/2026\/06\/22\/linha-463-comeca-a-operar-como-lecd-153-e-volta-a-ligar-sao-cristovao-a-copacabana-prefeitura-da-cidade-do-rio-de-janeiro\/#webpage"},"isPartOf":{"@id":"https:\/\/ejornais.com.br\/index.php\/2026\/06\/22\/linha-463-comeca-a-operar-como-lecd-153-e-volta-a-ligar-sao-cristovao-a-copacabana-prefeitura-da-cidade-do-rio-de-janeiro\/#webpage"},"articleSection":"Cat\u00e1logo de Jornais"},{"@type":"BreadcrumbList","@id":"https:\/\/ejornais.com.br\/index.php\/2026\/06\/22\/linha-463-comeca-a-operar-como-lecd-153-e-volta-a-ligar-sao-cristovao-a-copacabana-prefeitura-da-cidade-do-rio-de-janeiro\/#breadcrumblist","itemListElement":[{"@type":"ListItem","@id":"https:\/\/ejornais.com.br#listItem","position":1,"name":"In\u00edcio","item":"https:\/\/ejornais.com.br","nextItem":{"@type":"ListItem","@id":"https:\/\/ejornais.com.br\/index.php\/category\/ejornais\/#listItem","name":"Cat\u00e1logo de Jornais"}},{"@type":"ListItem","@id":"https:\/\/ejornais.com.br\/index.php\/category\/ejornais\/#listItem","position":2,"name":"Cat\u00e1logo de Jornais","item":"https:\/\/ejornais.com.br\/index.php\/category\/ejornais\/","nextItem":{"@type":"ListItem","@id":"https:\/\/ejornais.com.br\/index.php\/2026\/06\/22\/linha-463-comeca-a-operar-como-lecd-153-e-volta-a-ligar-sao-cristovao-a-copacabana-prefeitura-da-cidade-do-rio-de-janeiro\/#listItem","name":"Linha 463 come\u00e7a a operar como LECD 153 e volta a ligar S\u00e3o Crist\u00f3v\u00e3o a Copacabana &#8211; Prefeitura da Cidade do Rio de Janeiro"},"previousItem":{"@type":"ListItem","@id":"https:\/\/ejornais.com.br#listItem","name":"In\u00edcio"}},{"@type":"ListItem","@id":"https:\/\/ejornais.com.br\/index.php\/2026\/06\/22\/linha-463-comeca-a-operar-como-lecd-153-e-volta-a-ligar-sao-cristovao-a-copacabana-prefeitura-da-cidade-do-rio-de-janeiro\/#listItem","position":3,"name":"Linha 463 come\u00e7a a operar como LECD 153 e volta a ligar S\u00e3o Crist\u00f3v\u00e3o a Copacabana &#8211; Prefeitura da Cidade do Rio de Janeiro","previousItem":{"@type":"ListItem","@id":"https:\/\/ejornais.com.br\/index.php\/category\/ejornais\/#listItem","name":"Cat\u00e1logo de Jornais"}}]},{"@type":"Organization","@id":"https:\/\/ejornais.com.br\/#organization","name":"eJornais","description":"Cat\u00e1logo de Jornais no mundo, Not\u00edcias, Blog e Esportes ao vivo","url":"https:\/\/ejornais.com.br\/"},{"@type":"Person","@id":"https:\/\/ejornais.com.br\/index.php\/author\/admin1\/#author","url":"https:\/\/ejornais.com.br\/index.php\/author\/admin1\/","name":"admin1","image":{"@type":"ImageObject","@id":"https:\/\/ejornais.com.br\/index.php\/2026\/06\/22\/linha-463-comeca-a-operar-como-lecd-153-e-volta-a-ligar-sao-cristovao-a-copacabana-prefeitura-da-cidade-do-rio-de-janeiro\/#authorImage","url":"https:\/\/secure.gravatar.com\/avatar\/04084e6d73c042b8646e7c17b494073bf0ede3ea13c7105cfc45cbbbc28385a4?s=96&d=mm&r=g","width":96,"height":96,"caption":"admin1"}},{"@type":"WebPage","@id":"https:\/\/ejornais.com.br\/index.php\/2026\/06\/22\/linha-463-comeca-a-operar-como-lecd-153-e-volta-a-ligar-sao-cristovao-a-copacabana-prefeitura-da-cidade-do-rio-de-janeiro\/#webpage","url":"https:\/\/ejornais.com.br\/index.php\/2026\/06\/22\/linha-463-comeca-a-operar-como-lecd-153-e-volta-a-ligar-sao-cristovao-a-copacabana-prefeitura-da-cidade-do-rio-de-janeiro\/","name":"Linha 463 come\u00e7a a operar como LECD 153 e volta a ligar S\u00e3o Crist\u00f3v\u00e3o a Copacabana \u2013 Prefeitura da Cidade do Rio de Janeiro - eJornais","description":"A Prefeitura do Rio retomou, a partir deste domingo (21\/06), a opera\u00e7\u00e3o da linha 463, que, neste primeiro momento, circular\u00e1 com a numera\u00e7\u00e3o LECD 153, ligando S\u00e3o Crist\u00f3v\u00e3o a Copacabana. O servi\u00e7o ser\u00e1 realizado com ve\u00edculos novos, equipados com ar-condicionado, acessibilidade e a nova identidade visual do Sistema RIO. A linha ter\u00e1 ponto inicial em","inLanguage":"pt-BR","isPartOf":{"@id":"https:\/\/ejornais.com.br\/#website"},"breadcrumb":{"@id":"https:\/\/ejornais.com.br\/index.php\/2026\/06\/22\/linha-463-comeca-a-operar-como-lecd-153-e-volta-a-ligar-sao-cristovao-a-copacabana-prefeitura-da-cidade-do-rio-de-janeiro\/#breadcrumblist"},"author":{"@id":"https:\/\/ejornais.com.br\/index.php\/author\/admin1\/#author"},"creator":{"@id":"https:\/\/ejornais.com.br\/index.php\/author\/admin1\/#author"},"datePublished":"2026-06-22T14:59:40-03:00","dateModified":"2026-06-22T14:59:40-03:00"},{"@type":"WebSite","@id":"https:\/\/ejornais.com.br\/#website","url":"https:\/\/ejornais.com.br\/","name":"eJornais","description":"Cat\u00e1logo de Jornais no mundo, Not\u00edcias, Blog e Esportes ao vivo","inLanguage":"pt-BR","publisher":{"@id":"https:\/\/ejornais.com.br\/#organization"}}]},"og:locale":"pt_BR","og:site_name":"eJornais - Cat\u00e1logo de Jornais no mundo, Not\u00edcias, Blog e Esportes ao vivo","og:type":"article","og:title":"Linha 463 come\u00e7a a operar como LECD 153 e volta a ligar S\u00e3o Crist\u00f3v\u00e3o a Copacabana \u2013 Prefeitura da Cidade do Rio de Janeiro - eJornais","og:description":"A Prefeitura do Rio retomou, a partir deste domingo (21\/06), a opera\u00e7\u00e3o da linha 463, que, neste primeiro momento, circular\u00e1 com a numera\u00e7\u00e3o LECD 153, ligando S\u00e3o Crist\u00f3v\u00e3o a Copacabana. O servi\u00e7o ser\u00e1 realizado com ve\u00edculos novos, equipados com ar-condicionado, acessibilidade e a nova identidade visual do Sistema RIO. A linha ter\u00e1 ponto inicial em","og:url":"https:\/\/ejornais.com.br\/index.php\/2026\/06\/22\/linha-463-comeca-a-operar-como-lecd-153-e-volta-a-ligar-sao-cristovao-a-copacabana-prefeitura-da-cidade-do-rio-de-janeiro\/","article:published_time":"2026-06-22T17:59:40+00:00","article:modified_time":"2026-06-22T17:59:40+00:00","twitter:card":"summary_large_image","twitter:title":"Linha 463 come\u00e7a a operar como LECD 153 e volta a ligar S\u00e3o Crist\u00f3v\u00e3o a Copacabana \u2013 Prefeitura da Cidade do Rio de Janeiro - eJornais","twitter:description":"A Prefeitura do Rio retomou, a partir deste domingo (21\/06), a opera\u00e7\u00e3o da linha 463, que, neste primeiro momento, circular\u00e1 com a numera\u00e7\u00e3o LECD 153, ligando S\u00e3o Crist\u00f3v\u00e3o a Copacabana. O servi\u00e7o ser\u00e1 realizado com ve\u00edculos novos, equipados com ar-condicionado, acessibilidade e a nova identidade visual do Sistema RIO. A linha ter\u00e1 ponto inicial em"},"aioseo_meta_data":{"post_id":"67979","title":null,"description":null,"keywords":null,"keyphrases":null,"primary_term":null,"canonical_url":null,"og_title":null,"og_description":null,"og_object_type":"default","og_image_type":"default","og_image_url":null,"og_image_width":null,"og_image_height":null,"og_image_custom_url":null,"og_image_custom_fields":null,"og_video":null,"og_custom_url":null,"og_article_section":null,"og_article_tags":null,"twitter_use_og":false,"twitter_card":"default","twitter_image_type":"default","twitter_image_url":null,"twitter_image_custom_url":null,"twitter_image_custom_fields":null,"twitter_title":null,"twitter_description":null,"schema":{"blockGraphs":[],"customGraphs":[],"default":{"data":{"Article":[],"Course":[],"Dataset":[],"FAQPage":[],"Movie":[],"Person":[],"Product":[],"ProductReview":[],"Car":[],"Recipe":[],"Service":[],"SoftwareApplication":[],"WebPage":[]},"graphName":"","isEnabled":true},"graphs":[]},"schema_type":"default","schema_type_options":null,"pillar_content":false,"robots_default":true,"robots_noindex":false,"robots_noarchive":false,"robots_nosnippet":false,"robots_nofollow":false,"robots_noimageindex":false,"robots_noodp":false,"robots_notranslate":false,"robots_max_snippet":null,"robots_max_videopreview":null,"robots_max_imagepreview":"large","priority":null,"frequency":null,"local_seo":null,"breadcrumb_settings":null,"limit_modified_date":false,"ai":null,"created":"2026-07-11 12:25:38","updated":"2026-07-11 12:25:38","seo_analyzer_scan_date":null,"focus_keyword":null,"additional_keywords":null,"truseo_locale":null},"aioseo_breadcrumb":"<div class=\"aioseo-breadcrumbs\"><span class=\"aioseo-breadcrumb\">\n\t\t\t<a href=\"https:\/\/ejornais.com.br\" title=\"In\u00edcio\">In\u00edcio<\/a>\n\t\t<\/span><span class=\"aioseo-breadcrumb-separator\">&raquo;<\/span><span class=\"aioseo-breadcrumb\">\n\t\t\t<a href=\"https:\/\/ejornais.com.br\/index.php\/category\/ejornais\/\" title=\"Cat\u00e1logo de Jornais\">Cat\u00e1logo de Jornais<\/a>\n\t\t<\/span><span class=\"aioseo-breadcrumb-separator\">&raquo;<\/span><span class=\"aioseo-breadcrumb\">\n\t\t\tLinha 463 come\u00e7a a operar como LECD 153 e volta a ligar S\u00e3o Crist\u00f3v\u00e3o a Copacabana \u2013 Prefeitura da Cidade do Rio de Janeiro\n\t\t<\/span><\/div>","aioseo_breadcrumb_json":[{"label":"In\u00edcio","link":"https:\/\/ejornais.com.br"},{"label":"Cat\u00e1logo de Jornais","link":"https:\/\/ejornais.com.br\/index.php\/category\/ejornais\/"},{"label":"Linha 463 come\u00e7a a operar como LECD 153 e volta a ligar S\u00e3o Crist\u00f3v\u00e3o a Copacabana &#8211; Prefeitura da Cidade do Rio de Janeiro","link":"https:\/\/ejornais.com.br\/index.php\/2026\/06\/22\/linha-463-comeca-a-operar-como-lecd-153-e-volta-a-ligar-sao-cristovao-a-copacabana-prefeitura-da-cidade-do-rio-de-janeiro\/"}],"amp_enabled":true,"_links":{"self":[{"href":"https:\/\/ejornais.com.br\/index.php\/wp-json\/wp\/v2\/posts\/67979","targetHints":{"allow":["GET"]}}],"collection":[{"href":"https:\/\/ejornais.com.br\/index.php\/wp-json\/wp\/v2\/posts"}],"about":[{"href":"https:\/\/ejornais.com.br\/index.php\/wp-json\/wp\/v2\/types\/post"}],"author":[{"embeddable":true,"href":"https:\/\/ejornais.com.br\/index.php\/wp-json\/wp\/v2\/users\/2"}],"replies":[{"embeddable":true,"href":"https:\/\/ejornais.com.br\/index.php\/wp-json\/wp\/v2\/comments?post=67979"}],"version-history":[{"count":0,"href":"https:\/\/ejornais.com.br\/index.php\/wp-json\/wp\/v2\/posts\/67979\/revisions"}],"wp:attachment":[{"href":"https:\/\/ejornais.com.br\/index.php\/wp-json\/wp\/v2\/media?parent=67979"}],"wp:term":[{"taxonomy":"category","embeddable":true,"href":"https:\/\/ejornais.com.br\/index.php\/wp-json\/wp\/v2\/categories?post=67979"},{"taxonomy":"post_tag","embeddable":true,"href":"https:\/\/ejornais.com.br\/index.php\/wp-json\/wp\/v2\/tags?post=67979"}],"curies":[{"name":"wp","href":"https:\/\/api.w.org\/{rel}","templated":true}]}}