{"id":68169,"date":"2026-06-25T13:10:23","date_gmt":"2026-06-25T16:10:23","guid":{"rendered":"https:\/\/ejornais.com.br\/index.php\/2026\/06\/25\/ms-abre-chamamento-internacional-para-estruturar-mercado-de-creditos-de-carbono-e-atrair-investimentos\/"},"modified":"2026-06-25T13:10:23","modified_gmt":"2026-06-25T16:10:23","slug":"ms-abre-chamamento-internacional-para-estruturar-mercado-de-creditos-de-carbono-e-atrair-investimentos","status":"publish","type":"post","link":"https:\/\/ejornais.com.br\/index.php\/2026\/06\/25\/ms-abre-chamamento-internacional-para-estruturar-mercado-de-creditos-de-carbono-e-atrair-investimentos\/","title":{"rendered":"MS abre chamamento internacional para estruturar mercado de cr\u00e9ditos de carbono e atrair investimentos"},"content":{"rendered":"<p><\/p>\n<div>\n<p style=\"font-weight: 400; text-align: center;\"><em>Primeiro edital da MS Ativos Ambientais busca parceiro estrat\u00e9gico para desenvolver projetos de carbono, restaura\u00e7\u00e3o ecol\u00f3gica e REDD+, consolidando nova etapa da economia verde no Estado<\/em><\/p>\n<p style=\"font-weight: 400;\">Mato Grosso do Sul deu mais um passo na consolida\u00e7\u00e3o da economia de ativos ambientais. Foi publicado na edi\u00e7\u00e3o de quarta-feira (24) do Di\u00e1rio Oficial do Estado o <span style=\"color: #0000ff;\">Edital de Chamamento P\u00fablico n\u00ba 001\/2026 da MS Ativos Ambientais<\/span>, primeiro processo voltado \u00e0 sele\u00e7\u00e3o de um parceiro estrat\u00e9gico, nacional ou internacional, para estruturar, implementar, certificar, comercializar e gerir cr\u00e9ditos de carbono gerados em territ\u00f3rio sul-mato-grossense.<\/p>\n<p style=\"font-weight: 400;\">O edital marca o in\u00edcio de uma nova fase da pol\u00edtica estadual de clima e desenvolvimento sustent\u00e1vel ao conectar conserva\u00e7\u00e3o ambiental, mercado internacional e atra\u00e7\u00e3o de investimentos privados. A parceria abranger\u00e1 projetos de restaura\u00e7\u00e3o ecol\u00f3gica, Solu\u00e7\u00f5es Baseadas na Natureza (SbN), REDD+ e o Programa Jurisdicional de REDD+ de Mato Grosso do Sul, autorizado pela Semadesc, ampliando a capacidade t\u00e9cnica e comercial da companhia para atuar no mercado global de carbono.<\/p>\n<p style=\"font-weight: 400;\">O lan\u00e7amento do edital ocorre no momento em que o secret\u00e1rio Artur Falcette, da Semadesc (Secretaria de Meio Ambiente, Desenvolvimento, Ci\u00eancia, Tecnologia e Inova\u00e7\u00e3o) representa o Governo de Mato Grosso do Sul na London Climate Action Week (LCAW), em Londres.<\/p>\n<p style=\"font-weight: 400;\">\u201cEsse primeiro edital, lan\u00e7ado pela companhia que foi criada para fazer a gest\u00e3o e explora\u00e7\u00e3o desses ativos, \u00e9 aberto para institui\u00e7\u00f5es nacionais e internacionais que atuem nessa \u00e1rea. Ele prev\u00ea projetos de carbono voltados para Solu\u00e7\u00f5es Baseadas na Natureza, projetos REDD+, que s\u00e3o os cr\u00e9ditos oriundos da redu\u00e7\u00e3o do desmatamento e da degrada\u00e7\u00e3o, que Mato Grosso do Sul j\u00e1 tem autoriza\u00e7\u00e3o do ConaRED para certificar e comercializar, al\u00e9m de projetos de restaura\u00e7\u00e3o&#8221;, afirmou.<\/p>\n<p style=\"font-weight: 400;\">Segundo Falcette, o objetivo \u00e9 selecionar um parceiro da iniciativa privada que re\u00fana capacidade t\u00e9cnica, financeira e experi\u00eancia internacional para constituir uma Sociedade de Prop\u00f3sito Espec\u00edfico (SPE) com a MS Ativos Ambientais, respons\u00e1vel pela estrutura\u00e7\u00e3o e explora\u00e7\u00e3o desses ativos ambientais.<\/p>\n<p style=\"font-weight: 400;\">\u201cCom crit\u00e9rios bastante rigorosos do ponto de vista t\u00e9cnico e financeiro, o Estado busca formar uma parceria capaz de estruturar esses projetos ao longo do tempo, internalizando recursos e distribuindo os benef\u00edcios por meio de uma governan\u00e7a moderna e transparente, alcan\u00e7ando comunidades tradicionais, povos ind\u00edgenas e todos aqueles que contribu\u00edrem para a gera\u00e7\u00e3o desses ativos ambientais\u201d, explicou.<\/p>\n<div id=\"gallery-1\" class=\"gallery galleryid-545354 gallery-columns-1 gallery-size-large\">\n<figure class=\"gallery-item\">\n<div class=\"gallery-icon landscape\"><\/div><figcaption class=\"wp-caption-text gallery-caption\" id=\"gallery-1-545357\">\n\t\t\t\tSecret\u00e1rio de MS, Artur Falcette ao lado dos demais palestrantes<br \/>\n\t\t\t\t<\/figcaption><\/figure>\n<\/p><\/div>\n<p>\u00a0<\/p>\n<p>Para o secret\u00e1rio, a iniciativa representa a consolida\u00e7\u00e3o da economia de ativos ambientais como pol\u00edtica p\u00fablica de desenvolvimento. \u201cCom isso, solidificamos a vis\u00e3o da economia de ativos ambientais no nosso Estado, atribuindo valor a esses ativos e transformando esse valor em desenvolvimento para Mato Grosso do Sul e para a popula\u00e7\u00e3o. Estamos tirando a agenda clim\u00e1tica do campo da ret\u00f3rica para transform\u00e1-la tamb\u00e9m em oportunidade de neg\u00f3cios, fortalecendo as a\u00e7\u00f5es de mitiga\u00e7\u00e3o e adapta\u00e7\u00e3o \u00e0s mudan\u00e7as clim\u00e1ticas\u201d, completou.<\/p>\n<p style=\"font-weight: 400;\"><strong>Parceiro vai investir na estrutura\u00e7\u00e3o dos projetos<\/strong><\/p>\n<p style=\"font-weight: 400;\">Diferente de uma contrata\u00e7\u00e3o convencional, o edital busca um parceiro-investidor. Caber\u00e1 \u00e0 empresa ou cons\u00f3rcio selecionado aportar os recursos financeiros necess\u00e1rios para estruturar os projetos, desenvolver a certifica\u00e7\u00e3o, organizar a comercializa\u00e7\u00e3o internacional e operar toda a estrat\u00e9gia de mercado dos cr\u00e9ditos de carbono. Outra diretriz considerada estrat\u00e9gica \u00e9 a proibi\u00e7\u00e3o da venda antecipada de cr\u00e9ditos ainda n\u00e3o certificados. A medida fortalece a seguran\u00e7a jur\u00eddica da opera\u00e7\u00e3o e preserva a credibilidade dos ativos ambientais produzidos em Mato Grosso do Sul.<\/p>\n<p style=\"font-weight: 400;\">O edital tamb\u00e9m estabelece salvaguardas socioambientais que incluem transpar\u00eancia, integridade, reparti\u00e7\u00e3o de benef\u00edcios para povos ind\u00edgenas, comunidades tradicionais e agricultores familiares, quando aplic\u00e1vel. Al\u00e9m disso, toda opera\u00e7\u00e3o depender\u00e1 da certifica\u00e7\u00e3o dos cr\u00e9ditos, da verifica\u00e7\u00e3o independente dos resultados e da realiza\u00e7\u00e3o da Consulta Livre, Pr\u00e9via e Informada (CLPI), conforme prev\u00ea a Conven\u00e7\u00e3o 169 da Organiza\u00e7\u00e3o Internacional do Trabalho (OIT).<\/p>\n<p style=\"font-weight: 400;\">O processo de sele\u00e7\u00e3o busca empresas com experi\u00eancia comprovada em estrutura\u00e7\u00e3o de projetos de carbono, negocia\u00e7\u00e3o internacional de cr\u00e9ditos e atua\u00e7\u00e3o nos mercados volunt\u00e1rio e regulado. A pontua\u00e7\u00e3o m\u00e1xima ser\u00e1 de 2.000 pontos, distribu\u00eddos entre estrutura t\u00e9cnica (1.000 pontos), estrutura econ\u00f4mica (700 pontos) e estrutura jur\u00eddica (300 pontos), demonstrando que a experi\u00eancia pr\u00e1tica e a capacidade operacional ter\u00e3o maior peso na escolha do parceiro estrat\u00e9gico.<\/p>\n<p style=\"font-weight: 400;\">As propostas poder\u00e3o ser apresentadas durante 30 dias \u00fateis a partir da publica\u00e7\u00e3o do edital. Ap\u00f3s a fase de avalia\u00e7\u00e3o, ser\u00e1 iniciado o processo de negocia\u00e7\u00e3o para formaliza\u00e7\u00e3o da parceria entre a empresa vencedora e a MS Ativos Ambientais.<\/p>\n<p><i>Marcelo Arm\u00f4a, Comunica\u00e7\u00e3o Semadesc<\/i><\/p>\n<\/div>\n","protected":false},"excerpt":{"rendered":"<p>Primeiro edital da MS Ativos Ambientais busca parceiro estrat\u00e9gico para desenvolver projetos de carbono, restaura\u00e7\u00e3o ecol\u00f3gica e REDD+, consolidando nova<\/p>\n","protected":false},"author":2,"featured_media":0,"comment_status":"","ping_status":"","sticky":false,"template":"","format":"standard","meta":{"colormag_page_container_layout":"default_layout","colormag_page_sidebar_layout":"default_layout","footnotes":""},"categories":[1],"tags":[],"class_list":["post-68169","post","type-post","status-publish","format-standard","hentry","category-ejornais"],"aioseo_notices":[],"aioseo_head":"\n\t\t<!-- All in One SEO 5.0.1.1 - aioseo.com -->\n\t<meta name=\"description\" content=\"Primeiro edital da MS Ativos Ambientais busca parceiro estrat\u00e9gico para desenvolver projetos de carbono, restaura\u00e7\u00e3o ecol\u00f3gica e REDD+, consolidando nova etapa da economia verde no Estado Mato Grosso do Sul deu mais um passo na consolida\u00e7\u00e3o da economia de ativos ambientais. Foi publicado na edi\u00e7\u00e3o de quarta-feira (24) do Di\u00e1rio Oficial do Estado o Edital\" \/>\n\t<meta name=\"robots\" content=\"max-image-preview:large\" \/>\n\t<meta name=\"author\" content=\"admin1\"\/>\n\t<link rel=\"canonical\" href=\"https:\/\/ejornais.com.br\/index.php\/2026\/06\/25\/ms-abre-chamamento-internacional-para-estruturar-mercado-de-creditos-de-carbono-e-atrair-investimentos\/\" \/>\n\t<meta name=\"generator\" content=\"All in One SEO (AIOSEO) 5.0.1.1\" \/>\n\t\t<meta property=\"og:locale\" content=\"pt_BR\" \/>\n\t\t<meta property=\"og:site_name\" content=\"eJornais - Cat\u00e1logo de Jornais no mundo, Not\u00edcias, Blog e Esportes ao vivo\" \/>\n\t\t<meta property=\"og:type\" content=\"article\" \/>\n\t\t<meta property=\"og:title\" content=\"MS abre chamamento internacional para estruturar mercado de cr\u00e9ditos de carbono e atrair investimentos - eJornais\" \/>\n\t\t<meta property=\"og:description\" content=\"Primeiro edital da MS Ativos Ambientais busca parceiro estrat\u00e9gico para desenvolver projetos de carbono, restaura\u00e7\u00e3o ecol\u00f3gica e REDD+, consolidando nova etapa da economia verde no Estado Mato Grosso do Sul deu mais um passo na consolida\u00e7\u00e3o da economia de ativos ambientais. Foi publicado na edi\u00e7\u00e3o de quarta-feira (24) do Di\u00e1rio Oficial do Estado o Edital\" \/>\n\t\t<meta property=\"og:url\" content=\"https:\/\/ejornais.com.br\/index.php\/2026\/06\/25\/ms-abre-chamamento-internacional-para-estruturar-mercado-de-creditos-de-carbono-e-atrair-investimentos\/\" \/>\n\t\t<meta property=\"article:published_time\" content=\"2026-06-25T16:10:23+00:00\" \/>\n\t\t<meta property=\"article:modified_time\" content=\"2026-06-25T16:10:23+00:00\" \/>\n\t\t<meta name=\"twitter:card\" content=\"summary_large_image\" \/>\n\t\t<meta name=\"twitter:title\" content=\"MS abre chamamento internacional para estruturar mercado de cr\u00e9ditos de carbono e atrair investimentos - eJornais\" \/>\n\t\t<meta name=\"twitter:description\" content=\"Primeiro edital da MS Ativos Ambientais busca parceiro estrat\u00e9gico para desenvolver projetos de carbono, restaura\u00e7\u00e3o ecol\u00f3gica e REDD+, consolidando nova etapa da economia verde no Estado Mato Grosso do Sul deu mais um passo na consolida\u00e7\u00e3o da economia de ativos ambientais. Foi publicado na edi\u00e7\u00e3o de quarta-feira (24) do Di\u00e1rio Oficial do Estado o Edital\" \/>\n\t\t<script type=\"application\/ld+json\" class=\"aioseo-schema\">\n\t\t\t{\"@context\":\"https:\\\/\\\/schema.org\",\"@graph\":[{\"@type\":\"BlogPosting\",\"@id\":\"https:\\\/\\\/ejornais.com.br\\\/index.php\\\/2026\\\/06\\\/25\\\/ms-abre-chamamento-internacional-para-estruturar-mercado-de-creditos-de-carbono-e-atrair-investimentos\\\/#blogposting\",\"name\":\"MS abre chamamento internacional para estruturar mercado de cr\\u00e9ditos de carbono e atrair investimentos - eJornais\",\"headline\":\"MS abre chamamento internacional para estruturar mercado de cr\\u00e9ditos de carbono e atrair investimentos\",\"author\":{\"@id\":\"https:\\\/\\\/ejornais.com.br\\\/index.php\\\/author\\\/admin1\\\/#author\"},\"publisher\":{\"@id\":\"https:\\\/\\\/ejornais.com.br\\\/#organization\"},\"datePublished\":\"2026-06-25T13:10:23-03:00\",\"dateModified\":\"2026-06-25T13:10:23-03:00\",\"inLanguage\":\"pt-BR\",\"mainEntityOfPage\":{\"@id\":\"https:\\\/\\\/ejornais.com.br\\\/index.php\\\/2026\\\/06\\\/25\\\/ms-abre-chamamento-internacional-para-estruturar-mercado-de-creditos-de-carbono-e-atrair-investimentos\\\/#webpage\"},\"isPartOf\":{\"@id\":\"https:\\\/\\\/ejornais.com.br\\\/index.php\\\/2026\\\/06\\\/25\\\/ms-abre-chamamento-internacional-para-estruturar-mercado-de-creditos-de-carbono-e-atrair-investimentos\\\/#webpage\"},\"articleSection\":\"Cat\\u00e1logo de Jornais\"},{\"@type\":\"BreadcrumbList\",\"@id\":\"https:\\\/\\\/ejornais.com.br\\\/index.php\\\/2026\\\/06\\\/25\\\/ms-abre-chamamento-internacional-para-estruturar-mercado-de-creditos-de-carbono-e-atrair-investimentos\\\/#breadcrumblist\",\"itemListElement\":[{\"@type\":\"ListItem\",\"@id\":\"https:\\\/\\\/ejornais.com.br#listItem\",\"position\":1,\"name\":\"In\\u00edcio\",\"item\":\"https:\\\/\\\/ejornais.com.br\",\"nextItem\":{\"@type\":\"ListItem\",\"@id\":\"https:\\\/\\\/ejornais.com.br\\\/index.php\\\/category\\\/ejornais\\\/#listItem\",\"name\":\"Cat\\u00e1logo de Jornais\"}},{\"@type\":\"ListItem\",\"@id\":\"https:\\\/\\\/ejornais.com.br\\\/index.php\\\/category\\\/ejornais\\\/#listItem\",\"position\":2,\"name\":\"Cat\\u00e1logo de Jornais\",\"item\":\"https:\\\/\\\/ejornais.com.br\\\/index.php\\\/category\\\/ejornais\\\/\",\"nextItem\":{\"@type\":\"ListItem\",\"@id\":\"https:\\\/\\\/ejornais.com.br\\\/index.php\\\/2026\\\/06\\\/25\\\/ms-abre-chamamento-internacional-para-estruturar-mercado-de-creditos-de-carbono-e-atrair-investimentos\\\/#listItem\",\"name\":\"MS abre chamamento internacional para estruturar mercado de cr\\u00e9ditos de carbono e atrair investimentos\"},\"previousItem\":{\"@type\":\"ListItem\",\"@id\":\"https:\\\/\\\/ejornais.com.br#listItem\",\"name\":\"In\\u00edcio\"}},{\"@type\":\"ListItem\",\"@id\":\"https:\\\/\\\/ejornais.com.br\\\/index.php\\\/2026\\\/06\\\/25\\\/ms-abre-chamamento-internacional-para-estruturar-mercado-de-creditos-de-carbono-e-atrair-investimentos\\\/#listItem\",\"position\":3,\"name\":\"MS abre chamamento internacional para estruturar mercado de cr\\u00e9ditos de carbono e atrair investimentos\",\"previousItem\":{\"@type\":\"ListItem\",\"@id\":\"https:\\\/\\\/ejornais.com.br\\\/index.php\\\/category\\\/ejornais\\\/#listItem\",\"name\":\"Cat\\u00e1logo de Jornais\"}}]},{\"@type\":\"Organization\",\"@id\":\"https:\\\/\\\/ejornais.com.br\\\/#organization\",\"name\":\"eJornais\",\"description\":\"Cat\\u00e1logo de Jornais no mundo, Not\\u00edcias, Blog e Esportes ao vivo\",\"url\":\"https:\\\/\\\/ejornais.com.br\\\/\"},{\"@type\":\"Person\",\"@id\":\"https:\\\/\\\/ejornais.com.br\\\/index.php\\\/author\\\/admin1\\\/#author\",\"url\":\"https:\\\/\\\/ejornais.com.br\\\/index.php\\\/author\\\/admin1\\\/\",\"name\":\"admin1\",\"image\":{\"@type\":\"ImageObject\",\"@id\":\"https:\\\/\\\/ejornais.com.br\\\/index.php\\\/2026\\\/06\\\/25\\\/ms-abre-chamamento-internacional-para-estruturar-mercado-de-creditos-de-carbono-e-atrair-investimentos\\\/#authorImage\",\"url\":\"https:\\\/\\\/secure.gravatar.com\\\/avatar\\\/04084e6d73c042b8646e7c17b494073bf0ede3ea13c7105cfc45cbbbc28385a4?s=96&d=mm&r=g\",\"width\":96,\"height\":96,\"caption\":\"admin1\"}},{\"@type\":\"WebPage\",\"@id\":\"https:\\\/\\\/ejornais.com.br\\\/index.php\\\/2026\\\/06\\\/25\\\/ms-abre-chamamento-internacional-para-estruturar-mercado-de-creditos-de-carbono-e-atrair-investimentos\\\/#webpage\",\"url\":\"https:\\\/\\\/ejornais.com.br\\\/index.php\\\/2026\\\/06\\\/25\\\/ms-abre-chamamento-internacional-para-estruturar-mercado-de-creditos-de-carbono-e-atrair-investimentos\\\/\",\"name\":\"MS abre chamamento internacional para estruturar mercado de cr\\u00e9ditos de carbono e atrair investimentos - eJornais\",\"description\":\"Primeiro edital da MS Ativos Ambientais busca parceiro estrat\\u00e9gico para desenvolver projetos de carbono, restaura\\u00e7\\u00e3o ecol\\u00f3gica e REDD+, consolidando nova etapa da economia verde no Estado Mato Grosso do Sul deu mais um passo na consolida\\u00e7\\u00e3o da economia de ativos ambientais. Foi publicado na edi\\u00e7\\u00e3o de quarta-feira (24) do Di\\u00e1rio Oficial do Estado o Edital\",\"inLanguage\":\"pt-BR\",\"isPartOf\":{\"@id\":\"https:\\\/\\\/ejornais.com.br\\\/#website\"},\"breadcrumb\":{\"@id\":\"https:\\\/\\\/ejornais.com.br\\\/index.php\\\/2026\\\/06\\\/25\\\/ms-abre-chamamento-internacional-para-estruturar-mercado-de-creditos-de-carbono-e-atrair-investimentos\\\/#breadcrumblist\"},\"author\":{\"@id\":\"https:\\\/\\\/ejornais.com.br\\\/index.php\\\/author\\\/admin1\\\/#author\"},\"creator\":{\"@id\":\"https:\\\/\\\/ejornais.com.br\\\/index.php\\\/author\\\/admin1\\\/#author\"},\"datePublished\":\"2026-06-25T13:10:23-03:00\",\"dateModified\":\"2026-06-25T13:10:23-03:00\"},{\"@type\":\"WebSite\",\"@id\":\"https:\\\/\\\/ejornais.com.br\\\/#website\",\"url\":\"https:\\\/\\\/ejornais.com.br\\\/\",\"name\":\"eJornais\",\"description\":\"Cat\\u00e1logo de Jornais no mundo, Not\\u00edcias, Blog e Esportes ao vivo\",\"inLanguage\":\"pt-BR\",\"publisher\":{\"@id\":\"https:\\\/\\\/ejornais.com.br\\\/#organization\"}}]}\n\t\t<\/script>\n\t\t<!-- All in One SEO -->\n\n","aioseo_head_json":{"title":"MS abre chamamento internacional para estruturar mercado de cr\u00e9ditos de carbono e atrair investimentos - eJornais","description":"Primeiro edital da MS Ativos Ambientais busca parceiro estrat\u00e9gico para desenvolver projetos de carbono, restaura\u00e7\u00e3o ecol\u00f3gica e REDD+, consolidando nova etapa da economia verde no Estado Mato Grosso do Sul deu mais um passo na consolida\u00e7\u00e3o da economia de ativos ambientais. Foi publicado na edi\u00e7\u00e3o de quarta-feira (24) do Di\u00e1rio Oficial do Estado o Edital","canonical_url":"https:\/\/ejornais.com.br\/index.php\/2026\/06\/25\/ms-abre-chamamento-internacional-para-estruturar-mercado-de-creditos-de-carbono-e-atrair-investimentos\/","robots":"max-image-preview:large","keywords":"","webmasterTools":{"miscellaneous":""},"schema":{"@context":"https:\/\/schema.org","@graph":[{"@type":"BlogPosting","@id":"https:\/\/ejornais.com.br\/index.php\/2026\/06\/25\/ms-abre-chamamento-internacional-para-estruturar-mercado-de-creditos-de-carbono-e-atrair-investimentos\/#blogposting","name":"MS abre chamamento internacional para estruturar mercado de cr\u00e9ditos de carbono e atrair investimentos - eJornais","headline":"MS abre chamamento internacional para estruturar mercado de cr\u00e9ditos de carbono e atrair investimentos","author":{"@id":"https:\/\/ejornais.com.br\/index.php\/author\/admin1\/#author"},"publisher":{"@id":"https:\/\/ejornais.com.br\/#organization"},"datePublished":"2026-06-25T13:10:23-03:00","dateModified":"2026-06-25T13:10:23-03:00","inLanguage":"pt-BR","mainEntityOfPage":{"@id":"https:\/\/ejornais.com.br\/index.php\/2026\/06\/25\/ms-abre-chamamento-internacional-para-estruturar-mercado-de-creditos-de-carbono-e-atrair-investimentos\/#webpage"},"isPartOf":{"@id":"https:\/\/ejornais.com.br\/index.php\/2026\/06\/25\/ms-abre-chamamento-internacional-para-estruturar-mercado-de-creditos-de-carbono-e-atrair-investimentos\/#webpage"},"articleSection":"Cat\u00e1logo de Jornais"},{"@type":"BreadcrumbList","@id":"https:\/\/ejornais.com.br\/index.php\/2026\/06\/25\/ms-abre-chamamento-internacional-para-estruturar-mercado-de-creditos-de-carbono-e-atrair-investimentos\/#breadcrumblist","itemListElement":[{"@type":"ListItem","@id":"https:\/\/ejornais.com.br#listItem","position":1,"name":"In\u00edcio","item":"https:\/\/ejornais.com.br","nextItem":{"@type":"ListItem","@id":"https:\/\/ejornais.com.br\/index.php\/category\/ejornais\/#listItem","name":"Cat\u00e1logo de Jornais"}},{"@type":"ListItem","@id":"https:\/\/ejornais.com.br\/index.php\/category\/ejornais\/#listItem","position":2,"name":"Cat\u00e1logo de Jornais","item":"https:\/\/ejornais.com.br\/index.php\/category\/ejornais\/","nextItem":{"@type":"ListItem","@id":"https:\/\/ejornais.com.br\/index.php\/2026\/06\/25\/ms-abre-chamamento-internacional-para-estruturar-mercado-de-creditos-de-carbono-e-atrair-investimentos\/#listItem","name":"MS abre chamamento internacional para estruturar mercado de cr\u00e9ditos de carbono e atrair investimentos"},"previousItem":{"@type":"ListItem","@id":"https:\/\/ejornais.com.br#listItem","name":"In\u00edcio"}},{"@type":"ListItem","@id":"https:\/\/ejornais.com.br\/index.php\/2026\/06\/25\/ms-abre-chamamento-internacional-para-estruturar-mercado-de-creditos-de-carbono-e-atrair-investimentos\/#listItem","position":3,"name":"MS abre chamamento internacional para estruturar mercado de cr\u00e9ditos de carbono e atrair investimentos","previousItem":{"@type":"ListItem","@id":"https:\/\/ejornais.com.br\/index.php\/category\/ejornais\/#listItem","name":"Cat\u00e1logo de Jornais"}}]},{"@type":"Organization","@id":"https:\/\/ejornais.com.br\/#organization","name":"eJornais","description":"Cat\u00e1logo de Jornais no mundo, Not\u00edcias, Blog e Esportes ao vivo","url":"https:\/\/ejornais.com.br\/"},{"@type":"Person","@id":"https:\/\/ejornais.com.br\/index.php\/author\/admin1\/#author","url":"https:\/\/ejornais.com.br\/index.php\/author\/admin1\/","name":"admin1","image":{"@type":"ImageObject","@id":"https:\/\/ejornais.com.br\/index.php\/2026\/06\/25\/ms-abre-chamamento-internacional-para-estruturar-mercado-de-creditos-de-carbono-e-atrair-investimentos\/#authorImage","url":"https:\/\/secure.gravatar.com\/avatar\/04084e6d73c042b8646e7c17b494073bf0ede3ea13c7105cfc45cbbbc28385a4?s=96&d=mm&r=g","width":96,"height":96,"caption":"admin1"}},{"@type":"WebPage","@id":"https:\/\/ejornais.com.br\/index.php\/2026\/06\/25\/ms-abre-chamamento-internacional-para-estruturar-mercado-de-creditos-de-carbono-e-atrair-investimentos\/#webpage","url":"https:\/\/ejornais.com.br\/index.php\/2026\/06\/25\/ms-abre-chamamento-internacional-para-estruturar-mercado-de-creditos-de-carbono-e-atrair-investimentos\/","name":"MS abre chamamento internacional para estruturar mercado de cr\u00e9ditos de carbono e atrair investimentos - eJornais","description":"Primeiro edital da MS Ativos Ambientais busca parceiro estrat\u00e9gico para desenvolver projetos de carbono, restaura\u00e7\u00e3o ecol\u00f3gica e REDD+, consolidando nova etapa da economia verde no Estado Mato Grosso do Sul deu mais um passo na consolida\u00e7\u00e3o da economia de ativos ambientais. Foi publicado na edi\u00e7\u00e3o de quarta-feira (24) do Di\u00e1rio Oficial do Estado o Edital","inLanguage":"pt-BR","isPartOf":{"@id":"https:\/\/ejornais.com.br\/#website"},"breadcrumb":{"@id":"https:\/\/ejornais.com.br\/index.php\/2026\/06\/25\/ms-abre-chamamento-internacional-para-estruturar-mercado-de-creditos-de-carbono-e-atrair-investimentos\/#breadcrumblist"},"author":{"@id":"https:\/\/ejornais.com.br\/index.php\/author\/admin1\/#author"},"creator":{"@id":"https:\/\/ejornais.com.br\/index.php\/author\/admin1\/#author"},"datePublished":"2026-06-25T13:10:23-03:00","dateModified":"2026-06-25T13:10:23-03:00"},{"@type":"WebSite","@id":"https:\/\/ejornais.com.br\/#website","url":"https:\/\/ejornais.com.br\/","name":"eJornais","description":"Cat\u00e1logo de Jornais no mundo, Not\u00edcias, Blog e Esportes ao vivo","inLanguage":"pt-BR","publisher":{"@id":"https:\/\/ejornais.com.br\/#organization"}}]},"og:locale":"pt_BR","og:site_name":"eJornais - Cat\u00e1logo de Jornais no mundo, Not\u00edcias, Blog e Esportes ao vivo","og:type":"article","og:title":"MS abre chamamento internacional para estruturar mercado de cr\u00e9ditos de carbono e atrair investimentos - eJornais","og:description":"Primeiro edital da MS Ativos Ambientais busca parceiro estrat\u00e9gico para desenvolver projetos de carbono, restaura\u00e7\u00e3o ecol\u00f3gica e REDD+, consolidando nova etapa da economia verde no Estado Mato Grosso do Sul deu mais um passo na consolida\u00e7\u00e3o da economia de ativos ambientais. Foi publicado na edi\u00e7\u00e3o de quarta-feira (24) do Di\u00e1rio Oficial do Estado o Edital","og:url":"https:\/\/ejornais.com.br\/index.php\/2026\/06\/25\/ms-abre-chamamento-internacional-para-estruturar-mercado-de-creditos-de-carbono-e-atrair-investimentos\/","article:published_time":"2026-06-25T16:10:23+00:00","article:modified_time":"2026-06-25T16:10:23+00:00","twitter:card":"summary_large_image","twitter:title":"MS abre chamamento internacional para estruturar mercado de cr\u00e9ditos de carbono e atrair investimentos - eJornais","twitter:description":"Primeiro edital da MS Ativos Ambientais busca parceiro estrat\u00e9gico para desenvolver projetos de carbono, restaura\u00e7\u00e3o ecol\u00f3gica e REDD+, consolidando nova etapa da economia verde no Estado Mato Grosso do Sul deu mais um passo na consolida\u00e7\u00e3o da economia de ativos ambientais. Foi publicado na edi\u00e7\u00e3o de quarta-feira (24) do Di\u00e1rio Oficial do Estado o Edital"},"aioseo_meta_data":{"post_id":"68169","title":null,"description":null,"keywords":null,"keyphrases":null,"primary_term":null,"canonical_url":null,"og_title":null,"og_description":null,"og_object_type":"default","og_image_type":"default","og_image_url":null,"og_image_width":null,"og_image_height":null,"og_image_custom_url":null,"og_image_custom_fields":null,"og_video":null,"og_custom_url":null,"og_article_section":null,"og_article_tags":null,"twitter_use_og":false,"twitter_card":"default","twitter_image_type":"default","twitter_image_url":null,"twitter_image_custom_url":null,"twitter_image_custom_fields":null,"twitter_title":null,"twitter_description":null,"schema":{"blockGraphs":[],"customGraphs":[],"default":{"data":{"Article":[],"Course":[],"Dataset":[],"FAQPage":[],"Movie":[],"Person":[],"Product":[],"ProductReview":[],"Car":[],"Recipe":[],"Service":[],"SoftwareApplication":[],"WebPage":[]},"graphName":"","isEnabled":true},"graphs":[]},"schema_type":"default","schema_type_options":null,"pillar_content":false,"robots_default":true,"robots_noindex":false,"robots_noarchive":false,"robots_nosnippet":false,"robots_nofollow":false,"robots_noimageindex":false,"robots_noodp":false,"robots_notranslate":false,"robots_max_snippet":null,"robots_max_videopreview":null,"robots_max_imagepreview":"large","priority":null,"frequency":null,"local_seo":null,"breadcrumb_settings":null,"limit_modified_date":false,"ai":null,"created":"2026-07-11 13:09:48","updated":"2026-07-11 13:09:48","seo_analyzer_scan_date":null,"focus_keyword":null,"additional_keywords":null,"truseo_locale":null},"aioseo_breadcrumb":"<div class=\"aioseo-breadcrumbs\"><span class=\"aioseo-breadcrumb\">\n\t\t\t<a href=\"https:\/\/ejornais.com.br\" title=\"In\u00edcio\">In\u00edcio<\/a>\n\t\t<\/span><span class=\"aioseo-breadcrumb-separator\">&raquo;<\/span><span class=\"aioseo-breadcrumb\">\n\t\t\t<a href=\"https:\/\/ejornais.com.br\/index.php\/category\/ejornais\/\" title=\"Cat\u00e1logo de Jornais\">Cat\u00e1logo de Jornais<\/a>\n\t\t<\/span><span class=\"aioseo-breadcrumb-separator\">&raquo;<\/span><span class=\"aioseo-breadcrumb\">\n\t\t\tMS abre chamamento internacional para estruturar mercado de cr\u00e9ditos de carbono e atrair investimentos\n\t\t<\/span><\/div>","aioseo_breadcrumb_json":[{"label":"In\u00edcio","link":"https:\/\/ejornais.com.br"},{"label":"Cat\u00e1logo de Jornais","link":"https:\/\/ejornais.com.br\/index.php\/category\/ejornais\/"},{"label":"MS abre chamamento internacional para estruturar mercado de cr\u00e9ditos de carbono e atrair investimentos","link":"https:\/\/ejornais.com.br\/index.php\/2026\/06\/25\/ms-abre-chamamento-internacional-para-estruturar-mercado-de-creditos-de-carbono-e-atrair-investimentos\/"}],"amp_enabled":true,"_links":{"self":[{"href":"https:\/\/ejornais.com.br\/index.php\/wp-json\/wp\/v2\/posts\/68169","targetHints":{"allow":["GET"]}}],"collection":[{"href":"https:\/\/ejornais.com.br\/index.php\/wp-json\/wp\/v2\/posts"}],"about":[{"href":"https:\/\/ejornais.com.br\/index.php\/wp-json\/wp\/v2\/types\/post"}],"author":[{"embeddable":true,"href":"https:\/\/ejornais.com.br\/index.php\/wp-json\/wp\/v2\/users\/2"}],"replies":[{"embeddable":true,"href":"https:\/\/ejornais.com.br\/index.php\/wp-json\/wp\/v2\/comments?post=68169"}],"version-history":[{"count":0,"href":"https:\/\/ejornais.com.br\/index.php\/wp-json\/wp\/v2\/posts\/68169\/revisions"}],"wp:attachment":[{"href":"https:\/\/ejornais.com.br\/index.php\/wp-json\/wp\/v2\/media?parent=68169"}],"wp:term":[{"taxonomy":"category","embeddable":true,"href":"https:\/\/ejornais.com.br\/index.php\/wp-json\/wp\/v2\/categories?post=68169"},{"taxonomy":"post_tag","embeddable":true,"href":"https:\/\/ejornais.com.br\/index.php\/wp-json\/wp\/v2\/tags?post=68169"}],"curies":[{"name":"wp","href":"https:\/\/api.w.org\/{rel}","templated":true}]}}