{"id":68481,"date":"2026-07-01T11:21:35","date_gmt":"2026-07-01T14:21:35","guid":{"rendered":"https:\/\/ejornais.com.br\/index.php\/2026\/07\/01\/haaland-fala-do-brasil-e-admite-favoritismo-a-noruega-nas-oitavas-da-copa-do-mundo\/"},"modified":"2026-07-01T11:21:35","modified_gmt":"2026-07-01T14:21:35","slug":"haaland-fala-do-brasil-e-admite-favoritismo-a-noruega-nas-oitavas-da-copa-do-mundo","status":"publish","type":"post","link":"https:\/\/ejornais.com.br\/index.php\/2026\/07\/01\/haaland-fala-do-brasil-e-admite-favoritismo-a-noruega-nas-oitavas-da-copa-do-mundo\/","title":{"rendered":"Haaland fala do Brasil e admite favoritismo \u00e0 Noruega nas oitavas da Copa do Mundo"},"content":{"rendered":"<p> Por MRNews<br \/>\n<\/p>\n<div>\n<p>A Sele\u00e7\u00e3o Brasileira j\u00e1 conhece seu advers\u00e1rio nas oitavas de final da Copa do Mundo de 2026. Ap\u00f3s a classifica\u00e7\u00e3o da Noruega, o principal nome da equipe europeia, Erling Haaland, reconheceu a for\u00e7a do Brasil e admitiu que as chances de sua sele\u00e7\u00e3o avan\u00e7ar s\u00e3o reduzidas.<\/p>\n<p>O confronto est\u00e1 marcado para o pr\u00f3ximo domingo (5), \u00e0s 17h (hor\u00e1rio de Bras\u00edlia), no MetLife Stadium, em Nova Jersey, nos Estados Unidos.<\/p>\n<h2>Haaland foi direto ao falar sobre o Brasil<\/h2>\n<p>Ap\u00f3s a vit\u00f3ria da Noruega por 2 a 1 sobre a Costa do Marfim, resultado que garantiu a vaga dos escandinavos na fase eliminat\u00f3ria, Haaland foi questionado sobre o duelo contra a equipe comandada pelo Brasil.<\/p>\n<p>Sem rodeios, o atacante afirmou que o desafio ser\u00e1 um dos mais dif\u00edceis da competi\u00e7\u00e3o.<\/p>\n<p><strong><a href=\"https:\/\/mrnews.com.br\/index.php\/2026\/06\/30\/amanda-kimberlly-quebra-o-silencio-apos-criticas-envolvendo-filha-de-neymar-bastidores-revelam-valor-da-pensao\/\">Amanda Kimberlly quebra o sil\u00eancio ap\u00f3s cr\u00edticas envolvendo filha de Neymar; bastidores revelam valor da pens\u00e3o<\/a><\/strong><\/p>\n<p><strong><a href=\"https:\/\/mrnews.com.br\/index.php\/2026\/06\/30\/sala-pedra-preta-do-itau-revela-carta-de-vinhos-premium-e-reforca-posicao-entre-as-salas-vip-mais-exclusivas-do-brasil\/\">Sala Pedra Preta do Ita\u00fa revela carta de vinhos premium e refor\u00e7a posi\u00e7\u00e3o entre as salas VIP mais exclusivas do Brasil<\/a><\/strong><\/p>\n<p>\u201cVai ser dif\u00edcil avan\u00e7ar. N\u00e3o ser\u00e1 f\u00e1cil. Jogar contra o Brasil nas oitavas vai ser algo com que precisaremos lidar\u201d, declarou o camisa 9.<\/p>\n<p>Ao ser perguntado sobre quais seriam as chances da Noruega eliminar a Sele\u00e7\u00e3o Brasileira, Haaland respondeu de forma curta e objetiva:<\/p>\n<p>\u201cPequenas.\u201d<\/p>\n<h2>Noruega chega embalada<\/h2>\n<p>Apesar do respeito demonstrado ao Brasil, a Noruega chega \u00e0s oitavas em bom momento.<\/p>\n<p><strong><a href=\"https:\/\/mrnews.com.br\/index.php\/2026\/06\/30\/itau-the-one-perde-o-ilimitado-mudanca-tira-parte-do-glamour-mas-pode-melhorar-experiencia-do-cliente\/\">Ita\u00fa The One perde o \u201cilimitado\u201d, mudan\u00e7a tira parte do glamour, mas pode melhorar experi\u00eancia do cliente<\/a><\/strong><\/p>\n<p><strong><a href=\"https:\/\/mrnews.com.br\/index.php\/2026\/06\/30\/review-porto-visa-infinite-privilege-pontuacao-helicoptero-blindados-e-protecao-patrimonial\/\">Review Porto Visa Infinite Privilege: pontua\u00e7\u00e3o, helic\u00f3ptero, blindados e prote\u00e7\u00e3o patrimonial<\/a><\/strong><\/p>\n<p>A equipe garantiu a classifica\u00e7\u00e3o ap\u00f3s derrotar a Costa do Marfim por 2 a 1 em partida disputada no AT&amp;T Stadium, no Texas.<\/p>\n<p>Os gols noruegueses foram marcados por Antonio Nusa e pelo pr\u00f3prio Haaland. Diallo descontou para os africanos, mas n\u00e3o evitou a elimina\u00e7\u00e3o.<\/p>\n<p>O resultado confirmou a Noruega entre as 16 melhores sele\u00e7\u00f5es do torneio e manteve vivo o sonho de uma campanha hist\u00f3rica.<\/p>\n<h2>Haaland vive grande fase no Mundial<\/h2>\n<p>O atacante do Manchester City segue sendo um dos destaques individuais da Copa do Mundo.<\/p>\n<p>Com o gol marcado diante da Costa do Marfim, Haaland chegou a cinco gols na competi\u00e7\u00e3o e assumiu a vice-artilharia do torneio.<\/p>\n<p>A disputa pela artilharia est\u00e1 acirrada. Atualmente, apenas Lionel Messi aparece \u00e0 frente do noruegu\u00eas, com seis gols marcados.<\/p>\n<p>O desempenho refor\u00e7a a import\u00e2ncia de Haaland para a sele\u00e7\u00e3o europeia e aumenta a expectativa para o duelo diante do Brasil.<\/p>\n<h2>Brasil chega confiante ap\u00f3s classifica\u00e7\u00e3o<\/h2>\n<p>A Sele\u00e7\u00e3o Brasileira avan\u00e7ou \u00e0s oitavas ap\u00f3s vencer o Jap\u00e3o em uma partida emocionante. A equipe mostrou poder de rea\u00e7\u00e3o e confirmou sua presen\u00e7a entre os favoritos ao t\u00edtulo mundial.<\/p>\n<p>Agora, o desafio ser\u00e1 superar uma Noruega que conta com um dos atacantes mais letais do futebol mundial.<\/p>\n<p>Embora Haaland tenha colocado o Brasil como favorito, confrontos eliminat\u00f3rios costumam reservar surpresas, e a sele\u00e7\u00e3o brasileira precisar\u00e1 manter o alto n\u00edvel para garantir vaga nas quartas de final.<\/p>\n<h2>Clima de decis\u00e3o<\/h2>\n<p>O encontro entre Brasil e Noruega promete reunir dois estilos diferentes de jogo: de um lado, a tradi\u00e7\u00e3o e o talento brasileiro; do outro, a for\u00e7a f\u00edsica e o poder de finaliza\u00e7\u00e3o liderado por Haaland.<\/p>\n<p>A expectativa \u00e9 de um dos confrontos mais aguardados das oitavas de final da Copa do Mundo, com vaga nas quartas em jogo e aten\u00e7\u00e3o total dos torcedores ao redor do planeta.<\/p>\n<\/p><\/div>\n","protected":false},"excerpt":{"rendered":"<p>Por MRNews A Sele\u00e7\u00e3o Brasileira j\u00e1 conhece seu advers\u00e1rio nas oitavas de final da Copa do Mundo de 2026. Ap\u00f3s<\/p>\n","protected":false},"author":2,"featured_media":0,"comment_status":"","ping_status":"","sticky":false,"template":"","format":"standard","meta":{"colormag_page_container_layout":"default_layout","colormag_page_sidebar_layout":"default_layout","footnotes":""},"categories":[1],"tags":[],"class_list":["post-68481","post","type-post","status-publish","format-standard","hentry","category-ejornais"],"aioseo_notices":[],"aioseo_head":"\n\t\t<!-- All in One SEO 5.0.1.1 - aioseo.com -->\n\t<meta name=\"description\" content=\"Por MRNews A Sele\u00e7\u00e3o Brasileira j\u00e1 conhece seu advers\u00e1rio nas oitavas de final da Copa do Mundo de 2026. Ap\u00f3s a classifica\u00e7\u00e3o da Noruega, o principal nome da equipe europeia, Erling Haaland, reconheceu a for\u00e7a do Brasil e admitiu que as chances de sua sele\u00e7\u00e3o avan\u00e7ar s\u00e3o reduzidas. O confronto est\u00e1 marcado para o pr\u00f3ximo\" \/>\n\t<meta name=\"robots\" content=\"max-image-preview:large\" \/>\n\t<meta name=\"author\" content=\"admin1\"\/>\n\t<link rel=\"canonical\" href=\"https:\/\/ejornais.com.br\/index.php\/2026\/07\/01\/haaland-fala-do-brasil-e-admite-favoritismo-a-noruega-nas-oitavas-da-copa-do-mundo\/\" \/>\n\t<meta name=\"generator\" content=\"All in One SEO (AIOSEO) 5.0.1.1\" \/>\n\t\t<meta property=\"og:locale\" content=\"pt_BR\" \/>\n\t\t<meta property=\"og:site_name\" content=\"eJornais - Cat\u00e1logo de Jornais no mundo, Not\u00edcias, Blog e Esportes ao vivo\" \/>\n\t\t<meta property=\"og:type\" content=\"article\" \/>\n\t\t<meta property=\"og:title\" content=\"Haaland fala do Brasil e admite favoritismo \u00e0 Noruega nas oitavas da Copa do Mundo - eJornais\" \/>\n\t\t<meta property=\"og:description\" content=\"Por MRNews A Sele\u00e7\u00e3o Brasileira j\u00e1 conhece seu advers\u00e1rio nas oitavas de final da Copa do Mundo de 2026. Ap\u00f3s a classifica\u00e7\u00e3o da Noruega, o principal nome da equipe europeia, Erling Haaland, reconheceu a for\u00e7a do Brasil e admitiu que as chances de sua sele\u00e7\u00e3o avan\u00e7ar s\u00e3o reduzidas. O confronto est\u00e1 marcado para o pr\u00f3ximo\" \/>\n\t\t<meta property=\"og:url\" content=\"https:\/\/ejornais.com.br\/index.php\/2026\/07\/01\/haaland-fala-do-brasil-e-admite-favoritismo-a-noruega-nas-oitavas-da-copa-do-mundo\/\" \/>\n\t\t<meta property=\"article:published_time\" content=\"2026-07-01T14:21:35+00:00\" \/>\n\t\t<meta property=\"article:modified_time\" content=\"2026-07-01T14:21:35+00:00\" \/>\n\t\t<meta name=\"twitter:card\" content=\"summary_large_image\" \/>\n\t\t<meta name=\"twitter:title\" content=\"Haaland fala do Brasil e admite favoritismo \u00e0 Noruega nas oitavas da Copa do Mundo - eJornais\" \/>\n\t\t<meta name=\"twitter:description\" content=\"Por MRNews A Sele\u00e7\u00e3o Brasileira j\u00e1 conhece seu advers\u00e1rio nas oitavas de final da Copa do Mundo de 2026. Ap\u00f3s a classifica\u00e7\u00e3o da Noruega, o principal nome da equipe europeia, Erling Haaland, reconheceu a for\u00e7a do Brasil e admitiu que as chances de sua sele\u00e7\u00e3o avan\u00e7ar s\u00e3o reduzidas. O confronto est\u00e1 marcado para o pr\u00f3ximo\" \/>\n\t\t<script type=\"application\/ld+json\" class=\"aioseo-schema\">\n\t\t\t{\"@context\":\"https:\\\/\\\/schema.org\",\"@graph\":[{\"@type\":\"BlogPosting\",\"@id\":\"https:\\\/\\\/ejornais.com.br\\\/index.php\\\/2026\\\/07\\\/01\\\/haaland-fala-do-brasil-e-admite-favoritismo-a-noruega-nas-oitavas-da-copa-do-mundo\\\/#blogposting\",\"name\":\"Haaland fala do Brasil e admite favoritismo \\u00e0 Noruega nas oitavas da Copa do Mundo - eJornais\",\"headline\":\"Haaland fala do Brasil e admite favoritismo \\u00e0 Noruega nas oitavas da Copa do Mundo\",\"author\":{\"@id\":\"https:\\\/\\\/ejornais.com.br\\\/index.php\\\/author\\\/admin1\\\/#author\"},\"publisher\":{\"@id\":\"https:\\\/\\\/ejornais.com.br\\\/#organization\"},\"datePublished\":\"2026-07-01T11:21:35-03:00\",\"dateModified\":\"2026-07-01T11:21:35-03:00\",\"inLanguage\":\"pt-BR\",\"mainEntityOfPage\":{\"@id\":\"https:\\\/\\\/ejornais.com.br\\\/index.php\\\/2026\\\/07\\\/01\\\/haaland-fala-do-brasil-e-admite-favoritismo-a-noruega-nas-oitavas-da-copa-do-mundo\\\/#webpage\"},\"isPartOf\":{\"@id\":\"https:\\\/\\\/ejornais.com.br\\\/index.php\\\/2026\\\/07\\\/01\\\/haaland-fala-do-brasil-e-admite-favoritismo-a-noruega-nas-oitavas-da-copa-do-mundo\\\/#webpage\"},\"articleSection\":\"Cat\\u00e1logo de Jornais\"},{\"@type\":\"BreadcrumbList\",\"@id\":\"https:\\\/\\\/ejornais.com.br\\\/index.php\\\/2026\\\/07\\\/01\\\/haaland-fala-do-brasil-e-admite-favoritismo-a-noruega-nas-oitavas-da-copa-do-mundo\\\/#breadcrumblist\",\"itemListElement\":[{\"@type\":\"ListItem\",\"@id\":\"https:\\\/\\\/ejornais.com.br#listItem\",\"position\":1,\"name\":\"In\\u00edcio\",\"item\":\"https:\\\/\\\/ejornais.com.br\",\"nextItem\":{\"@type\":\"ListItem\",\"@id\":\"https:\\\/\\\/ejornais.com.br\\\/index.php\\\/category\\\/ejornais\\\/#listItem\",\"name\":\"Cat\\u00e1logo de Jornais\"}},{\"@type\":\"ListItem\",\"@id\":\"https:\\\/\\\/ejornais.com.br\\\/index.php\\\/category\\\/ejornais\\\/#listItem\",\"position\":2,\"name\":\"Cat\\u00e1logo de Jornais\",\"item\":\"https:\\\/\\\/ejornais.com.br\\\/index.php\\\/category\\\/ejornais\\\/\",\"nextItem\":{\"@type\":\"ListItem\",\"@id\":\"https:\\\/\\\/ejornais.com.br\\\/index.php\\\/2026\\\/07\\\/01\\\/haaland-fala-do-brasil-e-admite-favoritismo-a-noruega-nas-oitavas-da-copa-do-mundo\\\/#listItem\",\"name\":\"Haaland fala do Brasil e admite favoritismo \\u00e0 Noruega nas oitavas da Copa do Mundo\"},\"previousItem\":{\"@type\":\"ListItem\",\"@id\":\"https:\\\/\\\/ejornais.com.br#listItem\",\"name\":\"In\\u00edcio\"}},{\"@type\":\"ListItem\",\"@id\":\"https:\\\/\\\/ejornais.com.br\\\/index.php\\\/2026\\\/07\\\/01\\\/haaland-fala-do-brasil-e-admite-favoritismo-a-noruega-nas-oitavas-da-copa-do-mundo\\\/#listItem\",\"position\":3,\"name\":\"Haaland fala do Brasil e admite favoritismo \\u00e0 Noruega nas oitavas da Copa do Mundo\",\"previousItem\":{\"@type\":\"ListItem\",\"@id\":\"https:\\\/\\\/ejornais.com.br\\\/index.php\\\/category\\\/ejornais\\\/#listItem\",\"name\":\"Cat\\u00e1logo de Jornais\"}}]},{\"@type\":\"Organization\",\"@id\":\"https:\\\/\\\/ejornais.com.br\\\/#organization\",\"name\":\"eJornais\",\"description\":\"Cat\\u00e1logo de Jornais no mundo, Not\\u00edcias, Blog e Esportes ao vivo\",\"url\":\"https:\\\/\\\/ejornais.com.br\\\/\"},{\"@type\":\"Person\",\"@id\":\"https:\\\/\\\/ejornais.com.br\\\/index.php\\\/author\\\/admin1\\\/#author\",\"url\":\"https:\\\/\\\/ejornais.com.br\\\/index.php\\\/author\\\/admin1\\\/\",\"name\":\"admin1\",\"image\":{\"@type\":\"ImageObject\",\"@id\":\"https:\\\/\\\/ejornais.com.br\\\/index.php\\\/2026\\\/07\\\/01\\\/haaland-fala-do-brasil-e-admite-favoritismo-a-noruega-nas-oitavas-da-copa-do-mundo\\\/#authorImage\",\"url\":\"https:\\\/\\\/secure.gravatar.com\\\/avatar\\\/04084e6d73c042b8646e7c17b494073bf0ede3ea13c7105cfc45cbbbc28385a4?s=96&d=mm&r=g\",\"width\":96,\"height\":96,\"caption\":\"admin1\"}},{\"@type\":\"WebPage\",\"@id\":\"https:\\\/\\\/ejornais.com.br\\\/index.php\\\/2026\\\/07\\\/01\\\/haaland-fala-do-brasil-e-admite-favoritismo-a-noruega-nas-oitavas-da-copa-do-mundo\\\/#webpage\",\"url\":\"https:\\\/\\\/ejornais.com.br\\\/index.php\\\/2026\\\/07\\\/01\\\/haaland-fala-do-brasil-e-admite-favoritismo-a-noruega-nas-oitavas-da-copa-do-mundo\\\/\",\"name\":\"Haaland fala do Brasil e admite favoritismo \\u00e0 Noruega nas oitavas da Copa do Mundo - eJornais\",\"description\":\"Por MRNews A Sele\\u00e7\\u00e3o Brasileira j\\u00e1 conhece seu advers\\u00e1rio nas oitavas de final da Copa do Mundo de 2026. Ap\\u00f3s a classifica\\u00e7\\u00e3o da Noruega, o principal nome da equipe europeia, Erling Haaland, reconheceu a for\\u00e7a do Brasil e admitiu que as chances de sua sele\\u00e7\\u00e3o avan\\u00e7ar s\\u00e3o reduzidas. O confronto est\\u00e1 marcado para o pr\\u00f3ximo\",\"inLanguage\":\"pt-BR\",\"isPartOf\":{\"@id\":\"https:\\\/\\\/ejornais.com.br\\\/#website\"},\"breadcrumb\":{\"@id\":\"https:\\\/\\\/ejornais.com.br\\\/index.php\\\/2026\\\/07\\\/01\\\/haaland-fala-do-brasil-e-admite-favoritismo-a-noruega-nas-oitavas-da-copa-do-mundo\\\/#breadcrumblist\"},\"author\":{\"@id\":\"https:\\\/\\\/ejornais.com.br\\\/index.php\\\/author\\\/admin1\\\/#author\"},\"creator\":{\"@id\":\"https:\\\/\\\/ejornais.com.br\\\/index.php\\\/author\\\/admin1\\\/#author\"},\"datePublished\":\"2026-07-01T11:21:35-03:00\",\"dateModified\":\"2026-07-01T11:21:35-03:00\"},{\"@type\":\"WebSite\",\"@id\":\"https:\\\/\\\/ejornais.com.br\\\/#website\",\"url\":\"https:\\\/\\\/ejornais.com.br\\\/\",\"name\":\"eJornais\",\"description\":\"Cat\\u00e1logo de Jornais no mundo, Not\\u00edcias, Blog e Esportes ao vivo\",\"inLanguage\":\"pt-BR\",\"publisher\":{\"@id\":\"https:\\\/\\\/ejornais.com.br\\\/#organization\"}}]}\n\t\t<\/script>\n\t\t<!-- All in One SEO -->\n\n","aioseo_head_json":{"title":"Haaland fala do Brasil e admite favoritismo \u00e0 Noruega nas oitavas da Copa do Mundo - eJornais","description":"Por MRNews A Sele\u00e7\u00e3o Brasileira j\u00e1 conhece seu advers\u00e1rio nas oitavas de final da Copa do Mundo de 2026. Ap\u00f3s a classifica\u00e7\u00e3o da Noruega, o principal nome da equipe europeia, Erling Haaland, reconheceu a for\u00e7a do Brasil e admitiu que as chances de sua sele\u00e7\u00e3o avan\u00e7ar s\u00e3o reduzidas. O confronto est\u00e1 marcado para o pr\u00f3ximo","canonical_url":"https:\/\/ejornais.com.br\/index.php\/2026\/07\/01\/haaland-fala-do-brasil-e-admite-favoritismo-a-noruega-nas-oitavas-da-copa-do-mundo\/","robots":"max-image-preview:large","keywords":"","webmasterTools":{"miscellaneous":""},"schema":{"@context":"https:\/\/schema.org","@graph":[{"@type":"BlogPosting","@id":"https:\/\/ejornais.com.br\/index.php\/2026\/07\/01\/haaland-fala-do-brasil-e-admite-favoritismo-a-noruega-nas-oitavas-da-copa-do-mundo\/#blogposting","name":"Haaland fala do Brasil e admite favoritismo \u00e0 Noruega nas oitavas da Copa do Mundo - eJornais","headline":"Haaland fala do Brasil e admite favoritismo \u00e0 Noruega nas oitavas da Copa do Mundo","author":{"@id":"https:\/\/ejornais.com.br\/index.php\/author\/admin1\/#author"},"publisher":{"@id":"https:\/\/ejornais.com.br\/#organization"},"datePublished":"2026-07-01T11:21:35-03:00","dateModified":"2026-07-01T11:21:35-03:00","inLanguage":"pt-BR","mainEntityOfPage":{"@id":"https:\/\/ejornais.com.br\/index.php\/2026\/07\/01\/haaland-fala-do-brasil-e-admite-favoritismo-a-noruega-nas-oitavas-da-copa-do-mundo\/#webpage"},"isPartOf":{"@id":"https:\/\/ejornais.com.br\/index.php\/2026\/07\/01\/haaland-fala-do-brasil-e-admite-favoritismo-a-noruega-nas-oitavas-da-copa-do-mundo\/#webpage"},"articleSection":"Cat\u00e1logo de Jornais"},{"@type":"BreadcrumbList","@id":"https:\/\/ejornais.com.br\/index.php\/2026\/07\/01\/haaland-fala-do-brasil-e-admite-favoritismo-a-noruega-nas-oitavas-da-copa-do-mundo\/#breadcrumblist","itemListElement":[{"@type":"ListItem","@id":"https:\/\/ejornais.com.br#listItem","position":1,"name":"In\u00edcio","item":"https:\/\/ejornais.com.br","nextItem":{"@type":"ListItem","@id":"https:\/\/ejornais.com.br\/index.php\/category\/ejornais\/#listItem","name":"Cat\u00e1logo de Jornais"}},{"@type":"ListItem","@id":"https:\/\/ejornais.com.br\/index.php\/category\/ejornais\/#listItem","position":2,"name":"Cat\u00e1logo de Jornais","item":"https:\/\/ejornais.com.br\/index.php\/category\/ejornais\/","nextItem":{"@type":"ListItem","@id":"https:\/\/ejornais.com.br\/index.php\/2026\/07\/01\/haaland-fala-do-brasil-e-admite-favoritismo-a-noruega-nas-oitavas-da-copa-do-mundo\/#listItem","name":"Haaland fala do Brasil e admite favoritismo \u00e0 Noruega nas oitavas da Copa do Mundo"},"previousItem":{"@type":"ListItem","@id":"https:\/\/ejornais.com.br#listItem","name":"In\u00edcio"}},{"@type":"ListItem","@id":"https:\/\/ejornais.com.br\/index.php\/2026\/07\/01\/haaland-fala-do-brasil-e-admite-favoritismo-a-noruega-nas-oitavas-da-copa-do-mundo\/#listItem","position":3,"name":"Haaland fala do Brasil e admite favoritismo \u00e0 Noruega nas oitavas da Copa do Mundo","previousItem":{"@type":"ListItem","@id":"https:\/\/ejornais.com.br\/index.php\/category\/ejornais\/#listItem","name":"Cat\u00e1logo de Jornais"}}]},{"@type":"Organization","@id":"https:\/\/ejornais.com.br\/#organization","name":"eJornais","description":"Cat\u00e1logo de Jornais no mundo, Not\u00edcias, Blog e Esportes ao vivo","url":"https:\/\/ejornais.com.br\/"},{"@type":"Person","@id":"https:\/\/ejornais.com.br\/index.php\/author\/admin1\/#author","url":"https:\/\/ejornais.com.br\/index.php\/author\/admin1\/","name":"admin1","image":{"@type":"ImageObject","@id":"https:\/\/ejornais.com.br\/index.php\/2026\/07\/01\/haaland-fala-do-brasil-e-admite-favoritismo-a-noruega-nas-oitavas-da-copa-do-mundo\/#authorImage","url":"https:\/\/secure.gravatar.com\/avatar\/04084e6d73c042b8646e7c17b494073bf0ede3ea13c7105cfc45cbbbc28385a4?s=96&d=mm&r=g","width":96,"height":96,"caption":"admin1"}},{"@type":"WebPage","@id":"https:\/\/ejornais.com.br\/index.php\/2026\/07\/01\/haaland-fala-do-brasil-e-admite-favoritismo-a-noruega-nas-oitavas-da-copa-do-mundo\/#webpage","url":"https:\/\/ejornais.com.br\/index.php\/2026\/07\/01\/haaland-fala-do-brasil-e-admite-favoritismo-a-noruega-nas-oitavas-da-copa-do-mundo\/","name":"Haaland fala do Brasil e admite favoritismo \u00e0 Noruega nas oitavas da Copa do Mundo - eJornais","description":"Por MRNews A Sele\u00e7\u00e3o Brasileira j\u00e1 conhece seu advers\u00e1rio nas oitavas de final da Copa do Mundo de 2026. Ap\u00f3s a classifica\u00e7\u00e3o da Noruega, o principal nome da equipe europeia, Erling Haaland, reconheceu a for\u00e7a do Brasil e admitiu que as chances de sua sele\u00e7\u00e3o avan\u00e7ar s\u00e3o reduzidas. O confronto est\u00e1 marcado para o pr\u00f3ximo","inLanguage":"pt-BR","isPartOf":{"@id":"https:\/\/ejornais.com.br\/#website"},"breadcrumb":{"@id":"https:\/\/ejornais.com.br\/index.php\/2026\/07\/01\/haaland-fala-do-brasil-e-admite-favoritismo-a-noruega-nas-oitavas-da-copa-do-mundo\/#breadcrumblist"},"author":{"@id":"https:\/\/ejornais.com.br\/index.php\/author\/admin1\/#author"},"creator":{"@id":"https:\/\/ejornais.com.br\/index.php\/author\/admin1\/#author"},"datePublished":"2026-07-01T11:21:35-03:00","dateModified":"2026-07-01T11:21:35-03:00"},{"@type":"WebSite","@id":"https:\/\/ejornais.com.br\/#website","url":"https:\/\/ejornais.com.br\/","name":"eJornais","description":"Cat\u00e1logo de Jornais no mundo, Not\u00edcias, Blog e Esportes ao vivo","inLanguage":"pt-BR","publisher":{"@id":"https:\/\/ejornais.com.br\/#organization"}}]},"og:locale":"pt_BR","og:site_name":"eJornais - Cat\u00e1logo de Jornais no mundo, Not\u00edcias, Blog e Esportes ao vivo","og:type":"article","og:title":"Haaland fala do Brasil e admite favoritismo \u00e0 Noruega nas oitavas da Copa do Mundo - eJornais","og:description":"Por MRNews A Sele\u00e7\u00e3o Brasileira j\u00e1 conhece seu advers\u00e1rio nas oitavas de final da Copa do Mundo de 2026. Ap\u00f3s a classifica\u00e7\u00e3o da Noruega, o principal nome da equipe europeia, Erling Haaland, reconheceu a for\u00e7a do Brasil e admitiu que as chances de sua sele\u00e7\u00e3o avan\u00e7ar s\u00e3o reduzidas. O confronto est\u00e1 marcado para o pr\u00f3ximo","og:url":"https:\/\/ejornais.com.br\/index.php\/2026\/07\/01\/haaland-fala-do-brasil-e-admite-favoritismo-a-noruega-nas-oitavas-da-copa-do-mundo\/","article:published_time":"2026-07-01T14:21:35+00:00","article:modified_time":"2026-07-01T14:21:35+00:00","twitter:card":"summary_large_image","twitter:title":"Haaland fala do Brasil e admite favoritismo \u00e0 Noruega nas oitavas da Copa do Mundo - eJornais","twitter:description":"Por MRNews A Sele\u00e7\u00e3o Brasileira j\u00e1 conhece seu advers\u00e1rio nas oitavas de final da Copa do Mundo de 2026. Ap\u00f3s a classifica\u00e7\u00e3o da Noruega, o principal nome da equipe europeia, Erling Haaland, reconheceu a for\u00e7a do Brasil e admitiu que as chances de sua sele\u00e7\u00e3o avan\u00e7ar s\u00e3o reduzidas. O confronto est\u00e1 marcado para o pr\u00f3ximo"},"aioseo_meta_data":{"post_id":"68481","title":null,"description":null,"keywords":null,"keyphrases":null,"primary_term":null,"canonical_url":null,"og_title":null,"og_description":null,"og_object_type":"default","og_image_type":"default","og_image_url":null,"og_image_width":null,"og_image_height":null,"og_image_custom_url":null,"og_image_custom_fields":null,"og_video":null,"og_custom_url":null,"og_article_section":null,"og_article_tags":null,"twitter_use_og":false,"twitter_card":"default","twitter_image_type":"default","twitter_image_url":null,"twitter_image_custom_url":null,"twitter_image_custom_fields":null,"twitter_title":null,"twitter_description":null,"schema":{"blockGraphs":[],"customGraphs":[],"default":{"data":{"Article":[],"Course":[],"Dataset":[],"FAQPage":[],"Movie":[],"Person":[],"Product":[],"ProductReview":[],"Car":[],"Recipe":[],"Service":[],"SoftwareApplication":[],"WebPage":[]},"graphName":"","isEnabled":true},"graphs":[]},"schema_type":"default","schema_type_options":null,"pillar_content":false,"robots_default":true,"robots_noindex":false,"robots_noarchive":false,"robots_nosnippet":false,"robots_nofollow":false,"robots_noimageindex":false,"robots_noodp":false,"robots_notranslate":false,"robots_max_snippet":null,"robots_max_videopreview":null,"robots_max_imagepreview":"large","priority":null,"frequency":null,"local_seo":null,"breadcrumb_settings":null,"limit_modified_date":false,"ai":null,"created":"2026-07-11 14:36:14","updated":"2026-07-11 14:36:14","seo_analyzer_scan_date":null,"focus_keyword":null,"additional_keywords":null,"truseo_locale":null},"aioseo_breadcrumb":"<div class=\"aioseo-breadcrumbs\"><span class=\"aioseo-breadcrumb\">\n\t\t\t<a href=\"https:\/\/ejornais.com.br\" title=\"In\u00edcio\">In\u00edcio<\/a>\n\t\t<\/span><span class=\"aioseo-breadcrumb-separator\">&raquo;<\/span><span class=\"aioseo-breadcrumb\">\n\t\t\t<a href=\"https:\/\/ejornais.com.br\/index.php\/category\/ejornais\/\" title=\"Cat\u00e1logo de Jornais\">Cat\u00e1logo de Jornais<\/a>\n\t\t<\/span><span class=\"aioseo-breadcrumb-separator\">&raquo;<\/span><span class=\"aioseo-breadcrumb\">\n\t\t\tHaaland fala do Brasil e admite favoritismo \u00e0 Noruega nas oitavas da Copa do Mundo\n\t\t<\/span><\/div>","aioseo_breadcrumb_json":[{"label":"In\u00edcio","link":"https:\/\/ejornais.com.br"},{"label":"Cat\u00e1logo de Jornais","link":"https:\/\/ejornais.com.br\/index.php\/category\/ejornais\/"},{"label":"Haaland fala do Brasil e admite favoritismo \u00e0 Noruega nas oitavas da Copa do Mundo","link":"https:\/\/ejornais.com.br\/index.php\/2026\/07\/01\/haaland-fala-do-brasil-e-admite-favoritismo-a-noruega-nas-oitavas-da-copa-do-mundo\/"}],"amp_enabled":true,"_links":{"self":[{"href":"https:\/\/ejornais.com.br\/index.php\/wp-json\/wp\/v2\/posts\/68481","targetHints":{"allow":["GET"]}}],"collection":[{"href":"https:\/\/ejornais.com.br\/index.php\/wp-json\/wp\/v2\/posts"}],"about":[{"href":"https:\/\/ejornais.com.br\/index.php\/wp-json\/wp\/v2\/types\/post"}],"author":[{"embeddable":true,"href":"https:\/\/ejornais.com.br\/index.php\/wp-json\/wp\/v2\/users\/2"}],"replies":[{"embeddable":true,"href":"https:\/\/ejornais.com.br\/index.php\/wp-json\/wp\/v2\/comments?post=68481"}],"version-history":[{"count":0,"href":"https:\/\/ejornais.com.br\/index.php\/wp-json\/wp\/v2\/posts\/68481\/revisions"}],"wp:attachment":[{"href":"https:\/\/ejornais.com.br\/index.php\/wp-json\/wp\/v2\/media?parent=68481"}],"wp:term":[{"taxonomy":"category","embeddable":true,"href":"https:\/\/ejornais.com.br\/index.php\/wp-json\/wp\/v2\/categories?post=68481"},{"taxonomy":"post_tag","embeddable":true,"href":"https:\/\/ejornais.com.br\/index.php\/wp-json\/wp\/v2\/tags?post=68481"}],"curies":[{"name":"wp","href":"https:\/\/api.w.org\/{rel}","templated":true}]}}