{"id":68551,"date":"2026-07-02T11:29:58","date_gmt":"2026-07-02T14:29:58","guid":{"rendered":"https:\/\/ejornais.com.br\/index.php\/2026\/07\/02\/curso-gratuito-da-ses-apoia-familias-e-profissionais-no-cuidado-a-pessoa-com-sindrome-de-down\/"},"modified":"2026-07-02T11:29:58","modified_gmt":"2026-07-02T14:29:58","slug":"curso-gratuito-da-ses-apoia-familias-e-profissionais-no-cuidado-a-pessoa-com-sindrome-de-down","status":"publish","type":"post","link":"https:\/\/ejornais.com.br\/index.php\/2026\/07\/02\/curso-gratuito-da-ses-apoia-familias-e-profissionais-no-cuidado-a-pessoa-com-sindrome-de-down\/","title":{"rendered":"Curso gratuito da SES apoia fam\u00edlias e profissionais no cuidado \u00e0 pessoa com S\u00edndrome de Down"},"content":{"rendered":"<p><\/p>\n<div>\n<p style=\"text-align: center\"><em>Forma\u00e7\u00e3o a dist\u00e2ncia re\u00fane orienta\u00e7\u00f5es sobre diagn\u00f3stico, aspectos familiares, direitos e constru\u00e7\u00e3o de redes de apoio<\/em><\/p>\n<p>Cuidar de uma pessoa com s\u00edndrome de Down envolve informa\u00e7\u00e3o, acolhimento e uma rede de apoio preparada para enfrentar os desafios e potencializar o desenvolvimento em cada etapa da vida. Com esse prop\u00f3sito, a SES (Secretaria de Estado de Sa\u00fade), por meio da superintend\u00eancia de Aten\u00e7\u00e3o \u00e0 Sa\u00fade e ESP\/MS (Escola de Sa\u00fade P\u00fablica de Mato Grosso do Sul), disponibiliza o &#8216;curso de forma\u00e7\u00e3o para pais e profissionais no cuidado \u00e0 pessoa com s\u00edndrome de Down&#8217;, oferecido gratuitamente na modalidade de Educa\u00e7\u00e3o a Dist\u00e2ncia (EaD).<\/p>\n<p>Com carga hor\u00e1ria de 40 horas, a capacita\u00e7\u00e3o \u00e9 voltada especialmente para m\u00e3es, pais e familiares de crian\u00e7as, adolescentes e adultos com S\u00edndrome de Down, oferecendo conte\u00fados fundamentados em evid\u00eancias e orienta\u00e7\u00f5es que contribuem para um cuidado mais seguro, humanizado e integral.<\/p>\n<p>A forma\u00e7\u00e3o aborda temas essenciais como diagn\u00f3stico e o per\u00edodo p\u00f3s-parto, aspectos psicol\u00f3gicos e familiares, direitos e cidadania, al\u00e9m da import\u00e2ncia da intera\u00e7\u00e3o social e da constru\u00e7\u00e3o de redes de apoio. Os participantes podem realizar o curso no pr\u00f3prio ritmo, de qualquer localidade, por meio da plataforma Moodle da ESP\/MS.<\/p>\n<p>Para a superintendente de Aten\u00e7\u00e3o \u00e0 Sa\u00fade da SES, Ang\u00e9lica Congro, ampliar o acesso ao conhecimento \u00e9 uma estrat\u00e9gia fundamental para fortalecer o cuidado \u00e0s pessoas com s\u00edndrome de Down e suas fam\u00edlias.<\/p>\n<p>&#8220;O cuidado come\u00e7a pela informa\u00e7\u00e3o de qualidade. Quando fam\u00edlias e profissionais t\u00eam acesso ao conhecimento, conseguem tomar decis\u00f5es mais seguras, compreender melhor as necessidades de cada pessoa e construir uma rede de apoio mais preparada e acolhedora. Essa forma\u00e7\u00e3o representa o compromisso da Secretaria de Estado de Sa\u00fade com a promo\u00e7\u00e3o da inclus\u00e3o, da autonomia e da aten\u00e7\u00e3o integral ao longo de toda a vida\u201d, disse Ang\u00e9lica.<\/p>\n<p>Al\u00e9m de apoiar familiares, o curso tamb\u00e9m contribui para a qualifica\u00e7\u00e3o do cuidado prestado pelos profissionais que atuam junto \u00e0s pessoas com s\u00edndrome de Down, fortalecendo pr\u00e1ticas baseadas no acolhimento, no respeito \u00e0s singularidades e na garantia de direitos.<\/p>\n<p>Os interessados podem acessar gratuitamente o curso pelo canal Moodle da ESP\/MS, dispon\u00edvel em: https:\/\/ead.saude.ms.gov.br\/<\/p>\n<p><em>Kamilla Ratier, Comunica\u00e7\u00e3o SES<br \/>Foto: Divulga\u00e7\u00e3o Minist\u00e9rio da Sa\u00fade<\/em><\/p>\n<\/div>\n","protected":false},"excerpt":{"rendered":"<p>Forma\u00e7\u00e3o a dist\u00e2ncia re\u00fane orienta\u00e7\u00f5es sobre diagn\u00f3stico, aspectos familiares, direitos e constru\u00e7\u00e3o de redes de apoio Cuidar de uma pessoa<\/p>\n","protected":false},"author":2,"featured_media":0,"comment_status":"","ping_status":"","sticky":false,"template":"","format":"standard","meta":{"colormag_page_container_layout":"default_layout","colormag_page_sidebar_layout":"default_layout","footnotes":""},"categories":[1],"tags":[],"class_list":["post-68551","post","type-post","status-publish","format-standard","hentry","category-ejornais"],"aioseo_notices":[],"aioseo_head":"\n\t\t<!-- All in One SEO 5.0.1.1 - aioseo.com -->\n\t<meta name=\"description\" content=\"Forma\u00e7\u00e3o a dist\u00e2ncia re\u00fane orienta\u00e7\u00f5es sobre diagn\u00f3stico, aspectos familiares, direitos e constru\u00e7\u00e3o de redes de apoio Cuidar de uma pessoa com s\u00edndrome de Down envolve informa\u00e7\u00e3o, acolhimento e uma rede de apoio preparada para enfrentar os desafios e potencializar o desenvolvimento em cada etapa da vida. Com esse prop\u00f3sito, a SES (Secretaria de Estado de\" \/>\n\t<meta name=\"robots\" content=\"max-image-preview:large\" \/>\n\t<meta name=\"author\" content=\"admin1\"\/>\n\t<link rel=\"canonical\" href=\"https:\/\/ejornais.com.br\/index.php\/2026\/07\/02\/curso-gratuito-da-ses-apoia-familias-e-profissionais-no-cuidado-a-pessoa-com-sindrome-de-down\/\" \/>\n\t<meta name=\"generator\" content=\"All in One SEO (AIOSEO) 5.0.1.1\" \/>\n\t\t<meta property=\"og:locale\" content=\"pt_BR\" \/>\n\t\t<meta property=\"og:site_name\" content=\"eJornais - Cat\u00e1logo de Jornais no mundo, Not\u00edcias, Blog e Esportes ao vivo\" \/>\n\t\t<meta property=\"og:type\" content=\"article\" \/>\n\t\t<meta property=\"og:title\" content=\"Curso gratuito da SES apoia fam\u00edlias e profissionais no cuidado \u00e0 pessoa com S\u00edndrome de Down - eJornais\" \/>\n\t\t<meta property=\"og:description\" content=\"Forma\u00e7\u00e3o a dist\u00e2ncia re\u00fane orienta\u00e7\u00f5es sobre diagn\u00f3stico, aspectos familiares, direitos e constru\u00e7\u00e3o de redes de apoio Cuidar de uma pessoa com s\u00edndrome de Down envolve informa\u00e7\u00e3o, acolhimento e uma rede de apoio preparada para enfrentar os desafios e potencializar o desenvolvimento em cada etapa da vida. Com esse prop\u00f3sito, a SES (Secretaria de Estado de\" \/>\n\t\t<meta property=\"og:url\" content=\"https:\/\/ejornais.com.br\/index.php\/2026\/07\/02\/curso-gratuito-da-ses-apoia-familias-e-profissionais-no-cuidado-a-pessoa-com-sindrome-de-down\/\" \/>\n\t\t<meta property=\"article:published_time\" content=\"2026-07-02T14:29:58+00:00\" \/>\n\t\t<meta property=\"article:modified_time\" content=\"2026-07-02T14:29:58+00:00\" \/>\n\t\t<meta name=\"twitter:card\" content=\"summary_large_image\" \/>\n\t\t<meta name=\"twitter:title\" content=\"Curso gratuito da SES apoia fam\u00edlias e profissionais no cuidado \u00e0 pessoa com S\u00edndrome de Down - eJornais\" \/>\n\t\t<meta name=\"twitter:description\" content=\"Forma\u00e7\u00e3o a dist\u00e2ncia re\u00fane orienta\u00e7\u00f5es sobre diagn\u00f3stico, aspectos familiares, direitos e constru\u00e7\u00e3o de redes de apoio Cuidar de uma pessoa com s\u00edndrome de Down envolve informa\u00e7\u00e3o, acolhimento e uma rede de apoio preparada para enfrentar os desafios e potencializar o desenvolvimento em cada etapa da vida. Com esse prop\u00f3sito, a SES (Secretaria de Estado de\" \/>\n\t\t<script type=\"application\/ld+json\" class=\"aioseo-schema\">\n\t\t\t{\"@context\":\"https:\\\/\\\/schema.org\",\"@graph\":[{\"@type\":\"BlogPosting\",\"@id\":\"https:\\\/\\\/ejornais.com.br\\\/index.php\\\/2026\\\/07\\\/02\\\/curso-gratuito-da-ses-apoia-familias-e-profissionais-no-cuidado-a-pessoa-com-sindrome-de-down\\\/#blogposting\",\"name\":\"Curso gratuito da SES apoia fam\\u00edlias e profissionais no cuidado \\u00e0 pessoa com S\\u00edndrome de Down - eJornais\",\"headline\":\"Curso gratuito da SES apoia fam\\u00edlias e profissionais no cuidado \\u00e0 pessoa com S\\u00edndrome de Down\",\"author\":{\"@id\":\"https:\\\/\\\/ejornais.com.br\\\/index.php\\\/author\\\/admin1\\\/#author\"},\"publisher\":{\"@id\":\"https:\\\/\\\/ejornais.com.br\\\/#organization\"},\"datePublished\":\"2026-07-02T11:29:58-03:00\",\"dateModified\":\"2026-07-02T11:29:58-03:00\",\"inLanguage\":\"pt-BR\",\"mainEntityOfPage\":{\"@id\":\"https:\\\/\\\/ejornais.com.br\\\/index.php\\\/2026\\\/07\\\/02\\\/curso-gratuito-da-ses-apoia-familias-e-profissionais-no-cuidado-a-pessoa-com-sindrome-de-down\\\/#webpage\"},\"isPartOf\":{\"@id\":\"https:\\\/\\\/ejornais.com.br\\\/index.php\\\/2026\\\/07\\\/02\\\/curso-gratuito-da-ses-apoia-familias-e-profissionais-no-cuidado-a-pessoa-com-sindrome-de-down\\\/#webpage\"},\"articleSection\":\"Cat\\u00e1logo de Jornais\"},{\"@type\":\"BreadcrumbList\",\"@id\":\"https:\\\/\\\/ejornais.com.br\\\/index.php\\\/2026\\\/07\\\/02\\\/curso-gratuito-da-ses-apoia-familias-e-profissionais-no-cuidado-a-pessoa-com-sindrome-de-down\\\/#breadcrumblist\",\"itemListElement\":[{\"@type\":\"ListItem\",\"@id\":\"https:\\\/\\\/ejornais.com.br#listItem\",\"position\":1,\"name\":\"In\\u00edcio\",\"item\":\"https:\\\/\\\/ejornais.com.br\",\"nextItem\":{\"@type\":\"ListItem\",\"@id\":\"https:\\\/\\\/ejornais.com.br\\\/index.php\\\/category\\\/ejornais\\\/#listItem\",\"name\":\"Cat\\u00e1logo de Jornais\"}},{\"@type\":\"ListItem\",\"@id\":\"https:\\\/\\\/ejornais.com.br\\\/index.php\\\/category\\\/ejornais\\\/#listItem\",\"position\":2,\"name\":\"Cat\\u00e1logo de Jornais\",\"item\":\"https:\\\/\\\/ejornais.com.br\\\/index.php\\\/category\\\/ejornais\\\/\",\"nextItem\":{\"@type\":\"ListItem\",\"@id\":\"https:\\\/\\\/ejornais.com.br\\\/index.php\\\/2026\\\/07\\\/02\\\/curso-gratuito-da-ses-apoia-familias-e-profissionais-no-cuidado-a-pessoa-com-sindrome-de-down\\\/#listItem\",\"name\":\"Curso gratuito da SES apoia fam\\u00edlias e profissionais no cuidado \\u00e0 pessoa com S\\u00edndrome de Down\"},\"previousItem\":{\"@type\":\"ListItem\",\"@id\":\"https:\\\/\\\/ejornais.com.br#listItem\",\"name\":\"In\\u00edcio\"}},{\"@type\":\"ListItem\",\"@id\":\"https:\\\/\\\/ejornais.com.br\\\/index.php\\\/2026\\\/07\\\/02\\\/curso-gratuito-da-ses-apoia-familias-e-profissionais-no-cuidado-a-pessoa-com-sindrome-de-down\\\/#listItem\",\"position\":3,\"name\":\"Curso gratuito da SES apoia fam\\u00edlias e profissionais no cuidado \\u00e0 pessoa com S\\u00edndrome de Down\",\"previousItem\":{\"@type\":\"ListItem\",\"@id\":\"https:\\\/\\\/ejornais.com.br\\\/index.php\\\/category\\\/ejornais\\\/#listItem\",\"name\":\"Cat\\u00e1logo de Jornais\"}}]},{\"@type\":\"Organization\",\"@id\":\"https:\\\/\\\/ejornais.com.br\\\/#organization\",\"name\":\"eJornais\",\"description\":\"Cat\\u00e1logo de Jornais no mundo, Not\\u00edcias, Blog e Esportes ao vivo\",\"url\":\"https:\\\/\\\/ejornais.com.br\\\/\"},{\"@type\":\"Person\",\"@id\":\"https:\\\/\\\/ejornais.com.br\\\/index.php\\\/author\\\/admin1\\\/#author\",\"url\":\"https:\\\/\\\/ejornais.com.br\\\/index.php\\\/author\\\/admin1\\\/\",\"name\":\"admin1\",\"image\":{\"@type\":\"ImageObject\",\"@id\":\"https:\\\/\\\/ejornais.com.br\\\/index.php\\\/2026\\\/07\\\/02\\\/curso-gratuito-da-ses-apoia-familias-e-profissionais-no-cuidado-a-pessoa-com-sindrome-de-down\\\/#authorImage\",\"url\":\"https:\\\/\\\/secure.gravatar.com\\\/avatar\\\/04084e6d73c042b8646e7c17b494073bf0ede3ea13c7105cfc45cbbbc28385a4?s=96&d=mm&r=g\",\"width\":96,\"height\":96,\"caption\":\"admin1\"}},{\"@type\":\"WebPage\",\"@id\":\"https:\\\/\\\/ejornais.com.br\\\/index.php\\\/2026\\\/07\\\/02\\\/curso-gratuito-da-ses-apoia-familias-e-profissionais-no-cuidado-a-pessoa-com-sindrome-de-down\\\/#webpage\",\"url\":\"https:\\\/\\\/ejornais.com.br\\\/index.php\\\/2026\\\/07\\\/02\\\/curso-gratuito-da-ses-apoia-familias-e-profissionais-no-cuidado-a-pessoa-com-sindrome-de-down\\\/\",\"name\":\"Curso gratuito da SES apoia fam\\u00edlias e profissionais no cuidado \\u00e0 pessoa com S\\u00edndrome de Down - eJornais\",\"description\":\"Forma\\u00e7\\u00e3o a dist\\u00e2ncia re\\u00fane orienta\\u00e7\\u00f5es sobre diagn\\u00f3stico, aspectos familiares, direitos e constru\\u00e7\\u00e3o de redes de apoio Cuidar de uma pessoa com s\\u00edndrome de Down envolve informa\\u00e7\\u00e3o, acolhimento e uma rede de apoio preparada para enfrentar os desafios e potencializar o desenvolvimento em cada etapa da vida. Com esse prop\\u00f3sito, a SES (Secretaria de Estado de\",\"inLanguage\":\"pt-BR\",\"isPartOf\":{\"@id\":\"https:\\\/\\\/ejornais.com.br\\\/#website\"},\"breadcrumb\":{\"@id\":\"https:\\\/\\\/ejornais.com.br\\\/index.php\\\/2026\\\/07\\\/02\\\/curso-gratuito-da-ses-apoia-familias-e-profissionais-no-cuidado-a-pessoa-com-sindrome-de-down\\\/#breadcrumblist\"},\"author\":{\"@id\":\"https:\\\/\\\/ejornais.com.br\\\/index.php\\\/author\\\/admin1\\\/#author\"},\"creator\":{\"@id\":\"https:\\\/\\\/ejornais.com.br\\\/index.php\\\/author\\\/admin1\\\/#author\"},\"datePublished\":\"2026-07-02T11:29:58-03:00\",\"dateModified\":\"2026-07-02T11:29:58-03:00\"},{\"@type\":\"WebSite\",\"@id\":\"https:\\\/\\\/ejornais.com.br\\\/#website\",\"url\":\"https:\\\/\\\/ejornais.com.br\\\/\",\"name\":\"eJornais\",\"description\":\"Cat\\u00e1logo de Jornais no mundo, Not\\u00edcias, Blog e Esportes ao vivo\",\"inLanguage\":\"pt-BR\",\"publisher\":{\"@id\":\"https:\\\/\\\/ejornais.com.br\\\/#organization\"}}]}\n\t\t<\/script>\n\t\t<!-- All in One SEO -->\n\n","aioseo_head_json":{"title":"Curso gratuito da SES apoia fam\u00edlias e profissionais no cuidado \u00e0 pessoa com S\u00edndrome de Down - eJornais","description":"Forma\u00e7\u00e3o a dist\u00e2ncia re\u00fane orienta\u00e7\u00f5es sobre diagn\u00f3stico, aspectos familiares, direitos e constru\u00e7\u00e3o de redes de apoio Cuidar de uma pessoa com s\u00edndrome de Down envolve informa\u00e7\u00e3o, acolhimento e uma rede de apoio preparada para enfrentar os desafios e potencializar o desenvolvimento em cada etapa da vida. Com esse prop\u00f3sito, a SES (Secretaria de Estado de","canonical_url":"https:\/\/ejornais.com.br\/index.php\/2026\/07\/02\/curso-gratuito-da-ses-apoia-familias-e-profissionais-no-cuidado-a-pessoa-com-sindrome-de-down\/","robots":"max-image-preview:large","keywords":"","webmasterTools":{"miscellaneous":""},"schema":{"@context":"https:\/\/schema.org","@graph":[{"@type":"BlogPosting","@id":"https:\/\/ejornais.com.br\/index.php\/2026\/07\/02\/curso-gratuito-da-ses-apoia-familias-e-profissionais-no-cuidado-a-pessoa-com-sindrome-de-down\/#blogposting","name":"Curso gratuito da SES apoia fam\u00edlias e profissionais no cuidado \u00e0 pessoa com S\u00edndrome de Down - eJornais","headline":"Curso gratuito da SES apoia fam\u00edlias e profissionais no cuidado \u00e0 pessoa com S\u00edndrome de Down","author":{"@id":"https:\/\/ejornais.com.br\/index.php\/author\/admin1\/#author"},"publisher":{"@id":"https:\/\/ejornais.com.br\/#organization"},"datePublished":"2026-07-02T11:29:58-03:00","dateModified":"2026-07-02T11:29:58-03:00","inLanguage":"pt-BR","mainEntityOfPage":{"@id":"https:\/\/ejornais.com.br\/index.php\/2026\/07\/02\/curso-gratuito-da-ses-apoia-familias-e-profissionais-no-cuidado-a-pessoa-com-sindrome-de-down\/#webpage"},"isPartOf":{"@id":"https:\/\/ejornais.com.br\/index.php\/2026\/07\/02\/curso-gratuito-da-ses-apoia-familias-e-profissionais-no-cuidado-a-pessoa-com-sindrome-de-down\/#webpage"},"articleSection":"Cat\u00e1logo de Jornais"},{"@type":"BreadcrumbList","@id":"https:\/\/ejornais.com.br\/index.php\/2026\/07\/02\/curso-gratuito-da-ses-apoia-familias-e-profissionais-no-cuidado-a-pessoa-com-sindrome-de-down\/#breadcrumblist","itemListElement":[{"@type":"ListItem","@id":"https:\/\/ejornais.com.br#listItem","position":1,"name":"In\u00edcio","item":"https:\/\/ejornais.com.br","nextItem":{"@type":"ListItem","@id":"https:\/\/ejornais.com.br\/index.php\/category\/ejornais\/#listItem","name":"Cat\u00e1logo de Jornais"}},{"@type":"ListItem","@id":"https:\/\/ejornais.com.br\/index.php\/category\/ejornais\/#listItem","position":2,"name":"Cat\u00e1logo de Jornais","item":"https:\/\/ejornais.com.br\/index.php\/category\/ejornais\/","nextItem":{"@type":"ListItem","@id":"https:\/\/ejornais.com.br\/index.php\/2026\/07\/02\/curso-gratuito-da-ses-apoia-familias-e-profissionais-no-cuidado-a-pessoa-com-sindrome-de-down\/#listItem","name":"Curso gratuito da SES apoia fam\u00edlias e profissionais no cuidado \u00e0 pessoa com S\u00edndrome de Down"},"previousItem":{"@type":"ListItem","@id":"https:\/\/ejornais.com.br#listItem","name":"In\u00edcio"}},{"@type":"ListItem","@id":"https:\/\/ejornais.com.br\/index.php\/2026\/07\/02\/curso-gratuito-da-ses-apoia-familias-e-profissionais-no-cuidado-a-pessoa-com-sindrome-de-down\/#listItem","position":3,"name":"Curso gratuito da SES apoia fam\u00edlias e profissionais no cuidado \u00e0 pessoa com S\u00edndrome de Down","previousItem":{"@type":"ListItem","@id":"https:\/\/ejornais.com.br\/index.php\/category\/ejornais\/#listItem","name":"Cat\u00e1logo de Jornais"}}]},{"@type":"Organization","@id":"https:\/\/ejornais.com.br\/#organization","name":"eJornais","description":"Cat\u00e1logo de Jornais no mundo, Not\u00edcias, Blog e Esportes ao vivo","url":"https:\/\/ejornais.com.br\/"},{"@type":"Person","@id":"https:\/\/ejornais.com.br\/index.php\/author\/admin1\/#author","url":"https:\/\/ejornais.com.br\/index.php\/author\/admin1\/","name":"admin1","image":{"@type":"ImageObject","@id":"https:\/\/ejornais.com.br\/index.php\/2026\/07\/02\/curso-gratuito-da-ses-apoia-familias-e-profissionais-no-cuidado-a-pessoa-com-sindrome-de-down\/#authorImage","url":"https:\/\/secure.gravatar.com\/avatar\/04084e6d73c042b8646e7c17b494073bf0ede3ea13c7105cfc45cbbbc28385a4?s=96&d=mm&r=g","width":96,"height":96,"caption":"admin1"}},{"@type":"WebPage","@id":"https:\/\/ejornais.com.br\/index.php\/2026\/07\/02\/curso-gratuito-da-ses-apoia-familias-e-profissionais-no-cuidado-a-pessoa-com-sindrome-de-down\/#webpage","url":"https:\/\/ejornais.com.br\/index.php\/2026\/07\/02\/curso-gratuito-da-ses-apoia-familias-e-profissionais-no-cuidado-a-pessoa-com-sindrome-de-down\/","name":"Curso gratuito da SES apoia fam\u00edlias e profissionais no cuidado \u00e0 pessoa com S\u00edndrome de Down - eJornais","description":"Forma\u00e7\u00e3o a dist\u00e2ncia re\u00fane orienta\u00e7\u00f5es sobre diagn\u00f3stico, aspectos familiares, direitos e constru\u00e7\u00e3o de redes de apoio Cuidar de uma pessoa com s\u00edndrome de Down envolve informa\u00e7\u00e3o, acolhimento e uma rede de apoio preparada para enfrentar os desafios e potencializar o desenvolvimento em cada etapa da vida. Com esse prop\u00f3sito, a SES (Secretaria de Estado de","inLanguage":"pt-BR","isPartOf":{"@id":"https:\/\/ejornais.com.br\/#website"},"breadcrumb":{"@id":"https:\/\/ejornais.com.br\/index.php\/2026\/07\/02\/curso-gratuito-da-ses-apoia-familias-e-profissionais-no-cuidado-a-pessoa-com-sindrome-de-down\/#breadcrumblist"},"author":{"@id":"https:\/\/ejornais.com.br\/index.php\/author\/admin1\/#author"},"creator":{"@id":"https:\/\/ejornais.com.br\/index.php\/author\/admin1\/#author"},"datePublished":"2026-07-02T11:29:58-03:00","dateModified":"2026-07-02T11:29:58-03:00"},{"@type":"WebSite","@id":"https:\/\/ejornais.com.br\/#website","url":"https:\/\/ejornais.com.br\/","name":"eJornais","description":"Cat\u00e1logo de Jornais no mundo, Not\u00edcias, Blog e Esportes ao vivo","inLanguage":"pt-BR","publisher":{"@id":"https:\/\/ejornais.com.br\/#organization"}}]},"og:locale":"pt_BR","og:site_name":"eJornais - Cat\u00e1logo de Jornais no mundo, Not\u00edcias, Blog e Esportes ao vivo","og:type":"article","og:title":"Curso gratuito da SES apoia fam\u00edlias e profissionais no cuidado \u00e0 pessoa com S\u00edndrome de Down - eJornais","og:description":"Forma\u00e7\u00e3o a dist\u00e2ncia re\u00fane orienta\u00e7\u00f5es sobre diagn\u00f3stico, aspectos familiares, direitos e constru\u00e7\u00e3o de redes de apoio Cuidar de uma pessoa com s\u00edndrome de Down envolve informa\u00e7\u00e3o, acolhimento e uma rede de apoio preparada para enfrentar os desafios e potencializar o desenvolvimento em cada etapa da vida. Com esse prop\u00f3sito, a SES (Secretaria de Estado de","og:url":"https:\/\/ejornais.com.br\/index.php\/2026\/07\/02\/curso-gratuito-da-ses-apoia-familias-e-profissionais-no-cuidado-a-pessoa-com-sindrome-de-down\/","article:published_time":"2026-07-02T14:29:58+00:00","article:modified_time":"2026-07-02T14:29:58+00:00","twitter:card":"summary_large_image","twitter:title":"Curso gratuito da SES apoia fam\u00edlias e profissionais no cuidado \u00e0 pessoa com S\u00edndrome de Down - eJornais","twitter:description":"Forma\u00e7\u00e3o a dist\u00e2ncia re\u00fane orienta\u00e7\u00f5es sobre diagn\u00f3stico, aspectos familiares, direitos e constru\u00e7\u00e3o de redes de apoio Cuidar de uma pessoa com s\u00edndrome de Down envolve informa\u00e7\u00e3o, acolhimento e uma rede de apoio preparada para enfrentar os desafios e potencializar o desenvolvimento em cada etapa da vida. Com esse prop\u00f3sito, a SES (Secretaria de Estado de"},"aioseo_meta_data":{"post_id":"68551","title":null,"description":null,"keywords":null,"keyphrases":null,"primary_term":null,"canonical_url":null,"og_title":null,"og_description":null,"og_object_type":"default","og_image_type":"default","og_image_url":null,"og_image_width":null,"og_image_height":null,"og_image_custom_url":null,"og_image_custom_fields":null,"og_video":null,"og_custom_url":null,"og_article_section":null,"og_article_tags":null,"twitter_use_og":false,"twitter_card":"default","twitter_image_type":"default","twitter_image_url":null,"twitter_image_custom_url":null,"twitter_image_custom_fields":null,"twitter_title":null,"twitter_description":null,"schema":{"blockGraphs":[],"customGraphs":[],"default":{"data":{"Article":[],"Course":[],"Dataset":[],"FAQPage":[],"Movie":[],"Person":[],"Product":[],"ProductReview":[],"Car":[],"Recipe":[],"Service":[],"SoftwareApplication":[],"WebPage":[]},"graphName":"","isEnabled":true},"graphs":[]},"schema_type":"default","schema_type_options":null,"pillar_content":false,"robots_default":true,"robots_noindex":false,"robots_noarchive":false,"robots_nosnippet":false,"robots_nofollow":false,"robots_noimageindex":false,"robots_noodp":false,"robots_notranslate":false,"robots_max_snippet":null,"robots_max_videopreview":null,"robots_max_imagepreview":"large","priority":null,"frequency":null,"local_seo":null,"breadcrumb_settings":null,"limit_modified_date":false,"ai":null,"created":"2026-07-11 14:48:43","updated":"2026-07-11 14:48:43","seo_analyzer_scan_date":null,"focus_keyword":null,"additional_keywords":null,"truseo_locale":null},"aioseo_breadcrumb":"<div class=\"aioseo-breadcrumbs\"><span class=\"aioseo-breadcrumb\">\n\t\t\t<a href=\"https:\/\/ejornais.com.br\" title=\"In\u00edcio\">In\u00edcio<\/a>\n\t\t<\/span><span class=\"aioseo-breadcrumb-separator\">&raquo;<\/span><span class=\"aioseo-breadcrumb\">\n\t\t\t<a href=\"https:\/\/ejornais.com.br\/index.php\/category\/ejornais\/\" title=\"Cat\u00e1logo de Jornais\">Cat\u00e1logo de Jornais<\/a>\n\t\t<\/span><span class=\"aioseo-breadcrumb-separator\">&raquo;<\/span><span class=\"aioseo-breadcrumb\">\n\t\t\tCurso gratuito da SES apoia fam\u00edlias e profissionais no cuidado \u00e0 pessoa com S\u00edndrome de Down\n\t\t<\/span><\/div>","aioseo_breadcrumb_json":[{"label":"In\u00edcio","link":"https:\/\/ejornais.com.br"},{"label":"Cat\u00e1logo de Jornais","link":"https:\/\/ejornais.com.br\/index.php\/category\/ejornais\/"},{"label":"Curso gratuito da SES apoia fam\u00edlias e profissionais no cuidado \u00e0 pessoa com S\u00edndrome de Down","link":"https:\/\/ejornais.com.br\/index.php\/2026\/07\/02\/curso-gratuito-da-ses-apoia-familias-e-profissionais-no-cuidado-a-pessoa-com-sindrome-de-down\/"}],"amp_enabled":true,"_links":{"self":[{"href":"https:\/\/ejornais.com.br\/index.php\/wp-json\/wp\/v2\/posts\/68551","targetHints":{"allow":["GET"]}}],"collection":[{"href":"https:\/\/ejornais.com.br\/index.php\/wp-json\/wp\/v2\/posts"}],"about":[{"href":"https:\/\/ejornais.com.br\/index.php\/wp-json\/wp\/v2\/types\/post"}],"author":[{"embeddable":true,"href":"https:\/\/ejornais.com.br\/index.php\/wp-json\/wp\/v2\/users\/2"}],"replies":[{"embeddable":true,"href":"https:\/\/ejornais.com.br\/index.php\/wp-json\/wp\/v2\/comments?post=68551"}],"version-history":[{"count":0,"href":"https:\/\/ejornais.com.br\/index.php\/wp-json\/wp\/v2\/posts\/68551\/revisions"}],"wp:attachment":[{"href":"https:\/\/ejornais.com.br\/index.php\/wp-json\/wp\/v2\/media?parent=68551"}],"wp:term":[{"taxonomy":"category","embeddable":true,"href":"https:\/\/ejornais.com.br\/index.php\/wp-json\/wp\/v2\/categories?post=68551"},{"taxonomy":"post_tag","embeddable":true,"href":"https:\/\/ejornais.com.br\/index.php\/wp-json\/wp\/v2\/tags?post=68551"}],"curies":[{"name":"wp","href":"https:\/\/api.w.org\/{rel}","templated":true}]}}