{"id":68906,"date":"2026-07-09T20:35:13","date_gmt":"2026-07-09T23:35:13","guid":{"rendered":"https:\/\/ejornais.com.br\/index.php\/2026\/07\/09\/franca-e-a-primeira-semifinalista-da-copa-apos-2-a-0-sobre-marrocos\/"},"modified":"2026-07-09T20:35:13","modified_gmt":"2026-07-09T23:35:13","slug":"franca-e-a-primeira-semifinalista-da-copa-apos-2-a-0-sobre-marrocos","status":"publish","type":"post","link":"https:\/\/ejornais.com.br\/index.php\/2026\/07\/09\/franca-e-a-primeira-semifinalista-da-copa-apos-2-a-0-sobre-marrocos\/","title":{"rendered":"Fran\u00e7a \u00e9 a primeira semifinalista da Copa ap\u00f3s 2 a 0 sobre Marrocos"},"content":{"rendered":"<p> Por MRNews<br \/>\n<\/p>\n<div>\n<p>Em uma reedi\u00e7\u00e3o de uma das semifinais da Copa do Catar (2022), a Fran\u00e7a derrotou Marrocos por 2 a 0 nesta quinta-feira (9), em Boston, e se tornou a primeira sele\u00e7\u00e3o a se classificar para as semifinais desta edi\u00e7\u00e3o do Mundial.\u00a0O duelo teve dom\u00ednio dos franceses, que marcaram na segunda etapa com Mbapp\u00e9 e Demb\u00e9l\u00e9 e agora aguardam pelo vencedor do jogo entre Espanha e B\u00e9lgica para saber quem enfrentar\u00e3o na pr\u00f3xima fase.<\/p>\n<p>Desde o come\u00e7o, a sele\u00e7\u00e3o francesa pareceu determinada a n\u00e3o dar chances ao advers\u00e1rio. Por outro lado, o goleiro Bono tamb\u00e9m estava inspirado em busca de evitar os gols franceses.<\/p>\n<p>Logo nos primeiros minutos, Mbapp\u00e9 teve boa chance e posteriormente Upamecano desperdi\u00e7ou grande oportunidade cabeceando a bola ap\u00f3s escanteio para defesa de Bono no reflexo.<\/p>\n<p><strong><a href=\"https:\/\/mrnews.com.br\/index.php\/2026\/07\/09\/mp-pede-indenizacao-de-r-120-milhoes-de-virginia-e-site-de-bets\/\">MP pede indeniza\u00e7\u00e3o de R$ 120 milh\u00f5es de Virg\u00ednia e site de bets<\/a><\/strong><\/p>\n<p><strong><a href=\"https:\/\/mrnews.com.br\/index.php\/2026\/07\/09\/operacao-apura-fraudes-em-beneficios-do-inss-para-indigenas-na-bahia\/\">Opera\u00e7\u00e3o apura fraudes em benef\u00edcios do INSS para ind\u00edgenas na Bahia<\/a><\/strong><\/p>\n<p>Ocupando o campo de ataque, a Fran\u00e7a logo foi premiada com uma chance de ouro. Mazraoui derrubou Mbapp\u00e9 dentro da \u00e1rea e o p\u00eanalti foi confirmado. No entanto, na cobran\u00e7a, o craque franc\u00eas bateu fraco e Bono defendeu.<\/p>\n<blockquote class=\"twitter-tweet\">\n<p dir=\"ltr\" lang=\"fr\" xml:lang=\"fr\">DEMBOUZZZZZZ POUR LE 2-0 !! Notre num\u00e9ro 7 profite de l\u2019appel de Mbapp\u00e9 pour rentrer dans l\u2019axe et frapper ras du sol ! \ud83d\udd25\ud83d\udd25\ud83d\udd25<\/p>\n<p>\ud83c\uddeb\ud83c\uddf72-0\ud83c\uddf2\ud83c\udde6 #FRAMAR | #FIFAWorldCup <a href=\"https:\/\/t.co\/8NBafGKDOr\">pic.twitter.com\/8NBafGKDOr<\/a><\/p>\n<p>\u2014 Equipe de France \u2b50\u2b50 (@equipedefrance) July 9, 2026<\/p>\n<p><strong><a href=\"https:\/\/mrnews.com.br\/index.php\/2026\/07\/09\/fintechs-sao-notificadas-por-operar-recursos-de-bets-ilegais\/\">Fintechs s\u00e3o notificadas por operar recursos de bets ilegais<\/a><\/strong><\/p>\n<p><strong><a href=\"https:\/\/mrnews.com.br\/index.php\/2026\/07\/09\/pf-mira-empresario-suspeito-de-intimidar-jornalistas-no-caso-master\/\">PF mira empres\u00e1rio suspeito de intimidar jornalistas no caso Master<\/a><\/strong><\/p>\n<\/blockquote>\n<p>Pouco depois da pausa para a hidrata\u00e7\u00e3o, a Fran\u00e7a retomou o ritmo. Dou\u00e9 recuperou bola e chutou forte para outra grande defesa de Bono. Mais alguns minutos e Digne chutou para Bono desviar com a ponta dos dedos antes de a bola carimbar o travess\u00e3o da meta marroquina.<\/p>\n<p>No segundo tempo, o panorama n\u00e3o se alterou: Fran\u00e7a ditando o ritmo e Marrocos se defendendo. Aos 15, enfim, o muro caiu. Mbapp\u00e9 recebeu pr\u00f3ximo \u00e0 entrada da \u00e1rea e finalizou com categoria no \u00e2ngulo esquerdo de Bono para abrir o placar. Foi o oitavo gol do atacante nesta Copa, se igualando a Messi como artilheiro da competi\u00e7\u00e3o. Na artilharia de todos os mundiais, este foi o 20\u00ba gol de Mbapp\u00e9, que tem um a menos do que o argentino.<\/p>\n<p>Seis minutos depois, a Fran\u00e7a deu seu golpe final. Demb\u00e9l\u00e9 avan\u00e7ou e chutou colocado de perna direita, no canto esquerdo de Bono, marcando o segundo.<\/p>\n<p>Em desvantagem, Marrocos tentou se soltar e a Fran\u00e7a diminuiu a press\u00e3o, mas os n\u00fameros mostram que o dom\u00ednio franc\u00eas se manteve at\u00e9 o fim: foram 21 finaliza\u00e7\u00f5es contra apenas quatro dos marroquinos, sendo oito delas na dire\u00e7\u00e3o do gol.<\/p>\n<p>O resultado representou o fim de uma invencibilidade de 34 jogos da sele\u00e7\u00e3o de Marrocos, enquanto a Fran\u00e7a alcan\u00e7a sua terceira semifinal consecutiva, que pode se tornar a terceira final consecutiva caso a equipe passe por Espanha ou B\u00e9lgica, na pr\u00f3xima ter\u00e7a-feira (14), em Dallas.<\/p>\n<\/div>\n<p><script async src=\"\/\/platform.twitter.com\/widgets.js\" charset=\"utf-8\"><\/script><\/p>\n","protected":false},"excerpt":{"rendered":"<p>Por MRNews Em uma reedi\u00e7\u00e3o de uma das semifinais da Copa do Catar (2022), a Fran\u00e7a derrotou Marrocos por 2<\/p>\n","protected":false},"author":2,"featured_media":0,"comment_status":"","ping_status":"","sticky":false,"template":"","format":"standard","meta":{"colormag_page_container_layout":"default_layout","colormag_page_sidebar_layout":"default_layout","footnotes":""},"categories":[1],"tags":[],"class_list":["post-68906","post","type-post","status-publish","format-standard","hentry","category-ejornais"],"aioseo_notices":[],"aioseo_head":"\n\t\t<!-- All in One SEO 5.0.1.1 - aioseo.com -->\n\t<meta name=\"description\" content=\"Por MRNews Em uma reedi\u00e7\u00e3o de uma das semifinais da Copa do Catar (2022), a Fran\u00e7a derrotou Marrocos por 2 a 0 nesta quinta-feira (9), em Boston, e se tornou a primeira sele\u00e7\u00e3o a se classificar para as semifinais desta edi\u00e7\u00e3o do Mundial. O duelo teve dom\u00ednio dos franceses, que marcaram na segunda etapa com Mbapp\u00e9\" \/>\n\t<meta name=\"robots\" content=\"max-image-preview:large\" \/>\n\t<meta name=\"author\" content=\"admin1\"\/>\n\t<link rel=\"canonical\" href=\"https:\/\/ejornais.com.br\/index.php\/2026\/07\/09\/franca-e-a-primeira-semifinalista-da-copa-apos-2-a-0-sobre-marrocos\/\" \/>\n\t<meta name=\"generator\" content=\"All in One SEO (AIOSEO) 5.0.1.1\" \/>\n\t\t<meta property=\"og:locale\" content=\"pt_BR\" \/>\n\t\t<meta property=\"og:site_name\" content=\"eJornais - Cat\u00e1logo de Jornais no mundo, Not\u00edcias, Blog e Esportes ao vivo\" \/>\n\t\t<meta property=\"og:type\" content=\"article\" \/>\n\t\t<meta property=\"og:title\" content=\"Fran\u00e7a \u00e9 a primeira semifinalista da Copa ap\u00f3s 2 a 0 sobre Marrocos - eJornais\" \/>\n\t\t<meta property=\"og:description\" content=\"Por MRNews Em uma reedi\u00e7\u00e3o de uma das semifinais da Copa do Catar (2022), a Fran\u00e7a derrotou Marrocos por 2 a 0 nesta quinta-feira (9), em Boston, e se tornou a primeira sele\u00e7\u00e3o a se classificar para as semifinais desta edi\u00e7\u00e3o do Mundial. O duelo teve dom\u00ednio dos franceses, que marcaram na segunda etapa com Mbapp\u00e9\" \/>\n\t\t<meta property=\"og:url\" content=\"https:\/\/ejornais.com.br\/index.php\/2026\/07\/09\/franca-e-a-primeira-semifinalista-da-copa-apos-2-a-0-sobre-marrocos\/\" \/>\n\t\t<meta property=\"article:published_time\" content=\"2026-07-09T23:35:13+00:00\" \/>\n\t\t<meta property=\"article:modified_time\" content=\"2026-07-09T23:35:13+00:00\" \/>\n\t\t<meta name=\"twitter:card\" content=\"summary_large_image\" \/>\n\t\t<meta name=\"twitter:title\" content=\"Fran\u00e7a \u00e9 a primeira semifinalista da Copa ap\u00f3s 2 a 0 sobre Marrocos - eJornais\" \/>\n\t\t<meta name=\"twitter:description\" content=\"Por MRNews Em uma reedi\u00e7\u00e3o de uma das semifinais da Copa do Catar (2022), a Fran\u00e7a derrotou Marrocos por 2 a 0 nesta quinta-feira (9), em Boston, e se tornou a primeira sele\u00e7\u00e3o a se classificar para as semifinais desta edi\u00e7\u00e3o do Mundial. O duelo teve dom\u00ednio dos franceses, que marcaram na segunda etapa com Mbapp\u00e9\" \/>\n\t\t<script type=\"application\/ld+json\" class=\"aioseo-schema\">\n\t\t\t{\"@context\":\"https:\\\/\\\/schema.org\",\"@graph\":[{\"@type\":\"BlogPosting\",\"@id\":\"https:\\\/\\\/ejornais.com.br\\\/index.php\\\/2026\\\/07\\\/09\\\/franca-e-a-primeira-semifinalista-da-copa-apos-2-a-0-sobre-marrocos\\\/#blogposting\",\"name\":\"Fran\\u00e7a \\u00e9 a primeira semifinalista da Copa ap\\u00f3s 2 a 0 sobre Marrocos - eJornais\",\"headline\":\"Fran\\u00e7a \\u00e9 a primeira semifinalista da Copa ap\\u00f3s 2 a 0 sobre Marrocos\",\"author\":{\"@id\":\"https:\\\/\\\/ejornais.com.br\\\/index.php\\\/author\\\/admin1\\\/#author\"},\"publisher\":{\"@id\":\"https:\\\/\\\/ejornais.com.br\\\/#organization\"},\"datePublished\":\"2026-07-09T20:35:13-03:00\",\"dateModified\":\"2026-07-09T20:35:13-03:00\",\"inLanguage\":\"pt-BR\",\"mainEntityOfPage\":{\"@id\":\"https:\\\/\\\/ejornais.com.br\\\/index.php\\\/2026\\\/07\\\/09\\\/franca-e-a-primeira-semifinalista-da-copa-apos-2-a-0-sobre-marrocos\\\/#webpage\"},\"isPartOf\":{\"@id\":\"https:\\\/\\\/ejornais.com.br\\\/index.php\\\/2026\\\/07\\\/09\\\/franca-e-a-primeira-semifinalista-da-copa-apos-2-a-0-sobre-marrocos\\\/#webpage\"},\"articleSection\":\"Cat\\u00e1logo de Jornais\"},{\"@type\":\"BreadcrumbList\",\"@id\":\"https:\\\/\\\/ejornais.com.br\\\/index.php\\\/2026\\\/07\\\/09\\\/franca-e-a-primeira-semifinalista-da-copa-apos-2-a-0-sobre-marrocos\\\/#breadcrumblist\",\"itemListElement\":[{\"@type\":\"ListItem\",\"@id\":\"https:\\\/\\\/ejornais.com.br#listItem\",\"position\":1,\"name\":\"In\\u00edcio\",\"item\":\"https:\\\/\\\/ejornais.com.br\",\"nextItem\":{\"@type\":\"ListItem\",\"@id\":\"https:\\\/\\\/ejornais.com.br\\\/index.php\\\/category\\\/ejornais\\\/#listItem\",\"name\":\"Cat\\u00e1logo de Jornais\"}},{\"@type\":\"ListItem\",\"@id\":\"https:\\\/\\\/ejornais.com.br\\\/index.php\\\/category\\\/ejornais\\\/#listItem\",\"position\":2,\"name\":\"Cat\\u00e1logo de Jornais\",\"item\":\"https:\\\/\\\/ejornais.com.br\\\/index.php\\\/category\\\/ejornais\\\/\",\"nextItem\":{\"@type\":\"ListItem\",\"@id\":\"https:\\\/\\\/ejornais.com.br\\\/index.php\\\/2026\\\/07\\\/09\\\/franca-e-a-primeira-semifinalista-da-copa-apos-2-a-0-sobre-marrocos\\\/#listItem\",\"name\":\"Fran\\u00e7a \\u00e9 a primeira semifinalista da Copa ap\\u00f3s 2 a 0 sobre Marrocos\"},\"previousItem\":{\"@type\":\"ListItem\",\"@id\":\"https:\\\/\\\/ejornais.com.br#listItem\",\"name\":\"In\\u00edcio\"}},{\"@type\":\"ListItem\",\"@id\":\"https:\\\/\\\/ejornais.com.br\\\/index.php\\\/2026\\\/07\\\/09\\\/franca-e-a-primeira-semifinalista-da-copa-apos-2-a-0-sobre-marrocos\\\/#listItem\",\"position\":3,\"name\":\"Fran\\u00e7a \\u00e9 a primeira semifinalista da Copa ap\\u00f3s 2 a 0 sobre Marrocos\",\"previousItem\":{\"@type\":\"ListItem\",\"@id\":\"https:\\\/\\\/ejornais.com.br\\\/index.php\\\/category\\\/ejornais\\\/#listItem\",\"name\":\"Cat\\u00e1logo de Jornais\"}}]},{\"@type\":\"Organization\",\"@id\":\"https:\\\/\\\/ejornais.com.br\\\/#organization\",\"name\":\"eJornais\",\"description\":\"Cat\\u00e1logo de Jornais no mundo, Not\\u00edcias, Blog e Esportes ao vivo\",\"url\":\"https:\\\/\\\/ejornais.com.br\\\/\"},{\"@type\":\"Person\",\"@id\":\"https:\\\/\\\/ejornais.com.br\\\/index.php\\\/author\\\/admin1\\\/#author\",\"url\":\"https:\\\/\\\/ejornais.com.br\\\/index.php\\\/author\\\/admin1\\\/\",\"name\":\"admin1\",\"image\":{\"@type\":\"ImageObject\",\"@id\":\"https:\\\/\\\/ejornais.com.br\\\/index.php\\\/2026\\\/07\\\/09\\\/franca-e-a-primeira-semifinalista-da-copa-apos-2-a-0-sobre-marrocos\\\/#authorImage\",\"url\":\"https:\\\/\\\/secure.gravatar.com\\\/avatar\\\/04084e6d73c042b8646e7c17b494073bf0ede3ea13c7105cfc45cbbbc28385a4?s=96&d=mm&r=g\",\"width\":96,\"height\":96,\"caption\":\"admin1\"}},{\"@type\":\"WebPage\",\"@id\":\"https:\\\/\\\/ejornais.com.br\\\/index.php\\\/2026\\\/07\\\/09\\\/franca-e-a-primeira-semifinalista-da-copa-apos-2-a-0-sobre-marrocos\\\/#webpage\",\"url\":\"https:\\\/\\\/ejornais.com.br\\\/index.php\\\/2026\\\/07\\\/09\\\/franca-e-a-primeira-semifinalista-da-copa-apos-2-a-0-sobre-marrocos\\\/\",\"name\":\"Fran\\u00e7a \\u00e9 a primeira semifinalista da Copa ap\\u00f3s 2 a 0 sobre Marrocos - eJornais\",\"description\":\"Por MRNews Em uma reedi\\u00e7\\u00e3o de uma das semifinais da Copa do Catar (2022), a Fran\\u00e7a derrotou Marrocos por 2 a 0 nesta quinta-feira (9), em Boston, e se tornou a primeira sele\\u00e7\\u00e3o a se classificar para as semifinais desta edi\\u00e7\\u00e3o do Mundial. O duelo teve dom\\u00ednio dos franceses, que marcaram na segunda etapa com Mbapp\\u00e9\",\"inLanguage\":\"pt-BR\",\"isPartOf\":{\"@id\":\"https:\\\/\\\/ejornais.com.br\\\/#website\"},\"breadcrumb\":{\"@id\":\"https:\\\/\\\/ejornais.com.br\\\/index.php\\\/2026\\\/07\\\/09\\\/franca-e-a-primeira-semifinalista-da-copa-apos-2-a-0-sobre-marrocos\\\/#breadcrumblist\"},\"author\":{\"@id\":\"https:\\\/\\\/ejornais.com.br\\\/index.php\\\/author\\\/admin1\\\/#author\"},\"creator\":{\"@id\":\"https:\\\/\\\/ejornais.com.br\\\/index.php\\\/author\\\/admin1\\\/#author\"},\"datePublished\":\"2026-07-09T20:35:13-03:00\",\"dateModified\":\"2026-07-09T20:35:13-03:00\"},{\"@type\":\"WebSite\",\"@id\":\"https:\\\/\\\/ejornais.com.br\\\/#website\",\"url\":\"https:\\\/\\\/ejornais.com.br\\\/\",\"name\":\"eJornais\",\"description\":\"Cat\\u00e1logo de Jornais no mundo, Not\\u00edcias, Blog e Esportes ao vivo\",\"inLanguage\":\"pt-BR\",\"publisher\":{\"@id\":\"https:\\\/\\\/ejornais.com.br\\\/#organization\"}}]}\n\t\t<\/script>\n\t\t<!-- All in One SEO -->\n\n","aioseo_head_json":{"title":"Fran\u00e7a \u00e9 a primeira semifinalista da Copa ap\u00f3s 2 a 0 sobre Marrocos - eJornais","description":"Por MRNews Em uma reedi\u00e7\u00e3o de uma das semifinais da Copa do Catar (2022), a Fran\u00e7a derrotou Marrocos por 2 a 0 nesta quinta-feira (9), em Boston, e se tornou a primeira sele\u00e7\u00e3o a se classificar para as semifinais desta edi\u00e7\u00e3o do Mundial. O duelo teve dom\u00ednio dos franceses, que marcaram na segunda etapa com Mbapp\u00e9","canonical_url":"https:\/\/ejornais.com.br\/index.php\/2026\/07\/09\/franca-e-a-primeira-semifinalista-da-copa-apos-2-a-0-sobre-marrocos\/","robots":"max-image-preview:large","keywords":"","webmasterTools":{"miscellaneous":""},"schema":{"@context":"https:\/\/schema.org","@graph":[{"@type":"BlogPosting","@id":"https:\/\/ejornais.com.br\/index.php\/2026\/07\/09\/franca-e-a-primeira-semifinalista-da-copa-apos-2-a-0-sobre-marrocos\/#blogposting","name":"Fran\u00e7a \u00e9 a primeira semifinalista da Copa ap\u00f3s 2 a 0 sobre Marrocos - eJornais","headline":"Fran\u00e7a \u00e9 a primeira semifinalista da Copa ap\u00f3s 2 a 0 sobre Marrocos","author":{"@id":"https:\/\/ejornais.com.br\/index.php\/author\/admin1\/#author"},"publisher":{"@id":"https:\/\/ejornais.com.br\/#organization"},"datePublished":"2026-07-09T20:35:13-03:00","dateModified":"2026-07-09T20:35:13-03:00","inLanguage":"pt-BR","mainEntityOfPage":{"@id":"https:\/\/ejornais.com.br\/index.php\/2026\/07\/09\/franca-e-a-primeira-semifinalista-da-copa-apos-2-a-0-sobre-marrocos\/#webpage"},"isPartOf":{"@id":"https:\/\/ejornais.com.br\/index.php\/2026\/07\/09\/franca-e-a-primeira-semifinalista-da-copa-apos-2-a-0-sobre-marrocos\/#webpage"},"articleSection":"Cat\u00e1logo de Jornais"},{"@type":"BreadcrumbList","@id":"https:\/\/ejornais.com.br\/index.php\/2026\/07\/09\/franca-e-a-primeira-semifinalista-da-copa-apos-2-a-0-sobre-marrocos\/#breadcrumblist","itemListElement":[{"@type":"ListItem","@id":"https:\/\/ejornais.com.br#listItem","position":1,"name":"In\u00edcio","item":"https:\/\/ejornais.com.br","nextItem":{"@type":"ListItem","@id":"https:\/\/ejornais.com.br\/index.php\/category\/ejornais\/#listItem","name":"Cat\u00e1logo de Jornais"}},{"@type":"ListItem","@id":"https:\/\/ejornais.com.br\/index.php\/category\/ejornais\/#listItem","position":2,"name":"Cat\u00e1logo de Jornais","item":"https:\/\/ejornais.com.br\/index.php\/category\/ejornais\/","nextItem":{"@type":"ListItem","@id":"https:\/\/ejornais.com.br\/index.php\/2026\/07\/09\/franca-e-a-primeira-semifinalista-da-copa-apos-2-a-0-sobre-marrocos\/#listItem","name":"Fran\u00e7a \u00e9 a primeira semifinalista da Copa ap\u00f3s 2 a 0 sobre Marrocos"},"previousItem":{"@type":"ListItem","@id":"https:\/\/ejornais.com.br#listItem","name":"In\u00edcio"}},{"@type":"ListItem","@id":"https:\/\/ejornais.com.br\/index.php\/2026\/07\/09\/franca-e-a-primeira-semifinalista-da-copa-apos-2-a-0-sobre-marrocos\/#listItem","position":3,"name":"Fran\u00e7a \u00e9 a primeira semifinalista da Copa ap\u00f3s 2 a 0 sobre Marrocos","previousItem":{"@type":"ListItem","@id":"https:\/\/ejornais.com.br\/index.php\/category\/ejornais\/#listItem","name":"Cat\u00e1logo de Jornais"}}]},{"@type":"Organization","@id":"https:\/\/ejornais.com.br\/#organization","name":"eJornais","description":"Cat\u00e1logo de Jornais no mundo, Not\u00edcias, Blog e Esportes ao vivo","url":"https:\/\/ejornais.com.br\/"},{"@type":"Person","@id":"https:\/\/ejornais.com.br\/index.php\/author\/admin1\/#author","url":"https:\/\/ejornais.com.br\/index.php\/author\/admin1\/","name":"admin1","image":{"@type":"ImageObject","@id":"https:\/\/ejornais.com.br\/index.php\/2026\/07\/09\/franca-e-a-primeira-semifinalista-da-copa-apos-2-a-0-sobre-marrocos\/#authorImage","url":"https:\/\/secure.gravatar.com\/avatar\/04084e6d73c042b8646e7c17b494073bf0ede3ea13c7105cfc45cbbbc28385a4?s=96&d=mm&r=g","width":96,"height":96,"caption":"admin1"}},{"@type":"WebPage","@id":"https:\/\/ejornais.com.br\/index.php\/2026\/07\/09\/franca-e-a-primeira-semifinalista-da-copa-apos-2-a-0-sobre-marrocos\/#webpage","url":"https:\/\/ejornais.com.br\/index.php\/2026\/07\/09\/franca-e-a-primeira-semifinalista-da-copa-apos-2-a-0-sobre-marrocos\/","name":"Fran\u00e7a \u00e9 a primeira semifinalista da Copa ap\u00f3s 2 a 0 sobre Marrocos - eJornais","description":"Por MRNews Em uma reedi\u00e7\u00e3o de uma das semifinais da Copa do Catar (2022), a Fran\u00e7a derrotou Marrocos por 2 a 0 nesta quinta-feira (9), em Boston, e se tornou a primeira sele\u00e7\u00e3o a se classificar para as semifinais desta edi\u00e7\u00e3o do Mundial. O duelo teve dom\u00ednio dos franceses, que marcaram na segunda etapa com Mbapp\u00e9","inLanguage":"pt-BR","isPartOf":{"@id":"https:\/\/ejornais.com.br\/#website"},"breadcrumb":{"@id":"https:\/\/ejornais.com.br\/index.php\/2026\/07\/09\/franca-e-a-primeira-semifinalista-da-copa-apos-2-a-0-sobre-marrocos\/#breadcrumblist"},"author":{"@id":"https:\/\/ejornais.com.br\/index.php\/author\/admin1\/#author"},"creator":{"@id":"https:\/\/ejornais.com.br\/index.php\/author\/admin1\/#author"},"datePublished":"2026-07-09T20:35:13-03:00","dateModified":"2026-07-09T20:35:13-03:00"},{"@type":"WebSite","@id":"https:\/\/ejornais.com.br\/#website","url":"https:\/\/ejornais.com.br\/","name":"eJornais","description":"Cat\u00e1logo de Jornais no mundo, Not\u00edcias, Blog e Esportes ao vivo","inLanguage":"pt-BR","publisher":{"@id":"https:\/\/ejornais.com.br\/#organization"}}]},"og:locale":"pt_BR","og:site_name":"eJornais - Cat\u00e1logo de Jornais no mundo, Not\u00edcias, Blog e Esportes ao vivo","og:type":"article","og:title":"Fran\u00e7a \u00e9 a primeira semifinalista da Copa ap\u00f3s 2 a 0 sobre Marrocos - eJornais","og:description":"Por MRNews Em uma reedi\u00e7\u00e3o de uma das semifinais da Copa do Catar (2022), a Fran\u00e7a derrotou Marrocos por 2 a 0 nesta quinta-feira (9), em Boston, e se tornou a primeira sele\u00e7\u00e3o a se classificar para as semifinais desta edi\u00e7\u00e3o do Mundial. O duelo teve dom\u00ednio dos franceses, que marcaram na segunda etapa com Mbapp\u00e9","og:url":"https:\/\/ejornais.com.br\/index.php\/2026\/07\/09\/franca-e-a-primeira-semifinalista-da-copa-apos-2-a-0-sobre-marrocos\/","article:published_time":"2026-07-09T23:35:13+00:00","article:modified_time":"2026-07-09T23:35:13+00:00","twitter:card":"summary_large_image","twitter:title":"Fran\u00e7a \u00e9 a primeira semifinalista da Copa ap\u00f3s 2 a 0 sobre Marrocos - eJornais","twitter:description":"Por MRNews Em uma reedi\u00e7\u00e3o de uma das semifinais da Copa do Catar (2022), a Fran\u00e7a derrotou Marrocos por 2 a 0 nesta quinta-feira (9), em Boston, e se tornou a primeira sele\u00e7\u00e3o a se classificar para as semifinais desta edi\u00e7\u00e3o do Mundial. O duelo teve dom\u00ednio dos franceses, que marcaram na segunda etapa com Mbapp\u00e9"},"aioseo_meta_data":{"post_id":"68906","title":null,"description":null,"keywords":null,"keyphrases":null,"primary_term":null,"canonical_url":null,"og_title":null,"og_description":null,"og_object_type":"default","og_image_type":"default","og_image_url":null,"og_image_width":null,"og_image_height":null,"og_image_custom_url":null,"og_image_custom_fields":null,"og_video":null,"og_custom_url":null,"og_article_section":null,"og_article_tags":null,"twitter_use_og":false,"twitter_card":"default","twitter_image_type":"default","twitter_image_url":null,"twitter_image_custom_url":null,"twitter_image_custom_fields":null,"twitter_title":null,"twitter_description":null,"schema":{"blockGraphs":[],"customGraphs":[],"default":{"data":{"Article":[],"Course":[],"Dataset":[],"FAQPage":[],"Movie":[],"Person":[],"Product":[],"ProductReview":[],"Car":[],"Recipe":[],"Service":[],"SoftwareApplication":[],"WebPage":[]},"graphName":"","isEnabled":true},"graphs":[]},"schema_type":"default","schema_type_options":null,"pillar_content":false,"robots_default":true,"robots_noindex":false,"robots_noarchive":false,"robots_nosnippet":false,"robots_nofollow":false,"robots_noimageindex":false,"robots_noodp":false,"robots_notranslate":false,"robots_max_snippet":null,"robots_max_videopreview":null,"robots_max_imagepreview":"large","priority":null,"frequency":null,"local_seo":null,"breadcrumb_settings":null,"limit_modified_date":false,"ai":null,"created":"2026-07-11 15:53:33","updated":"2026-07-11 15:53:33","seo_analyzer_scan_date":null,"focus_keyword":null,"additional_keywords":null,"truseo_locale":null},"aioseo_breadcrumb":"<div class=\"aioseo-breadcrumbs\"><span class=\"aioseo-breadcrumb\">\n\t\t\t<a href=\"https:\/\/ejornais.com.br\" title=\"In\u00edcio\">In\u00edcio<\/a>\n\t\t<\/span><span class=\"aioseo-breadcrumb-separator\">&raquo;<\/span><span class=\"aioseo-breadcrumb\">\n\t\t\t<a href=\"https:\/\/ejornais.com.br\/index.php\/category\/ejornais\/\" title=\"Cat\u00e1logo de Jornais\">Cat\u00e1logo de Jornais<\/a>\n\t\t<\/span><span class=\"aioseo-breadcrumb-separator\">&raquo;<\/span><span class=\"aioseo-breadcrumb\">\n\t\t\tFran\u00e7a \u00e9 a primeira semifinalista da Copa ap\u00f3s 2 a 0 sobre Marrocos\n\t\t<\/span><\/div>","aioseo_breadcrumb_json":[{"label":"In\u00edcio","link":"https:\/\/ejornais.com.br"},{"label":"Cat\u00e1logo de Jornais","link":"https:\/\/ejornais.com.br\/index.php\/category\/ejornais\/"},{"label":"Fran\u00e7a \u00e9 a primeira semifinalista da Copa ap\u00f3s 2 a 0 sobre Marrocos","link":"https:\/\/ejornais.com.br\/index.php\/2026\/07\/09\/franca-e-a-primeira-semifinalista-da-copa-apos-2-a-0-sobre-marrocos\/"}],"amp_enabled":true,"_links":{"self":[{"href":"https:\/\/ejornais.com.br\/index.php\/wp-json\/wp\/v2\/posts\/68906","targetHints":{"allow":["GET"]}}],"collection":[{"href":"https:\/\/ejornais.com.br\/index.php\/wp-json\/wp\/v2\/posts"}],"about":[{"href":"https:\/\/ejornais.com.br\/index.php\/wp-json\/wp\/v2\/types\/post"}],"author":[{"embeddable":true,"href":"https:\/\/ejornais.com.br\/index.php\/wp-json\/wp\/v2\/users\/2"}],"replies":[{"embeddable":true,"href":"https:\/\/ejornais.com.br\/index.php\/wp-json\/wp\/v2\/comments?post=68906"}],"version-history":[{"count":0,"href":"https:\/\/ejornais.com.br\/index.php\/wp-json\/wp\/v2\/posts\/68906\/revisions"}],"wp:attachment":[{"href":"https:\/\/ejornais.com.br\/index.php\/wp-json\/wp\/v2\/media?parent=68906"}],"wp:term":[{"taxonomy":"category","embeddable":true,"href":"https:\/\/ejornais.com.br\/index.php\/wp-json\/wp\/v2\/categories?post=68906"},{"taxonomy":"post_tag","embeddable":true,"href":"https:\/\/ejornais.com.br\/index.php\/wp-json\/wp\/v2\/tags?post=68906"}],"curies":[{"name":"wp","href":"https:\/\/api.w.org\/{rel}","templated":true}]}}