{"id":68929,"date":"2026-07-10T11:58:29","date_gmt":"2026-07-10T14:58:29","guid":{"rendered":"https:\/\/ejornais.com.br\/index.php\/2026\/07\/10\/dia-da-saude-ocular-chama-atencao-para-doencas-que-afetam-a-visao\/"},"modified":"2026-07-10T11:58:29","modified_gmt":"2026-07-10T14:58:29","slug":"dia-da-saude-ocular-chama-atencao-para-doencas-que-afetam-a-visao","status":"publish","type":"post","link":"https:\/\/ejornais.com.br\/index.php\/2026\/07\/10\/dia-da-saude-ocular-chama-atencao-para-doencas-que-afetam-a-visao\/","title":{"rendered":"Dia da Sa\u00fade Ocular chama aten\u00e7\u00e3o para doen\u00e7as que afetam a vis\u00e3o"},"content":{"rendered":"<p> Por MRNews<br \/>\n<\/p>\n<div>\n<p>Nesta sexta-feira \u00e9 celebrado o Dia Mundial da Sa\u00fade Ocular, campanha institu\u00edda pela Organiza\u00e7\u00e3o Mundial da Sa\u00fade (OMS) sobre a preven\u00e7\u00e3o e o tratamento de doen\u00e7as que afetam a vis\u00e3o.<\/p>\n<p><strong>No Brasil, conforme o \u00faltimo censo demogr\u00e1fico do IBGE, quase 8 milh\u00f5es de brasileiros declaram ter cegueira total ou severa dificuldade de enxergar, sendo a limita\u00e7\u00e3o funcional mais prevalente no pa\u00eds.<\/strong><\/p>\n<p>Al\u00e9m disso, segundo a OMS, <strong>aproximadamente 80% dos casos de defici\u00eancia visual poderiam ser evitados ou tratados adequadamente, caso fossem diagnosticados em est\u00e1gios iniciais.<\/strong><\/p>\n<p><strong><a href=\"https:\/\/mrnews.com.br\/index.php\/2026\/07\/10\/trafego-diminui-em-ormuz-a-medida-que-tensoes-com-ira-se-intensificam\/\">Tr\u00e1fego diminui em Ormuz \u00e0 medida que tens\u00f5es com Ir\u00e3 se intensificam<\/a><\/strong><\/p>\n<p><strong><a href=\"https:\/\/mrnews.com.br\/index.php\/2026\/07\/10\/esses-foram-os-motivos-e-sintomas-que-levaram-leticia-colin-a-ser-internada\/\">Esses foram os motivos e sintomas que levaram Let\u00edcia Colin a ser internada<\/a><\/strong><\/p>\n<p>Entre as principais causas de perda de vis\u00e3o, est\u00e3o a catarata, glaucoma, retinopatia diab\u00e9tica e degenera\u00e7\u00e3o macular relacionada \u00e0 idade. Algumas dessas condi\u00e7\u00f5es est\u00e3o associadas ao envelhecimento, mas altera\u00e7\u00f5es na vis\u00e3o podem surgir em qualquer faixa et\u00e1ria, inclusive na inf\u00e2ncia.<\/p>\n<p>Fatores como predisposi\u00e7\u00e3o gen\u00e9tica, diabetes, hipertens\u00e3o arterial e h\u00e1bitos inadequados tamb\u00e9m podem aumentar o risco de desenvolver doen\u00e7as oculares ao longo da vida. O principal alerta em rela\u00e7\u00e3o a essas doen\u00e7as \u00e9 o seu car\u00e1ter assintom\u00e1tico, agindo de forma silenciosa.<\/p>\n<p>\u00c9 o caso do administrador Alexandre de Menezes, que relata surpresa ao descobrir que tinha catarata aos 49 anos, durante um exame oftalmol\u00f3gico de rotina.<\/p>\n<p>\u201cSempre associei essa condi\u00e7\u00e3o de catarata a pessoas mais idosas, n\u00e9? No dia a dia, n\u00e3o havia percebido qualquer perda na qualidade da vis\u00e3o. Ap\u00f3s o diagn\u00f3stico, realizei os exames complementares, fiz uma cirurgia numa quarta-feira, e na segunda-feira j\u00e1 estava trabalhando. Na verdade, ap\u00f3s a cirurgia, eu j\u00e1, j\u00e1 sa\u00ed enxergando daqui. Ao chegar em casa e olhar pela janela, sem a necessidade de um \u00f3culos e poder, n\u00e9, observar detalhes que antes eu n\u00e3o, n\u00e3o conseguia ver, foi pra mim algo muito marcante\u201d, conta.<\/p>\n<p><strong><a href=\"https:\/\/mrnews.com.br\/index.php\/2026\/07\/10\/itau-confirma-fim-de-beneficio-do-the-one-e-mudanca-divide-opinioes-entre-clientes-de-alta-renda\/\">Ita\u00fa confirma fim de benef\u00edcio do The One e mudan\u00e7a divide opini\u00f5es entre clientes de alta renda<\/a><\/strong><\/p>\n<p><strong><a href=\"https:\/\/mrnews.com.br\/index.php\/2026\/07\/10\/rio-procurador-diz-que-ha-ambiente-institucional-voltado-a-corrupcao\/\">Rio: procurador diz que h\u00e1 ambiente institucional voltado \u00e0 corrup\u00e7\u00e3o<\/a><\/strong><\/p>\n<p>Segundo a oftalmologista N\u00fabia Vanessa, a melhor forma de prevenir doen\u00e7as oculares \u00e9 com diagn\u00f3sticos precoces.<\/p>\n<p><strong>\u201cN\u00f3s devemos fazer isso em todas as faixas et\u00e1rias para detec\u00e7\u00e3o precoce das doen\u00e7as oculares, para evitar cegueiras que podem ser revers\u00edveis e as irrevers\u00edveis. Pacientes que tenham comorbidades como diabetes, press\u00e3o alta, doen\u00e7as autoimunes devem procurar o m\u00e9dico oftalmologista para fazer a detec\u00e7\u00e3o precoce de alguns problemas visuais ou doen\u00e7as oculares que t\u00e3o relacionadas\u201d, explica.<\/strong><\/p>\n<p>H\u00e1bitos simples, como evitar a automedica\u00e7\u00e3o e o uso indiscriminado de col\u00edrios, utilizar \u00f3culos de sol com prote\u00e7\u00e3o ultravioleta e fazer pausas regulares durante o uso prolongado de telas e outros dispositivos eletr\u00f4nicos contribuem para a manuten\u00e7\u00e3o da sa\u00fade ocular.<\/p>\n<p><em>*Sob supervis\u00e3o de F\u00e1bio Cardoso.<\/em><\/p>\n<p>\u00a0<\/p>\n<\/div>\n","protected":false},"excerpt":{"rendered":"<p>Por MRNews Nesta sexta-feira \u00e9 celebrado o Dia Mundial da Sa\u00fade Ocular, campanha institu\u00edda pela Organiza\u00e7\u00e3o Mundial da Sa\u00fade (OMS)<\/p>\n","protected":false},"author":2,"featured_media":0,"comment_status":"","ping_status":"","sticky":false,"template":"","format":"standard","meta":{"colormag_page_container_layout":"default_layout","colormag_page_sidebar_layout":"default_layout","footnotes":""},"categories":[1],"tags":[],"class_list":["post-68929","post","type-post","status-publish","format-standard","hentry","category-ejornais"],"aioseo_notices":[],"aioseo_head":"\n\t\t<!-- All in One SEO 5.0.1.1 - aioseo.com -->\n\t<meta name=\"description\" content=\"Por MRNews Nesta sexta-feira \u00e9 celebrado o Dia Mundial da Sa\u00fade Ocular, campanha institu\u00edda pela Organiza\u00e7\u00e3o Mundial da Sa\u00fade (OMS) sobre a preven\u00e7\u00e3o e o tratamento de doen\u00e7as que afetam a vis\u00e3o. No Brasil, conforme o \u00faltimo censo demogr\u00e1fico do IBGE, quase 8 milh\u00f5es de brasileiros declaram ter cegueira total ou severa dificuldade de enxergar,\" \/>\n\t<meta name=\"robots\" content=\"max-image-preview:large\" \/>\n\t<meta name=\"author\" content=\"admin1\"\/>\n\t<link rel=\"canonical\" href=\"https:\/\/ejornais.com.br\/index.php\/2026\/07\/10\/dia-da-saude-ocular-chama-atencao-para-doencas-que-afetam-a-visao\/\" \/>\n\t<meta name=\"generator\" content=\"All in One SEO (AIOSEO) 5.0.1.1\" \/>\n\t\t<meta property=\"og:locale\" content=\"pt_BR\" \/>\n\t\t<meta property=\"og:site_name\" content=\"eJornais - Cat\u00e1logo de Jornais no mundo, Not\u00edcias, Blog e Esportes ao vivo\" \/>\n\t\t<meta property=\"og:type\" content=\"article\" \/>\n\t\t<meta property=\"og:title\" content=\"Dia da Sa\u00fade Ocular chama aten\u00e7\u00e3o para doen\u00e7as que afetam a vis\u00e3o - eJornais\" \/>\n\t\t<meta property=\"og:description\" content=\"Por MRNews Nesta sexta-feira \u00e9 celebrado o Dia Mundial da Sa\u00fade Ocular, campanha institu\u00edda pela Organiza\u00e7\u00e3o Mundial da Sa\u00fade (OMS) sobre a preven\u00e7\u00e3o e o tratamento de doen\u00e7as que afetam a vis\u00e3o. No Brasil, conforme o \u00faltimo censo demogr\u00e1fico do IBGE, quase 8 milh\u00f5es de brasileiros declaram ter cegueira total ou severa dificuldade de enxergar,\" \/>\n\t\t<meta property=\"og:url\" content=\"https:\/\/ejornais.com.br\/index.php\/2026\/07\/10\/dia-da-saude-ocular-chama-atencao-para-doencas-que-afetam-a-visao\/\" \/>\n\t\t<meta property=\"article:published_time\" content=\"2026-07-10T14:58:29+00:00\" \/>\n\t\t<meta property=\"article:modified_time\" content=\"2026-07-10T14:58:29+00:00\" \/>\n\t\t<meta name=\"twitter:card\" content=\"summary_large_image\" \/>\n\t\t<meta name=\"twitter:title\" content=\"Dia da Sa\u00fade Ocular chama aten\u00e7\u00e3o para doen\u00e7as que afetam a vis\u00e3o - eJornais\" \/>\n\t\t<meta name=\"twitter:description\" content=\"Por MRNews Nesta sexta-feira \u00e9 celebrado o Dia Mundial da Sa\u00fade Ocular, campanha institu\u00edda pela Organiza\u00e7\u00e3o Mundial da Sa\u00fade (OMS) sobre a preven\u00e7\u00e3o e o tratamento de doen\u00e7as que afetam a vis\u00e3o. No Brasil, conforme o \u00faltimo censo demogr\u00e1fico do IBGE, quase 8 milh\u00f5es de brasileiros declaram ter cegueira total ou severa dificuldade de enxergar,\" \/>\n\t\t<script type=\"application\/ld+json\" class=\"aioseo-schema\">\n\t\t\t{\"@context\":\"https:\\\/\\\/schema.org\",\"@graph\":[{\"@type\":\"BlogPosting\",\"@id\":\"https:\\\/\\\/ejornais.com.br\\\/index.php\\\/2026\\\/07\\\/10\\\/dia-da-saude-ocular-chama-atencao-para-doencas-que-afetam-a-visao\\\/#blogposting\",\"name\":\"Dia da Sa\\u00fade Ocular chama aten\\u00e7\\u00e3o para doen\\u00e7as que afetam a vis\\u00e3o - eJornais\",\"headline\":\"Dia da Sa\\u00fade Ocular chama aten\\u00e7\\u00e3o para doen\\u00e7as que afetam a vis\\u00e3o\",\"author\":{\"@id\":\"https:\\\/\\\/ejornais.com.br\\\/index.php\\\/author\\\/admin1\\\/#author\"},\"publisher\":{\"@id\":\"https:\\\/\\\/ejornais.com.br\\\/#organization\"},\"datePublished\":\"2026-07-10T11:58:29-03:00\",\"dateModified\":\"2026-07-10T11:58:29-03:00\",\"inLanguage\":\"pt-BR\",\"mainEntityOfPage\":{\"@id\":\"https:\\\/\\\/ejornais.com.br\\\/index.php\\\/2026\\\/07\\\/10\\\/dia-da-saude-ocular-chama-atencao-para-doencas-que-afetam-a-visao\\\/#webpage\"},\"isPartOf\":{\"@id\":\"https:\\\/\\\/ejornais.com.br\\\/index.php\\\/2026\\\/07\\\/10\\\/dia-da-saude-ocular-chama-atencao-para-doencas-que-afetam-a-visao\\\/#webpage\"},\"articleSection\":\"Cat\\u00e1logo de Jornais\"},{\"@type\":\"BreadcrumbList\",\"@id\":\"https:\\\/\\\/ejornais.com.br\\\/index.php\\\/2026\\\/07\\\/10\\\/dia-da-saude-ocular-chama-atencao-para-doencas-que-afetam-a-visao\\\/#breadcrumblist\",\"itemListElement\":[{\"@type\":\"ListItem\",\"@id\":\"https:\\\/\\\/ejornais.com.br#listItem\",\"position\":1,\"name\":\"In\\u00edcio\",\"item\":\"https:\\\/\\\/ejornais.com.br\",\"nextItem\":{\"@type\":\"ListItem\",\"@id\":\"https:\\\/\\\/ejornais.com.br\\\/index.php\\\/category\\\/ejornais\\\/#listItem\",\"name\":\"Cat\\u00e1logo de Jornais\"}},{\"@type\":\"ListItem\",\"@id\":\"https:\\\/\\\/ejornais.com.br\\\/index.php\\\/category\\\/ejornais\\\/#listItem\",\"position\":2,\"name\":\"Cat\\u00e1logo de Jornais\",\"item\":\"https:\\\/\\\/ejornais.com.br\\\/index.php\\\/category\\\/ejornais\\\/\",\"nextItem\":{\"@type\":\"ListItem\",\"@id\":\"https:\\\/\\\/ejornais.com.br\\\/index.php\\\/2026\\\/07\\\/10\\\/dia-da-saude-ocular-chama-atencao-para-doencas-que-afetam-a-visao\\\/#listItem\",\"name\":\"Dia da Sa\\u00fade Ocular chama aten\\u00e7\\u00e3o para doen\\u00e7as que afetam a vis\\u00e3o\"},\"previousItem\":{\"@type\":\"ListItem\",\"@id\":\"https:\\\/\\\/ejornais.com.br#listItem\",\"name\":\"In\\u00edcio\"}},{\"@type\":\"ListItem\",\"@id\":\"https:\\\/\\\/ejornais.com.br\\\/index.php\\\/2026\\\/07\\\/10\\\/dia-da-saude-ocular-chama-atencao-para-doencas-que-afetam-a-visao\\\/#listItem\",\"position\":3,\"name\":\"Dia da Sa\\u00fade Ocular chama aten\\u00e7\\u00e3o para doen\\u00e7as que afetam a vis\\u00e3o\",\"previousItem\":{\"@type\":\"ListItem\",\"@id\":\"https:\\\/\\\/ejornais.com.br\\\/index.php\\\/category\\\/ejornais\\\/#listItem\",\"name\":\"Cat\\u00e1logo de Jornais\"}}]},{\"@type\":\"Organization\",\"@id\":\"https:\\\/\\\/ejornais.com.br\\\/#organization\",\"name\":\"eJornais\",\"description\":\"Cat\\u00e1logo de Jornais no mundo, Not\\u00edcias, Blog e Esportes ao vivo\",\"url\":\"https:\\\/\\\/ejornais.com.br\\\/\"},{\"@type\":\"Person\",\"@id\":\"https:\\\/\\\/ejornais.com.br\\\/index.php\\\/author\\\/admin1\\\/#author\",\"url\":\"https:\\\/\\\/ejornais.com.br\\\/index.php\\\/author\\\/admin1\\\/\",\"name\":\"admin1\",\"image\":{\"@type\":\"ImageObject\",\"@id\":\"https:\\\/\\\/ejornais.com.br\\\/index.php\\\/2026\\\/07\\\/10\\\/dia-da-saude-ocular-chama-atencao-para-doencas-que-afetam-a-visao\\\/#authorImage\",\"url\":\"https:\\\/\\\/secure.gravatar.com\\\/avatar\\\/04084e6d73c042b8646e7c17b494073bf0ede3ea13c7105cfc45cbbbc28385a4?s=96&d=mm&r=g\",\"width\":96,\"height\":96,\"caption\":\"admin1\"}},{\"@type\":\"WebPage\",\"@id\":\"https:\\\/\\\/ejornais.com.br\\\/index.php\\\/2026\\\/07\\\/10\\\/dia-da-saude-ocular-chama-atencao-para-doencas-que-afetam-a-visao\\\/#webpage\",\"url\":\"https:\\\/\\\/ejornais.com.br\\\/index.php\\\/2026\\\/07\\\/10\\\/dia-da-saude-ocular-chama-atencao-para-doencas-que-afetam-a-visao\\\/\",\"name\":\"Dia da Sa\\u00fade Ocular chama aten\\u00e7\\u00e3o para doen\\u00e7as que afetam a vis\\u00e3o - eJornais\",\"description\":\"Por MRNews Nesta sexta-feira \\u00e9 celebrado o Dia Mundial da Sa\\u00fade Ocular, campanha institu\\u00edda pela Organiza\\u00e7\\u00e3o Mundial da Sa\\u00fade (OMS) sobre a preven\\u00e7\\u00e3o e o tratamento de doen\\u00e7as que afetam a vis\\u00e3o. No Brasil, conforme o \\u00faltimo censo demogr\\u00e1fico do IBGE, quase 8 milh\\u00f5es de brasileiros declaram ter cegueira total ou severa dificuldade de enxergar,\",\"inLanguage\":\"pt-BR\",\"isPartOf\":{\"@id\":\"https:\\\/\\\/ejornais.com.br\\\/#website\"},\"breadcrumb\":{\"@id\":\"https:\\\/\\\/ejornais.com.br\\\/index.php\\\/2026\\\/07\\\/10\\\/dia-da-saude-ocular-chama-atencao-para-doencas-que-afetam-a-visao\\\/#breadcrumblist\"},\"author\":{\"@id\":\"https:\\\/\\\/ejornais.com.br\\\/index.php\\\/author\\\/admin1\\\/#author\"},\"creator\":{\"@id\":\"https:\\\/\\\/ejornais.com.br\\\/index.php\\\/author\\\/admin1\\\/#author\"},\"datePublished\":\"2026-07-10T11:58:29-03:00\",\"dateModified\":\"2026-07-10T11:58:29-03:00\"},{\"@type\":\"WebSite\",\"@id\":\"https:\\\/\\\/ejornais.com.br\\\/#website\",\"url\":\"https:\\\/\\\/ejornais.com.br\\\/\",\"name\":\"eJornais\",\"description\":\"Cat\\u00e1logo de Jornais no mundo, Not\\u00edcias, Blog e Esportes ao vivo\",\"inLanguage\":\"pt-BR\",\"publisher\":{\"@id\":\"https:\\\/\\\/ejornais.com.br\\\/#organization\"}}]}\n\t\t<\/script>\n\t\t<!-- All in One SEO -->\n\n","aioseo_head_json":{"title":"Dia da Sa\u00fade Ocular chama aten\u00e7\u00e3o para doen\u00e7as que afetam a vis\u00e3o - eJornais","description":"Por MRNews Nesta sexta-feira \u00e9 celebrado o Dia Mundial da Sa\u00fade Ocular, campanha institu\u00edda pela Organiza\u00e7\u00e3o Mundial da Sa\u00fade (OMS) sobre a preven\u00e7\u00e3o e o tratamento de doen\u00e7as que afetam a vis\u00e3o. No Brasil, conforme o \u00faltimo censo demogr\u00e1fico do IBGE, quase 8 milh\u00f5es de brasileiros declaram ter cegueira total ou severa dificuldade de enxergar,","canonical_url":"https:\/\/ejornais.com.br\/index.php\/2026\/07\/10\/dia-da-saude-ocular-chama-atencao-para-doencas-que-afetam-a-visao\/","robots":"max-image-preview:large","keywords":"","webmasterTools":{"miscellaneous":""},"schema":{"@context":"https:\/\/schema.org","@graph":[{"@type":"BlogPosting","@id":"https:\/\/ejornais.com.br\/index.php\/2026\/07\/10\/dia-da-saude-ocular-chama-atencao-para-doencas-que-afetam-a-visao\/#blogposting","name":"Dia da Sa\u00fade Ocular chama aten\u00e7\u00e3o para doen\u00e7as que afetam a vis\u00e3o - eJornais","headline":"Dia da Sa\u00fade Ocular chama aten\u00e7\u00e3o para doen\u00e7as que afetam a vis\u00e3o","author":{"@id":"https:\/\/ejornais.com.br\/index.php\/author\/admin1\/#author"},"publisher":{"@id":"https:\/\/ejornais.com.br\/#organization"},"datePublished":"2026-07-10T11:58:29-03:00","dateModified":"2026-07-10T11:58:29-03:00","inLanguage":"pt-BR","mainEntityOfPage":{"@id":"https:\/\/ejornais.com.br\/index.php\/2026\/07\/10\/dia-da-saude-ocular-chama-atencao-para-doencas-que-afetam-a-visao\/#webpage"},"isPartOf":{"@id":"https:\/\/ejornais.com.br\/index.php\/2026\/07\/10\/dia-da-saude-ocular-chama-atencao-para-doencas-que-afetam-a-visao\/#webpage"},"articleSection":"Cat\u00e1logo de Jornais"},{"@type":"BreadcrumbList","@id":"https:\/\/ejornais.com.br\/index.php\/2026\/07\/10\/dia-da-saude-ocular-chama-atencao-para-doencas-que-afetam-a-visao\/#breadcrumblist","itemListElement":[{"@type":"ListItem","@id":"https:\/\/ejornais.com.br#listItem","position":1,"name":"In\u00edcio","item":"https:\/\/ejornais.com.br","nextItem":{"@type":"ListItem","@id":"https:\/\/ejornais.com.br\/index.php\/category\/ejornais\/#listItem","name":"Cat\u00e1logo de Jornais"}},{"@type":"ListItem","@id":"https:\/\/ejornais.com.br\/index.php\/category\/ejornais\/#listItem","position":2,"name":"Cat\u00e1logo de Jornais","item":"https:\/\/ejornais.com.br\/index.php\/category\/ejornais\/","nextItem":{"@type":"ListItem","@id":"https:\/\/ejornais.com.br\/index.php\/2026\/07\/10\/dia-da-saude-ocular-chama-atencao-para-doencas-que-afetam-a-visao\/#listItem","name":"Dia da Sa\u00fade Ocular chama aten\u00e7\u00e3o para doen\u00e7as que afetam a vis\u00e3o"},"previousItem":{"@type":"ListItem","@id":"https:\/\/ejornais.com.br#listItem","name":"In\u00edcio"}},{"@type":"ListItem","@id":"https:\/\/ejornais.com.br\/index.php\/2026\/07\/10\/dia-da-saude-ocular-chama-atencao-para-doencas-que-afetam-a-visao\/#listItem","position":3,"name":"Dia da Sa\u00fade Ocular chama aten\u00e7\u00e3o para doen\u00e7as que afetam a vis\u00e3o","previousItem":{"@type":"ListItem","@id":"https:\/\/ejornais.com.br\/index.php\/category\/ejornais\/#listItem","name":"Cat\u00e1logo de Jornais"}}]},{"@type":"Organization","@id":"https:\/\/ejornais.com.br\/#organization","name":"eJornais","description":"Cat\u00e1logo de Jornais no mundo, Not\u00edcias, Blog e Esportes ao vivo","url":"https:\/\/ejornais.com.br\/"},{"@type":"Person","@id":"https:\/\/ejornais.com.br\/index.php\/author\/admin1\/#author","url":"https:\/\/ejornais.com.br\/index.php\/author\/admin1\/","name":"admin1","image":{"@type":"ImageObject","@id":"https:\/\/ejornais.com.br\/index.php\/2026\/07\/10\/dia-da-saude-ocular-chama-atencao-para-doencas-que-afetam-a-visao\/#authorImage","url":"https:\/\/secure.gravatar.com\/avatar\/04084e6d73c042b8646e7c17b494073bf0ede3ea13c7105cfc45cbbbc28385a4?s=96&d=mm&r=g","width":96,"height":96,"caption":"admin1"}},{"@type":"WebPage","@id":"https:\/\/ejornais.com.br\/index.php\/2026\/07\/10\/dia-da-saude-ocular-chama-atencao-para-doencas-que-afetam-a-visao\/#webpage","url":"https:\/\/ejornais.com.br\/index.php\/2026\/07\/10\/dia-da-saude-ocular-chama-atencao-para-doencas-que-afetam-a-visao\/","name":"Dia da Sa\u00fade Ocular chama aten\u00e7\u00e3o para doen\u00e7as que afetam a vis\u00e3o - eJornais","description":"Por MRNews Nesta sexta-feira \u00e9 celebrado o Dia Mundial da Sa\u00fade Ocular, campanha institu\u00edda pela Organiza\u00e7\u00e3o Mundial da Sa\u00fade (OMS) sobre a preven\u00e7\u00e3o e o tratamento de doen\u00e7as que afetam a vis\u00e3o. No Brasil, conforme o \u00faltimo censo demogr\u00e1fico do IBGE, quase 8 milh\u00f5es de brasileiros declaram ter cegueira total ou severa dificuldade de enxergar,","inLanguage":"pt-BR","isPartOf":{"@id":"https:\/\/ejornais.com.br\/#website"},"breadcrumb":{"@id":"https:\/\/ejornais.com.br\/index.php\/2026\/07\/10\/dia-da-saude-ocular-chama-atencao-para-doencas-que-afetam-a-visao\/#breadcrumblist"},"author":{"@id":"https:\/\/ejornais.com.br\/index.php\/author\/admin1\/#author"},"creator":{"@id":"https:\/\/ejornais.com.br\/index.php\/author\/admin1\/#author"},"datePublished":"2026-07-10T11:58:29-03:00","dateModified":"2026-07-10T11:58:29-03:00"},{"@type":"WebSite","@id":"https:\/\/ejornais.com.br\/#website","url":"https:\/\/ejornais.com.br\/","name":"eJornais","description":"Cat\u00e1logo de Jornais no mundo, Not\u00edcias, Blog e Esportes ao vivo","inLanguage":"pt-BR","publisher":{"@id":"https:\/\/ejornais.com.br\/#organization"}}]},"og:locale":"pt_BR","og:site_name":"eJornais - Cat\u00e1logo de Jornais no mundo, Not\u00edcias, Blog e Esportes ao vivo","og:type":"article","og:title":"Dia da Sa\u00fade Ocular chama aten\u00e7\u00e3o para doen\u00e7as que afetam a vis\u00e3o - eJornais","og:description":"Por MRNews Nesta sexta-feira \u00e9 celebrado o Dia Mundial da Sa\u00fade Ocular, campanha institu\u00edda pela Organiza\u00e7\u00e3o Mundial da Sa\u00fade (OMS) sobre a preven\u00e7\u00e3o e o tratamento de doen\u00e7as que afetam a vis\u00e3o. No Brasil, conforme o \u00faltimo censo demogr\u00e1fico do IBGE, quase 8 milh\u00f5es de brasileiros declaram ter cegueira total ou severa dificuldade de enxergar,","og:url":"https:\/\/ejornais.com.br\/index.php\/2026\/07\/10\/dia-da-saude-ocular-chama-atencao-para-doencas-que-afetam-a-visao\/","article:published_time":"2026-07-10T14:58:29+00:00","article:modified_time":"2026-07-10T14:58:29+00:00","twitter:card":"summary_large_image","twitter:title":"Dia da Sa\u00fade Ocular chama aten\u00e7\u00e3o para doen\u00e7as que afetam a vis\u00e3o - eJornais","twitter:description":"Por MRNews Nesta sexta-feira \u00e9 celebrado o Dia Mundial da Sa\u00fade Ocular, campanha institu\u00edda pela Organiza\u00e7\u00e3o Mundial da Sa\u00fade (OMS) sobre a preven\u00e7\u00e3o e o tratamento de doen\u00e7as que afetam a vis\u00e3o. No Brasil, conforme o \u00faltimo censo demogr\u00e1fico do IBGE, quase 8 milh\u00f5es de brasileiros declaram ter cegueira total ou severa dificuldade de enxergar,"},"aioseo_meta_data":{"post_id":"68929","title":null,"description":null,"keywords":null,"keyphrases":null,"primary_term":null,"canonical_url":null,"og_title":null,"og_description":null,"og_object_type":"default","og_image_type":"default","og_image_url":null,"og_image_width":null,"og_image_height":null,"og_image_custom_url":null,"og_image_custom_fields":null,"og_video":null,"og_custom_url":null,"og_article_section":null,"og_article_tags":null,"twitter_use_og":false,"twitter_card":"default","twitter_image_type":"default","twitter_image_url":null,"twitter_image_custom_url":null,"twitter_image_custom_fields":null,"twitter_title":null,"twitter_description":null,"schema":{"blockGraphs":[],"customGraphs":[],"default":{"data":{"Article":[],"Course":[],"Dataset":[],"FAQPage":[],"Movie":[],"Person":[],"Product":[],"ProductReview":[],"Car":[],"Recipe":[],"Service":[],"SoftwareApplication":[],"WebPage":[]},"graphName":"","isEnabled":true},"graphs":[]},"schema_type":"default","schema_type_options":null,"pillar_content":false,"robots_default":true,"robots_noindex":false,"robots_noarchive":false,"robots_nosnippet":false,"robots_nofollow":false,"robots_noimageindex":false,"robots_noodp":false,"robots_notranslate":false,"robots_max_snippet":null,"robots_max_videopreview":null,"robots_max_imagepreview":"large","priority":null,"frequency":null,"local_seo":null,"breadcrumb_settings":null,"limit_modified_date":false,"ai":null,"created":"2026-07-11 15:57:15","updated":"2026-07-11 15:57:15","seo_analyzer_scan_date":null,"focus_keyword":null,"additional_keywords":null,"truseo_locale":null},"aioseo_breadcrumb":"<div class=\"aioseo-breadcrumbs\"><span class=\"aioseo-breadcrumb\">\n\t\t\t<a href=\"https:\/\/ejornais.com.br\" title=\"In\u00edcio\">In\u00edcio<\/a>\n\t\t<\/span><span class=\"aioseo-breadcrumb-separator\">&raquo;<\/span><span class=\"aioseo-breadcrumb\">\n\t\t\t<a href=\"https:\/\/ejornais.com.br\/index.php\/category\/ejornais\/\" title=\"Cat\u00e1logo de Jornais\">Cat\u00e1logo de Jornais<\/a>\n\t\t<\/span><span class=\"aioseo-breadcrumb-separator\">&raquo;<\/span><span class=\"aioseo-breadcrumb\">\n\t\t\tDia da Sa\u00fade Ocular chama aten\u00e7\u00e3o para doen\u00e7as que afetam a vis\u00e3o\n\t\t<\/span><\/div>","aioseo_breadcrumb_json":[{"label":"In\u00edcio","link":"https:\/\/ejornais.com.br"},{"label":"Cat\u00e1logo de Jornais","link":"https:\/\/ejornais.com.br\/index.php\/category\/ejornais\/"},{"label":"Dia da Sa\u00fade Ocular chama aten\u00e7\u00e3o para doen\u00e7as que afetam a vis\u00e3o","link":"https:\/\/ejornais.com.br\/index.php\/2026\/07\/10\/dia-da-saude-ocular-chama-atencao-para-doencas-que-afetam-a-visao\/"}],"amp_enabled":true,"_links":{"self":[{"href":"https:\/\/ejornais.com.br\/index.php\/wp-json\/wp\/v2\/posts\/68929","targetHints":{"allow":["GET"]}}],"collection":[{"href":"https:\/\/ejornais.com.br\/index.php\/wp-json\/wp\/v2\/posts"}],"about":[{"href":"https:\/\/ejornais.com.br\/index.php\/wp-json\/wp\/v2\/types\/post"}],"author":[{"embeddable":true,"href":"https:\/\/ejornais.com.br\/index.php\/wp-json\/wp\/v2\/users\/2"}],"replies":[{"embeddable":true,"href":"https:\/\/ejornais.com.br\/index.php\/wp-json\/wp\/v2\/comments?post=68929"}],"version-history":[{"count":0,"href":"https:\/\/ejornais.com.br\/index.php\/wp-json\/wp\/v2\/posts\/68929\/revisions"}],"wp:attachment":[{"href":"https:\/\/ejornais.com.br\/index.php\/wp-json\/wp\/v2\/media?parent=68929"}],"wp:term":[{"taxonomy":"category","embeddable":true,"href":"https:\/\/ejornais.com.br\/index.php\/wp-json\/wp\/v2\/categories?post=68929"},{"taxonomy":"post_tag","embeddable":true,"href":"https:\/\/ejornais.com.br\/index.php\/wp-json\/wp\/v2\/tags?post=68929"}],"curies":[{"name":"wp","href":"https:\/\/api.w.org\/{rel}","templated":true}]}}