{"id":69000,"date":"2026-07-12T11:12:34","date_gmt":"2026-07-12T14:12:34","guid":{"rendered":"https:\/\/ejornais.com.br\/index.php\/2026\/07\/12\/centro-pop-faz-campanha-para-arrecadar-lencois-cobertores-e-roupas-de-frio-para-pessoas-em-situacao-de-rua\/"},"modified":"2026-07-12T11:12:34","modified_gmt":"2026-07-12T14:12:34","slug":"centro-pop-faz-campanha-para-arrecadar-lencois-cobertores-e-roupas-de-frio-para-pessoas-em-situacao-de-rua","status":"publish","type":"post","link":"https:\/\/ejornais.com.br\/index.php\/2026\/07\/12\/centro-pop-faz-campanha-para-arrecadar-lencois-cobertores-e-roupas-de-frio-para-pessoas-em-situacao-de-rua\/","title":{"rendered":"Centro Pop faz campanha para arrecadar len\u00e7\u00f3is, cobertores e roupas de frio para pessoas em situa\u00e7\u00e3o de rua"},"content":{"rendered":"<p><\/p>\n<div>\n<p>Com a chegada do per\u00edodo de chuvas e a queda das temperaturas na Capital, a Prefeitura de Jo\u00e3o Pessoa, por meio da Secretaria de Direitos Humanos e Cidadania (Sedhuc), est\u00e1 realizando a Campanha dos Len\u00e7\u00f3is e Cobertores, uma iniciativa solid\u00e1ria que busca arrecadar itens para aquecer e oferecer mais dignidade \u00e0s pessoas em situa\u00e7\u00e3o de rua atendidas pelo Centro de Refer\u00eancia Especializado para Popula\u00e7\u00e3o em Situa\u00e7\u00e3o de Rua (Centro Pop).<\/p>\n<figure class=\"wp-block-gallery has-nested-images columns-default is-cropped wp-block-gallery-1 is-layout-flex wp-block-gallery-is-layout-flex\">\n<figure class=\"wp-block-image size-large\"><\/figure>\n<\/figure>\n<p>A campanha recebe doa\u00e7\u00f5es de len\u00e7\u00f3is, cobertores, mantas e roupas de frio em bom estado, que podem ser entregues diretamente na sede do Centro Pop, localizada na Rua Treze de Maio, n\u00famero 508 \u2013 Centro, durante o hor\u00e1rio de funcionamento da unidade, das 8h \u00e0s 17h. A mobiliza\u00e7\u00e3o n\u00e3o tem prazo para encerramento, mas a orienta\u00e7\u00e3o \u00e9 que as doa\u00e7\u00f5es sejam realizadas, principalmente, durante o per\u00edodo chuvoso, quando as necessidades desse p\u00fablico se tornam ainda maiores.<\/p>\n<p>A secret\u00e1ria de Direitos Humanos e Cidadania, K\u00e9ssia Liliana, refor\u00e7ou que a campanha faz parte do compromisso da gest\u00e3o municipal com a prote\u00e7\u00e3o das pessoas em situa\u00e7\u00e3o de vulnerabilidade social. \u201cA Prefeitura de Jo\u00e3o Pessoa trabalha diariamente para garantir acolhimento, dignidade e acesso aos direitos das pessoas em situa\u00e7\u00e3o de rua. Neste per\u00edodo de chuvas, ampliamos esse cuidado por meio da solidariedade da popula\u00e7\u00e3o. Cada doa\u00e7\u00e3o representa prote\u00e7\u00e3o, respeito e esperan\u00e7a para quem enfrenta tantas dificuldades. Convidamos toda a sociedade a participar dessa corrente do bem e a somar esfor\u00e7os conosco na constru\u00e7\u00e3o de uma cidade cada vez mais humana e acolhedora\u201d, falou.<\/p>\n<p>A coordenadora do Centro Pop, Djailma Costa, destacou que a campanha vai al\u00e9m da arrecada\u00e7\u00e3o de materiais e representa um convite \u00e0 solidariedade. \u201cCom a chegada das chuvas, as noites se tornam ainda mais dif\u00edceis para quem vive em situa\u00e7\u00e3o de rua. Pensando nessas pessoas que atendemos diariamente, lan\u00e7amos a Campanha dos Len\u00e7\u00f3is e Cobertores. Mais do que arrecadar doa\u00e7\u00f5es, queremos despertar a solidariedade e lembrar que pequenos gestos podem transformar vidas. Um len\u00e7ol ou um cobertor pode significar uma noite menos fria, mais conforto e, acima de tudo, a certeza de que algu\u00e9m se importa. Convidamos toda a popula\u00e7\u00e3o de Jo\u00e3o Pessoa a fazer parte dessa corrente do bem. Sua contribui\u00e7\u00e3o far\u00e1 uma grande diferen\u00e7a para quem mais precisa\u201d, explicou.<\/p>\n<p><strong>Assist\u00eancia social \u2013<\/strong> O Centro Pop realiza diariamente atendimento especializado \u00e0s pessoas em situa\u00e7\u00e3o de rua, oferecendo acompanhamento t\u00e9cnico, encaminhamento para a rede de assist\u00eancia social, acesso \u00e0 documenta\u00e7\u00e3o, alimenta\u00e7\u00e3o, higiene pessoal e outros servi\u00e7os voltados \u00e0 garantia de direitos e \u00e0 reconstru\u00e7\u00e3o de v\u00ednculos familiares e sociais.<\/p>\n<p>A coordenadora do servi\u00e7o refor\u00e7a que qualquer pessoa pode contribuir com a campanha, fortalecendo a rede de solidariedade da cidade e proporcionando mais conforto e dignidade \u00e0s pessoas que enfrentam o per\u00edodo de chuvas sem um lar.<\/p>\n<\/p><\/div>\n","protected":false},"excerpt":{"rendered":"<p>Com a chegada do per\u00edodo de chuvas e a queda das temperaturas na Capital, a Prefeitura de Jo\u00e3o Pessoa, por<\/p>\n","protected":false},"author":2,"featured_media":0,"comment_status":"","ping_status":"","sticky":false,"template":"","format":"standard","meta":{"colormag_page_container_layout":"default_layout","colormag_page_sidebar_layout":"default_layout","footnotes":""},"categories":[1],"tags":[],"class_list":["post-69000","post","type-post","status-publish","format-standard","hentry","category-ejornais"],"aioseo_notices":[],"aioseo_head":"\n\t\t<!-- All in One SEO 5.0.1.1 - aioseo.com -->\n\t<meta name=\"description\" content=\"Com a chegada do per\u00edodo de chuvas e a queda das temperaturas na Capital, a Prefeitura de Jo\u00e3o Pessoa, por meio da Secretaria de Direitos Humanos e Cidadania (Sedhuc), est\u00e1 realizando a Campanha dos Len\u00e7\u00f3is e Cobertores, uma iniciativa solid\u00e1ria que busca arrecadar itens para aquecer e oferecer mais dignidade \u00e0s pessoas em situa\u00e7\u00e3o de\" \/>\n\t<meta name=\"robots\" content=\"max-image-preview:large\" \/>\n\t<meta name=\"author\" content=\"admin1\"\/>\n\t<link rel=\"canonical\" href=\"https:\/\/ejornais.com.br\/index.php\/2026\/07\/12\/centro-pop-faz-campanha-para-arrecadar-lencois-cobertores-e-roupas-de-frio-para-pessoas-em-situacao-de-rua\/\" \/>\n\t<meta name=\"generator\" content=\"All in One SEO (AIOSEO) 5.0.1.1\" \/>\n\t\t<meta property=\"og:locale\" content=\"pt_BR\" \/>\n\t\t<meta property=\"og:site_name\" content=\"eJornais - Cat\u00e1logo de Jornais no mundo, Not\u00edcias, Blog e Esportes ao vivo\" \/>\n\t\t<meta property=\"og:type\" content=\"article\" \/>\n\t\t<meta property=\"og:title\" content=\"Centro Pop faz campanha para arrecadar len\u00e7\u00f3is, cobertores e roupas de frio para pessoas em situa\u00e7\u00e3o de rua - eJornais\" \/>\n\t\t<meta property=\"og:description\" content=\"Com a chegada do per\u00edodo de chuvas e a queda das temperaturas na Capital, a Prefeitura de Jo\u00e3o Pessoa, por meio da Secretaria de Direitos Humanos e Cidadania (Sedhuc), est\u00e1 realizando a Campanha dos Len\u00e7\u00f3is e Cobertores, uma iniciativa solid\u00e1ria que busca arrecadar itens para aquecer e oferecer mais dignidade \u00e0s pessoas em situa\u00e7\u00e3o de\" \/>\n\t\t<meta property=\"og:url\" content=\"https:\/\/ejornais.com.br\/index.php\/2026\/07\/12\/centro-pop-faz-campanha-para-arrecadar-lencois-cobertores-e-roupas-de-frio-para-pessoas-em-situacao-de-rua\/\" \/>\n\t\t<meta property=\"article:published_time\" content=\"2026-07-12T14:12:34+00:00\" \/>\n\t\t<meta property=\"article:modified_time\" content=\"2026-07-12T14:12:34+00:00\" \/>\n\t\t<meta name=\"twitter:card\" content=\"summary_large_image\" \/>\n\t\t<meta name=\"twitter:title\" content=\"Centro Pop faz campanha para arrecadar len\u00e7\u00f3is, cobertores e roupas de frio para pessoas em situa\u00e7\u00e3o de rua - eJornais\" \/>\n\t\t<meta name=\"twitter:description\" content=\"Com a chegada do per\u00edodo de chuvas e a queda das temperaturas na Capital, a Prefeitura de Jo\u00e3o Pessoa, por meio da Secretaria de Direitos Humanos e Cidadania (Sedhuc), est\u00e1 realizando a Campanha dos Len\u00e7\u00f3is e Cobertores, uma iniciativa solid\u00e1ria que busca arrecadar itens para aquecer e oferecer mais dignidade \u00e0s pessoas em situa\u00e7\u00e3o de\" \/>\n\t\t<script type=\"application\/ld+json\" class=\"aioseo-schema\">\n\t\t\t{\"@context\":\"https:\\\/\\\/schema.org\",\"@graph\":[{\"@type\":\"BlogPosting\",\"@id\":\"https:\\\/\\\/ejornais.com.br\\\/index.php\\\/2026\\\/07\\\/12\\\/centro-pop-faz-campanha-para-arrecadar-lencois-cobertores-e-roupas-de-frio-para-pessoas-em-situacao-de-rua\\\/#blogposting\",\"name\":\"Centro Pop faz campanha para arrecadar len\\u00e7\\u00f3is, cobertores e roupas de frio para pessoas em situa\\u00e7\\u00e3o de rua - eJornais\",\"headline\":\"Centro Pop faz campanha para arrecadar len\\u00e7\\u00f3is, cobertores e roupas de frio para pessoas em situa\\u00e7\\u00e3o de rua\",\"author\":{\"@id\":\"https:\\\/\\\/ejornais.com.br\\\/index.php\\\/author\\\/admin1\\\/#author\"},\"publisher\":{\"@id\":\"https:\\\/\\\/ejornais.com.br\\\/#organization\"},\"datePublished\":\"2026-07-12T11:12:34-03:00\",\"dateModified\":\"2026-07-12T11:12:34-03:00\",\"inLanguage\":\"pt-BR\",\"mainEntityOfPage\":{\"@id\":\"https:\\\/\\\/ejornais.com.br\\\/index.php\\\/2026\\\/07\\\/12\\\/centro-pop-faz-campanha-para-arrecadar-lencois-cobertores-e-roupas-de-frio-para-pessoas-em-situacao-de-rua\\\/#webpage\"},\"isPartOf\":{\"@id\":\"https:\\\/\\\/ejornais.com.br\\\/index.php\\\/2026\\\/07\\\/12\\\/centro-pop-faz-campanha-para-arrecadar-lencois-cobertores-e-roupas-de-frio-para-pessoas-em-situacao-de-rua\\\/#webpage\"},\"articleSection\":\"Cat\\u00e1logo de Jornais\"},{\"@type\":\"BreadcrumbList\",\"@id\":\"https:\\\/\\\/ejornais.com.br\\\/index.php\\\/2026\\\/07\\\/12\\\/centro-pop-faz-campanha-para-arrecadar-lencois-cobertores-e-roupas-de-frio-para-pessoas-em-situacao-de-rua\\\/#breadcrumblist\",\"itemListElement\":[{\"@type\":\"ListItem\",\"@id\":\"https:\\\/\\\/ejornais.com.br#listItem\",\"position\":1,\"name\":\"In\\u00edcio\",\"item\":\"https:\\\/\\\/ejornais.com.br\",\"nextItem\":{\"@type\":\"ListItem\",\"@id\":\"https:\\\/\\\/ejornais.com.br\\\/index.php\\\/category\\\/ejornais\\\/#listItem\",\"name\":\"Cat\\u00e1logo de Jornais\"}},{\"@type\":\"ListItem\",\"@id\":\"https:\\\/\\\/ejornais.com.br\\\/index.php\\\/category\\\/ejornais\\\/#listItem\",\"position\":2,\"name\":\"Cat\\u00e1logo de Jornais\",\"item\":\"https:\\\/\\\/ejornais.com.br\\\/index.php\\\/category\\\/ejornais\\\/\",\"nextItem\":{\"@type\":\"ListItem\",\"@id\":\"https:\\\/\\\/ejornais.com.br\\\/index.php\\\/2026\\\/07\\\/12\\\/centro-pop-faz-campanha-para-arrecadar-lencois-cobertores-e-roupas-de-frio-para-pessoas-em-situacao-de-rua\\\/#listItem\",\"name\":\"Centro Pop faz campanha para arrecadar len\\u00e7\\u00f3is, cobertores e roupas de frio para pessoas em situa\\u00e7\\u00e3o de rua\"},\"previousItem\":{\"@type\":\"ListItem\",\"@id\":\"https:\\\/\\\/ejornais.com.br#listItem\",\"name\":\"In\\u00edcio\"}},{\"@type\":\"ListItem\",\"@id\":\"https:\\\/\\\/ejornais.com.br\\\/index.php\\\/2026\\\/07\\\/12\\\/centro-pop-faz-campanha-para-arrecadar-lencois-cobertores-e-roupas-de-frio-para-pessoas-em-situacao-de-rua\\\/#listItem\",\"position\":3,\"name\":\"Centro Pop faz campanha para arrecadar len\\u00e7\\u00f3is, cobertores e roupas de frio para pessoas em situa\\u00e7\\u00e3o de rua\",\"previousItem\":{\"@type\":\"ListItem\",\"@id\":\"https:\\\/\\\/ejornais.com.br\\\/index.php\\\/category\\\/ejornais\\\/#listItem\",\"name\":\"Cat\\u00e1logo de Jornais\"}}]},{\"@type\":\"Organization\",\"@id\":\"https:\\\/\\\/ejornais.com.br\\\/#organization\",\"name\":\"eJornais\",\"description\":\"Cat\\u00e1logo de Jornais no mundo, Not\\u00edcias, Blog e Esportes ao vivo\",\"url\":\"https:\\\/\\\/ejornais.com.br\\\/\"},{\"@type\":\"Person\",\"@id\":\"https:\\\/\\\/ejornais.com.br\\\/index.php\\\/author\\\/admin1\\\/#author\",\"url\":\"https:\\\/\\\/ejornais.com.br\\\/index.php\\\/author\\\/admin1\\\/\",\"name\":\"admin1\",\"image\":{\"@type\":\"ImageObject\",\"@id\":\"https:\\\/\\\/ejornais.com.br\\\/index.php\\\/2026\\\/07\\\/12\\\/centro-pop-faz-campanha-para-arrecadar-lencois-cobertores-e-roupas-de-frio-para-pessoas-em-situacao-de-rua\\\/#authorImage\",\"url\":\"https:\\\/\\\/secure.gravatar.com\\\/avatar\\\/04084e6d73c042b8646e7c17b494073bf0ede3ea13c7105cfc45cbbbc28385a4?s=96&d=mm&r=g\",\"width\":96,\"height\":96,\"caption\":\"admin1\"}},{\"@type\":\"WebPage\",\"@id\":\"https:\\\/\\\/ejornais.com.br\\\/index.php\\\/2026\\\/07\\\/12\\\/centro-pop-faz-campanha-para-arrecadar-lencois-cobertores-e-roupas-de-frio-para-pessoas-em-situacao-de-rua\\\/#webpage\",\"url\":\"https:\\\/\\\/ejornais.com.br\\\/index.php\\\/2026\\\/07\\\/12\\\/centro-pop-faz-campanha-para-arrecadar-lencois-cobertores-e-roupas-de-frio-para-pessoas-em-situacao-de-rua\\\/\",\"name\":\"Centro Pop faz campanha para arrecadar len\\u00e7\\u00f3is, cobertores e roupas de frio para pessoas em situa\\u00e7\\u00e3o de rua - eJornais\",\"description\":\"Com a chegada do per\\u00edodo de chuvas e a queda das temperaturas na Capital, a Prefeitura de Jo\\u00e3o Pessoa, por meio da Secretaria de Direitos Humanos e Cidadania (Sedhuc), est\\u00e1 realizando a Campanha dos Len\\u00e7\\u00f3is e Cobertores, uma iniciativa solid\\u00e1ria que busca arrecadar itens para aquecer e oferecer mais dignidade \\u00e0s pessoas em situa\\u00e7\\u00e3o de\",\"inLanguage\":\"pt-BR\",\"isPartOf\":{\"@id\":\"https:\\\/\\\/ejornais.com.br\\\/#website\"},\"breadcrumb\":{\"@id\":\"https:\\\/\\\/ejornais.com.br\\\/index.php\\\/2026\\\/07\\\/12\\\/centro-pop-faz-campanha-para-arrecadar-lencois-cobertores-e-roupas-de-frio-para-pessoas-em-situacao-de-rua\\\/#breadcrumblist\"},\"author\":{\"@id\":\"https:\\\/\\\/ejornais.com.br\\\/index.php\\\/author\\\/admin1\\\/#author\"},\"creator\":{\"@id\":\"https:\\\/\\\/ejornais.com.br\\\/index.php\\\/author\\\/admin1\\\/#author\"},\"datePublished\":\"2026-07-12T11:12:34-03:00\",\"dateModified\":\"2026-07-12T11:12:34-03:00\"},{\"@type\":\"WebSite\",\"@id\":\"https:\\\/\\\/ejornais.com.br\\\/#website\",\"url\":\"https:\\\/\\\/ejornais.com.br\\\/\",\"name\":\"eJornais\",\"description\":\"Cat\\u00e1logo de Jornais no mundo, Not\\u00edcias, Blog e Esportes ao vivo\",\"inLanguage\":\"pt-BR\",\"publisher\":{\"@id\":\"https:\\\/\\\/ejornais.com.br\\\/#organization\"}}]}\n\t\t<\/script>\n\t\t<!-- All in One SEO -->\n\n","aioseo_head_json":{"title":"Centro Pop faz campanha para arrecadar len\u00e7\u00f3is, cobertores e roupas de frio para pessoas em situa\u00e7\u00e3o de rua - eJornais","description":"Com a chegada do per\u00edodo de chuvas e a queda das temperaturas na Capital, a Prefeitura de Jo\u00e3o Pessoa, por meio da Secretaria de Direitos Humanos e Cidadania (Sedhuc), est\u00e1 realizando a Campanha dos Len\u00e7\u00f3is e Cobertores, uma iniciativa solid\u00e1ria que busca arrecadar itens para aquecer e oferecer mais dignidade \u00e0s pessoas em situa\u00e7\u00e3o de","canonical_url":"https:\/\/ejornais.com.br\/index.php\/2026\/07\/12\/centro-pop-faz-campanha-para-arrecadar-lencois-cobertores-e-roupas-de-frio-para-pessoas-em-situacao-de-rua\/","robots":"max-image-preview:large","keywords":"","webmasterTools":{"miscellaneous":""},"schema":{"@context":"https:\/\/schema.org","@graph":[{"@type":"BlogPosting","@id":"https:\/\/ejornais.com.br\/index.php\/2026\/07\/12\/centro-pop-faz-campanha-para-arrecadar-lencois-cobertores-e-roupas-de-frio-para-pessoas-em-situacao-de-rua\/#blogposting","name":"Centro Pop faz campanha para arrecadar len\u00e7\u00f3is, cobertores e roupas de frio para pessoas em situa\u00e7\u00e3o de rua - eJornais","headline":"Centro Pop faz campanha para arrecadar len\u00e7\u00f3is, cobertores e roupas de frio para pessoas em situa\u00e7\u00e3o de rua","author":{"@id":"https:\/\/ejornais.com.br\/index.php\/author\/admin1\/#author"},"publisher":{"@id":"https:\/\/ejornais.com.br\/#organization"},"datePublished":"2026-07-12T11:12:34-03:00","dateModified":"2026-07-12T11:12:34-03:00","inLanguage":"pt-BR","mainEntityOfPage":{"@id":"https:\/\/ejornais.com.br\/index.php\/2026\/07\/12\/centro-pop-faz-campanha-para-arrecadar-lencois-cobertores-e-roupas-de-frio-para-pessoas-em-situacao-de-rua\/#webpage"},"isPartOf":{"@id":"https:\/\/ejornais.com.br\/index.php\/2026\/07\/12\/centro-pop-faz-campanha-para-arrecadar-lencois-cobertores-e-roupas-de-frio-para-pessoas-em-situacao-de-rua\/#webpage"},"articleSection":"Cat\u00e1logo de Jornais"},{"@type":"BreadcrumbList","@id":"https:\/\/ejornais.com.br\/index.php\/2026\/07\/12\/centro-pop-faz-campanha-para-arrecadar-lencois-cobertores-e-roupas-de-frio-para-pessoas-em-situacao-de-rua\/#breadcrumblist","itemListElement":[{"@type":"ListItem","@id":"https:\/\/ejornais.com.br#listItem","position":1,"name":"In\u00edcio","item":"https:\/\/ejornais.com.br","nextItem":{"@type":"ListItem","@id":"https:\/\/ejornais.com.br\/index.php\/category\/ejornais\/#listItem","name":"Cat\u00e1logo de Jornais"}},{"@type":"ListItem","@id":"https:\/\/ejornais.com.br\/index.php\/category\/ejornais\/#listItem","position":2,"name":"Cat\u00e1logo de Jornais","item":"https:\/\/ejornais.com.br\/index.php\/category\/ejornais\/","nextItem":{"@type":"ListItem","@id":"https:\/\/ejornais.com.br\/index.php\/2026\/07\/12\/centro-pop-faz-campanha-para-arrecadar-lencois-cobertores-e-roupas-de-frio-para-pessoas-em-situacao-de-rua\/#listItem","name":"Centro Pop faz campanha para arrecadar len\u00e7\u00f3is, cobertores e roupas de frio para pessoas em situa\u00e7\u00e3o de rua"},"previousItem":{"@type":"ListItem","@id":"https:\/\/ejornais.com.br#listItem","name":"In\u00edcio"}},{"@type":"ListItem","@id":"https:\/\/ejornais.com.br\/index.php\/2026\/07\/12\/centro-pop-faz-campanha-para-arrecadar-lencois-cobertores-e-roupas-de-frio-para-pessoas-em-situacao-de-rua\/#listItem","position":3,"name":"Centro Pop faz campanha para arrecadar len\u00e7\u00f3is, cobertores e roupas de frio para pessoas em situa\u00e7\u00e3o de rua","previousItem":{"@type":"ListItem","@id":"https:\/\/ejornais.com.br\/index.php\/category\/ejornais\/#listItem","name":"Cat\u00e1logo de Jornais"}}]},{"@type":"Organization","@id":"https:\/\/ejornais.com.br\/#organization","name":"eJornais","description":"Cat\u00e1logo de Jornais no mundo, Not\u00edcias, Blog e Esportes ao vivo","url":"https:\/\/ejornais.com.br\/"},{"@type":"Person","@id":"https:\/\/ejornais.com.br\/index.php\/author\/admin1\/#author","url":"https:\/\/ejornais.com.br\/index.php\/author\/admin1\/","name":"admin1","image":{"@type":"ImageObject","@id":"https:\/\/ejornais.com.br\/index.php\/2026\/07\/12\/centro-pop-faz-campanha-para-arrecadar-lencois-cobertores-e-roupas-de-frio-para-pessoas-em-situacao-de-rua\/#authorImage","url":"https:\/\/secure.gravatar.com\/avatar\/04084e6d73c042b8646e7c17b494073bf0ede3ea13c7105cfc45cbbbc28385a4?s=96&d=mm&r=g","width":96,"height":96,"caption":"admin1"}},{"@type":"WebPage","@id":"https:\/\/ejornais.com.br\/index.php\/2026\/07\/12\/centro-pop-faz-campanha-para-arrecadar-lencois-cobertores-e-roupas-de-frio-para-pessoas-em-situacao-de-rua\/#webpage","url":"https:\/\/ejornais.com.br\/index.php\/2026\/07\/12\/centro-pop-faz-campanha-para-arrecadar-lencois-cobertores-e-roupas-de-frio-para-pessoas-em-situacao-de-rua\/","name":"Centro Pop faz campanha para arrecadar len\u00e7\u00f3is, cobertores e roupas de frio para pessoas em situa\u00e7\u00e3o de rua - eJornais","description":"Com a chegada do per\u00edodo de chuvas e a queda das temperaturas na Capital, a Prefeitura de Jo\u00e3o Pessoa, por meio da Secretaria de Direitos Humanos e Cidadania (Sedhuc), est\u00e1 realizando a Campanha dos Len\u00e7\u00f3is e Cobertores, uma iniciativa solid\u00e1ria que busca arrecadar itens para aquecer e oferecer mais dignidade \u00e0s pessoas em situa\u00e7\u00e3o de","inLanguage":"pt-BR","isPartOf":{"@id":"https:\/\/ejornais.com.br\/#website"},"breadcrumb":{"@id":"https:\/\/ejornais.com.br\/index.php\/2026\/07\/12\/centro-pop-faz-campanha-para-arrecadar-lencois-cobertores-e-roupas-de-frio-para-pessoas-em-situacao-de-rua\/#breadcrumblist"},"author":{"@id":"https:\/\/ejornais.com.br\/index.php\/author\/admin1\/#author"},"creator":{"@id":"https:\/\/ejornais.com.br\/index.php\/author\/admin1\/#author"},"datePublished":"2026-07-12T11:12:34-03:00","dateModified":"2026-07-12T11:12:34-03:00"},{"@type":"WebSite","@id":"https:\/\/ejornais.com.br\/#website","url":"https:\/\/ejornais.com.br\/","name":"eJornais","description":"Cat\u00e1logo de Jornais no mundo, Not\u00edcias, Blog e Esportes ao vivo","inLanguage":"pt-BR","publisher":{"@id":"https:\/\/ejornais.com.br\/#organization"}}]},"og:locale":"pt_BR","og:site_name":"eJornais - Cat\u00e1logo de Jornais no mundo, Not\u00edcias, Blog e Esportes ao vivo","og:type":"article","og:title":"Centro Pop faz campanha para arrecadar len\u00e7\u00f3is, cobertores e roupas de frio para pessoas em situa\u00e7\u00e3o de rua - eJornais","og:description":"Com a chegada do per\u00edodo de chuvas e a queda das temperaturas na Capital, a Prefeitura de Jo\u00e3o Pessoa, por meio da Secretaria de Direitos Humanos e Cidadania (Sedhuc), est\u00e1 realizando a Campanha dos Len\u00e7\u00f3is e Cobertores, uma iniciativa solid\u00e1ria que busca arrecadar itens para aquecer e oferecer mais dignidade \u00e0s pessoas em situa\u00e7\u00e3o de","og:url":"https:\/\/ejornais.com.br\/index.php\/2026\/07\/12\/centro-pop-faz-campanha-para-arrecadar-lencois-cobertores-e-roupas-de-frio-para-pessoas-em-situacao-de-rua\/","article:published_time":"2026-07-12T14:12:34+00:00","article:modified_time":"2026-07-12T14:12:34+00:00","twitter:card":"summary_large_image","twitter:title":"Centro Pop faz campanha para arrecadar len\u00e7\u00f3is, cobertores e roupas de frio para pessoas em situa\u00e7\u00e3o de rua - eJornais","twitter:description":"Com a chegada do per\u00edodo de chuvas e a queda das temperaturas na Capital, a Prefeitura de Jo\u00e3o Pessoa, por meio da Secretaria de Direitos Humanos e Cidadania (Sedhuc), est\u00e1 realizando a Campanha dos Len\u00e7\u00f3is e Cobertores, uma iniciativa solid\u00e1ria que busca arrecadar itens para aquecer e oferecer mais dignidade \u00e0s pessoas em situa\u00e7\u00e3o de"},"aioseo_meta_data":{"post_id":"69000","title":null,"description":null,"keywords":null,"keyphrases":null,"primary_term":null,"canonical_url":null,"og_title":null,"og_description":null,"og_object_type":"default","og_image_type":"default","og_image_url":null,"og_image_width":null,"og_image_height":null,"og_image_custom_url":null,"og_image_custom_fields":null,"og_video":null,"og_custom_url":null,"og_article_section":null,"og_article_tags":null,"twitter_use_og":false,"twitter_card":"default","twitter_image_type":"default","twitter_image_url":null,"twitter_image_custom_url":null,"twitter_image_custom_fields":null,"twitter_title":null,"twitter_description":null,"schema":{"blockGraphs":[],"customGraphs":[],"default":{"data":{"Article":[],"Course":[],"Dataset":[],"FAQPage":[],"Movie":[],"Person":[],"Product":[],"ProductReview":[],"Car":[],"Recipe":[],"Service":[],"SoftwareApplication":[],"WebPage":[]},"graphName":"","isEnabled":true},"graphs":[]},"schema_type":"default","schema_type_options":null,"pillar_content":false,"robots_default":true,"robots_noindex":false,"robots_noarchive":false,"robots_nosnippet":false,"robots_nofollow":false,"robots_noimageindex":false,"robots_noodp":false,"robots_notranslate":false,"robots_max_snippet":null,"robots_max_videopreview":null,"robots_max_imagepreview":"large","priority":null,"frequency":null,"local_seo":null,"breadcrumb_settings":null,"limit_modified_date":false,"ai":null,"created":"2026-07-15 15:53:40","updated":"2026-07-15 15:53:40","seo_analyzer_scan_date":null,"focus_keyword":null,"additional_keywords":null,"truseo_locale":null},"aioseo_breadcrumb":"<div class=\"aioseo-breadcrumbs\"><span class=\"aioseo-breadcrumb\">\n\t\t\t<a href=\"https:\/\/ejornais.com.br\" title=\"In\u00edcio\">In\u00edcio<\/a>\n\t\t<\/span><span class=\"aioseo-breadcrumb-separator\">&raquo;<\/span><span class=\"aioseo-breadcrumb\">\n\t\t\t<a href=\"https:\/\/ejornais.com.br\/index.php\/category\/ejornais\/\" title=\"Cat\u00e1logo de Jornais\">Cat\u00e1logo de Jornais<\/a>\n\t\t<\/span><span class=\"aioseo-breadcrumb-separator\">&raquo;<\/span><span class=\"aioseo-breadcrumb\">\n\t\t\tCentro Pop faz campanha para arrecadar len\u00e7\u00f3is, cobertores e roupas de frio para pessoas em situa\u00e7\u00e3o de rua\n\t\t<\/span><\/div>","aioseo_breadcrumb_json":[{"label":"In\u00edcio","link":"https:\/\/ejornais.com.br"},{"label":"Cat\u00e1logo de Jornais","link":"https:\/\/ejornais.com.br\/index.php\/category\/ejornais\/"},{"label":"Centro Pop faz campanha para arrecadar len\u00e7\u00f3is, cobertores e roupas de frio para pessoas em situa\u00e7\u00e3o de rua","link":"https:\/\/ejornais.com.br\/index.php\/2026\/07\/12\/centro-pop-faz-campanha-para-arrecadar-lencois-cobertores-e-roupas-de-frio-para-pessoas-em-situacao-de-rua\/"}],"amp_enabled":true,"_links":{"self":[{"href":"https:\/\/ejornais.com.br\/index.php\/wp-json\/wp\/v2\/posts\/69000","targetHints":{"allow":["GET"]}}],"collection":[{"href":"https:\/\/ejornais.com.br\/index.php\/wp-json\/wp\/v2\/posts"}],"about":[{"href":"https:\/\/ejornais.com.br\/index.php\/wp-json\/wp\/v2\/types\/post"}],"author":[{"embeddable":true,"href":"https:\/\/ejornais.com.br\/index.php\/wp-json\/wp\/v2\/users\/2"}],"replies":[{"embeddable":true,"href":"https:\/\/ejornais.com.br\/index.php\/wp-json\/wp\/v2\/comments?post=69000"}],"version-history":[{"count":0,"href":"https:\/\/ejornais.com.br\/index.php\/wp-json\/wp\/v2\/posts\/69000\/revisions"}],"wp:attachment":[{"href":"https:\/\/ejornais.com.br\/index.php\/wp-json\/wp\/v2\/media?parent=69000"}],"wp:term":[{"taxonomy":"category","embeddable":true,"href":"https:\/\/ejornais.com.br\/index.php\/wp-json\/wp\/v2\/categories?post=69000"},{"taxonomy":"post_tag","embeddable":true,"href":"https:\/\/ejornais.com.br\/index.php\/wp-json\/wp\/v2\/tags?post=69000"}],"curies":[{"name":"wp","href":"https:\/\/api.w.org\/{rel}","templated":true}]}}